{"id":103627,"date":"2025-02-17T01:54:09","date_gmt":"2025-02-17T01:54:09","guid":{"rendered":"https:\/\/tvbrazilusa.com\/2025\/02\/17\/pec-do-andador-que-pode-elevar-a-80-anos-a-idade-de-aposentadoria-dos-ministros-do-stf-e-uma-realidade\/"},"modified":"2025-02-17T01:54:10","modified_gmt":"2025-02-17T01:54:10","slug":"pec-do-andador-que-pode-elevar-a-80-anos-a-idade-de-aposentadoria-dos-ministros-do-stf-e-uma-realidade","status":"publish","type":"post","link":"https:\/\/tvbrazilusa.com\/pt\/2025\/02\/17\/pec-do-andador-que-pode-elevar-a-80-anos-a-idade-de-aposentadoria-dos-ministros-do-stf-e-uma-realidade\/","title":{"rendered":"&#8216;PEC do Andador&#8217;, que pode elevar a 80 anos a idade de aposentadoria dos ministros do STF, \u00e9 uma realidade"},"content":{"rendered":"<p> <script async src=\"https:\/\/pagead2.googlesyndication.com\/pagead\/js\/adsbygoogle.js?client=ca-pub-8864793242727901\"\r\n     crossorigin=\"anonymous\"><\/script><br \/>\n<\/p>\n<div id=\"taboola-read-more\" style=\"display:block; width:100%\">\n<p>Em 2015, a chamada &#8220;PEC da Bengala&#8221; aumentou de 70 para 75 anos a idade de aposentadoria compuls\u00f3ria dos ministros do Supremo Tribunal Federal. Agora, uma nova PEC, se aprovada, aumentar\u00e1 de 75 para 80 anos a ida para a inatividade. J\u00e1 ganhou o apelido de \u201cPEC do Andador\u201d\n<\/p>\n<p>informa\u00e7\u00f5es o globo<\/p>\n<\/p><\/div>\n<p><br \/>\n<br \/><a href=\"https:\/\/diariodobrasilnoticias.com.br\/noticia\/-pec-do-andador-que-pode-elevar-a-80-anos-a-idade-de-aposentadoria-dos-ministros-do-stf-e-uma-realidade-67b26f27659ba\">Source link <\/a><\/p>","protected":false},"excerpt":{"rendered":"<p>Em 2015, a chamada &#8220;PEC da Bengala&#8221; aumentou de 70 para 75 anos a idade de aposentadoria compuls\u00f3ria dos ministros do Supremo Tribunal Federal. Agora, uma nova PEC, se aprovada,&hellip;<\/p>","protected":false},"author":1,"featured_media":103628,"comment_status":"closed","ping_status":"open","sticky":false,"template":"","format":"standard","meta":{"content-type":"","footnotes":""},"categories":[16],"tags":[123,2448,5313,1267],"class_list":["post-103627","post","type-post","status-publish","format-standard","has-post-thumbnail","hentry","category-noticias","tag-brasil","tag-diario","tag-noticia","tag-noticias"],"_links":{"self":[{"href":"https:\/\/tvbrazilusa.com\/pt\/wp-json\/wp\/v2\/posts\/103627","targetHints":{"allow":["GET"]}}],"collection":[{"href":"https:\/\/tvbrazilusa.com\/pt\/wp-json\/wp\/v2\/posts"}],"about":[{"href":"https:\/\/tvbrazilusa.com\/pt\/wp-json\/wp\/v2\/types\/post"}],"author":[{"embeddable":true,"href":"https:\/\/tvbrazilusa.com\/pt\/wp-json\/wp\/v2\/users\/1"}],"replies":[{"embeddable":true,"href":"https:\/\/tvbrazilusa.com\/pt\/wp-json\/wp\/v2\/comments?post=103627"}],"version-history":[{"count":1,"href":"https:\/\/tvbrazilusa.com\/pt\/wp-json\/wp\/v2\/posts\/103627\/revisions"}],"predecessor-version":[{"id":103629,"href":"https:\/\/tvbrazilusa.com\/pt\/wp-json\/wp\/v2\/posts\/103627\/revisions\/103629"}],"wp:featuredmedia":[{"embeddable":true,"href":"https:\/\/tvbrazilusa.com\/pt\/wp-json\/wp\/v2\/media\/103628"}],"wp:attachment":[{"href":"https:\/\/tvbrazilusa.com\/pt\/wp-json\/wp\/v2\/media?parent=103627"}],"wp:term":[{"taxonomy":"category","embeddable":true,"href":"https:\/\/tvbrazilusa.com\/pt\/wp-json\/wp\/v2\/categories?post=103627"},{"taxonomy":"post_tag","embeddable":true,"href":"https:\/\/tvbrazilusa.com\/pt\/wp-json\/wp\/v2\/tags?post=103627"}],"curies":[{"name":"wp","href":"https:\/\/api.w.org\/{rel}","templated":true}]}}