{"id":103636,"date":"2025-02-17T02:25:55","date_gmt":"2025-02-17T02:25:55","guid":{"rendered":"https:\/\/tvbrazilusa.com\/2025\/02\/17\/quaest-14-da-classe-baixa-se-identifica-com-direita-e-11-com-esquerda\/"},"modified":"2025-02-17T02:25:57","modified_gmt":"2025-02-17T02:25:57","slug":"quaest-14-da-classe-baixa-se-identifica-com-direita-e-11-com-esquerda","status":"publish","type":"post","link":"https:\/\/tvbrazilusa.com\/pt\/2025\/02\/17\/quaest-14-da-classe-baixa-se-identifica-com-direita-e-11-com-esquerda\/","title":{"rendered":"Quaest: 14% da classe baixa se identifica com direita e 11%, com esquerda"},"content":{"rendered":"<p> <script async src=\"https:\/\/pagead2.googlesyndication.com\/pagead\/js\/adsbygoogle.js?client=ca-pub-8864793242727901\"\r\n     crossorigin=\"anonymous\"><\/script><br \/>\n<\/p>\n<p>Entre a classe baixa da popula\u00e7\u00e3o brasileira, 14% se identifica como mais \u00e0 direita, sem se considerar bolsonarista, enquanto 11% se v\u00ea mais \u00e0 esquerda, sem se considerar lulista ou petista, segundo pesquisa Quaest divulgada neste domingo (16).\n<\/p>\n<div id=\"mid2\" data-google-query-id=\"CIGWxtesyYsDFTFfQQIdE7oSDg\">\n<p>O instituto sondou com qual grupo pol\u00edtico os entrevistados mais se identificam, tendo como possibilidade as seguintes op\u00e7\u00f5es: \u201cLulista\/Petista\u201d; \u201cN\u00e3o \u00e9 Lulista\/Petista, mas mais \u00e0 esquerda)\u201d; \u201cN\u00e3o tem posicionamento\u201d; \u201cN\u00e3o \u00e9 Bolsonarista, mas mais \u00e0 direita\u201d; \u201cBolsonarista\u201d e \u201cN\u00e3o sei\/N\u00e3o respondeu\u201d.<\/p>\n<p>O levantamento tem como base pesquisas nacionais domiciliares realizadas no ano passado, com amostras de 2 mil entrevistados. A margem de erro geral da sondagem \u00e9 de 2 pontos percentuais.\n<\/p>\n<p>O instituto classificou os respondentes em tr\u00eas classes (baixa, m\u00e9dia e alta) a partir da renda familiar mensal informada.\n<\/p>\n<p>No caso do grupo \u201cclasse baixa\u201d, a margem de erro \u00e9 de 4 pontos percentuais.\n<\/p>\n<p>Com informa\u00e7\u00f5es cnn Brasil\n<\/p>\n<\/div>\n<p><br \/>\n<br \/><a href=\"https:\/\/diariodobrasilnoticias.com.br\/noticia\/quaest-14-da-classe-baixa-se-identifica-com-direita-e-11-com-esquerda-67b275a110022\">Source link <\/a><\/p>","protected":false},"excerpt":{"rendered":"<p>Entre a classe baixa da popula\u00e7\u00e3o brasileira, 14% se identifica como mais \u00e0 direita, sem se considerar bolsonarista, enquanto 11% se v\u00ea mais \u00e0 esquerda, sem se considerar lulista ou&hellip;<\/p>","protected":false},"author":1,"featured_media":103637,"comment_status":"closed","ping_status":"open","sticky":false,"template":"","format":"standard","meta":{"content-type":"","footnotes":""},"categories":[16],"tags":[123,2448,5313,1267],"class_list":["post-103636","post","type-post","status-publish","format-standard","has-post-thumbnail","hentry","category-noticias","tag-brasil","tag-diario","tag-noticia","tag-noticias"],"_links":{"self":[{"href":"https:\/\/tvbrazilusa.com\/pt\/wp-json\/wp\/v2\/posts\/103636","targetHints":{"allow":["GET"]}}],"collection":[{"href":"https:\/\/tvbrazilusa.com\/pt\/wp-json\/wp\/v2\/posts"}],"about":[{"href":"https:\/\/tvbrazilusa.com\/pt\/wp-json\/wp\/v2\/types\/post"}],"author":[{"embeddable":true,"href":"https:\/\/tvbrazilusa.com\/pt\/wp-json\/wp\/v2\/users\/1"}],"replies":[{"embeddable":true,"href":"https:\/\/tvbrazilusa.com\/pt\/wp-json\/wp\/v2\/comments?post=103636"}],"version-history":[{"count":1,"href":"https:\/\/tvbrazilusa.com\/pt\/wp-json\/wp\/v2\/posts\/103636\/revisions"}],"predecessor-version":[{"id":103638,"href":"https:\/\/tvbrazilusa.com\/pt\/wp-json\/wp\/v2\/posts\/103636\/revisions\/103638"}],"wp:featuredmedia":[{"embeddable":true,"href":"https:\/\/tvbrazilusa.com\/pt\/wp-json\/wp\/v2\/media\/103637"}],"wp:attachment":[{"href":"https:\/\/tvbrazilusa.com\/pt\/wp-json\/wp\/v2\/media?parent=103636"}],"wp:term":[{"taxonomy":"category","embeddable":true,"href":"https:\/\/tvbrazilusa.com\/pt\/wp-json\/wp\/v2\/categories?post=103636"},{"taxonomy":"post_tag","embeddable":true,"href":"https:\/\/tvbrazilusa.com\/pt\/wp-json\/wp\/v2\/tags?post=103636"}],"curies":[{"name":"wp","href":"https:\/\/api.w.org\/{rel}","templated":true}]}}