{"id":103639,"date":"2025-02-17T02:39:50","date_gmt":"2025-02-17T02:39:50","guid":{"rendered":"https:\/\/tvbrazilusa.com\/2025\/02\/17\/alexandre-de-moraes-gasta-quase-todo-o-seu-tempo-no-gabinete-com-demandas-sobre-bolsonaristas\/"},"modified":"2025-02-17T02:39:52","modified_gmt":"2025-02-17T02:39:52","slug":"alexandre-de-moraes-gasta-quase-todo-o-seu-tempo-no-gabinete-com-demandas-sobre-bolsonaristas","status":"publish","type":"post","link":"https:\/\/tvbrazilusa.com\/pt\/2025\/02\/17\/alexandre-de-moraes-gasta-quase-todo-o-seu-tempo-no-gabinete-com-demandas-sobre-bolsonaristas\/","title":{"rendered":"Alexandre de Moraes gasta quase todo o seu tempo no gabinete com demandas sobre bolsonaristas"},"content":{"rendered":"<p> <script async src=\"https:\/\/pagead2.googlesyndication.com\/pagead\/js\/adsbygoogle.js?client=ca-pub-8864793242727901\"\r\n     crossorigin=\"anonymous\"><\/script><br \/>\n<\/p>\n<div id=\"taboola-read-more\" style=\"display:block; width:100%\">\n<p>O gabinete de Alexandre de Moraes, ali\u00e1s, virou uma esp\u00e9cie de vara nacional de execu\u00e7\u00f5es dos presos, condenados e monitorados por atos cometidos no dia 8 de janeiro de 2023.\u00a0Num \u00fanico dia, Moraes deu canetadas para tratar de diferentes confus\u00f5es envolvendo esses bolsonaristas.\n<\/p>\n<p>Um homem foi dado como foragido e o ministro do\u00a0<a href=\"https:\/\/12ft.io\/proxy?q=https%3A%2F%2Fveja.abril.com.br%2Fnoticias-sobre%2Fsupremo-tribunal-federal%2F\" target=\"_parent\">STF<\/a>, antes de decretar a nova pris\u00e3o, mandou notificar o advogado para ver se o sujeito apareceria novamente<\/p>\n<p>Outro homem monitorado pela pol\u00edcia violou a \u00e1rea de circula\u00e7\u00e3o permitida a ele e precisou se justificar, dizendo que saiu da regi\u00e3o para fazer bico de \u201cpropaganda volante\u201d. \u201cEsclareceu que o acusado se encontrava em grande dificuldade financeira, com contas de \u00e1gua e luz vencidas, sob amea\u00e7a de corte de tais servi\u00e7os\u201d, registrou Moraes, perdoando a escapada.\n<\/p>\n<p>Em outro caso, o ministro mandou intimar a defesa de um investigado que faltou ao curso de democracia.\n<\/p>\n<p>O ministro tamb\u00e9m gastou tinta de caneta para mandar intimar outro defensor de um bolsonarista que teve uma reca\u00edda e usou as redes sociais mesmo estando proibido por Moraes.\n<\/p>\n<p>Teve ainda um caso em que o ministro acatou pedido da PGR e bloqueou a conta banc\u00e1ria de uma bolsonarista. Ela alegou que tinha 1.000 reais no banco, fruto de bicos como costureira e manicure, mas ningu\u00e9m se comoveu. Perdeu o dinheiro\u00a0 e o sustento do m\u00eas.\n<\/p>\n<p>Com informa\u00e7\u00f5es veja\n<\/p>\n<p>O ministro ainda despachou sobre pedidos para retirada de tornozeleira durante exames m\u00e9dicos, viagens de condenados para visitar parentes acamados e at\u00e9 libera\u00e7\u00f5es para formaturas de familiares, entre outras quest\u00f5es menores da rotina dos condenados.\n<\/p>\n<p>Com informa\u00e7\u00f5es veja              <\/p>\n<\/div>\n<p><br \/>\n<br \/><a href=\"https:\/\/diariodobrasilnoticias.com.br\/noticia\/bolsonaristas-atolam-gabinete-de-moraes-de-demandas-e-confusoes-67b276b55c6a7\">Source link <\/a><\/p>","protected":false},"excerpt":{"rendered":"<p>O gabinete de Alexandre de Moraes, ali\u00e1s, virou uma esp\u00e9cie de vara nacional de execu\u00e7\u00f5es dos presos, condenados e monitorados por atos cometidos no dia 8 de janeiro de 2023.\u00a0Num&hellip;<\/p>","protected":false},"author":1,"featured_media":103640,"comment_status":"closed","ping_status":"open","sticky":false,"template":"","format":"standard","meta":{"content-type":"","footnotes":""},"categories":[16],"tags":[123,2448,5313,1267],"class_list":["post-103639","post","type-post","status-publish","format-standard","has-post-thumbnail","hentry","category-noticias","tag-brasil","tag-diario","tag-noticia","tag-noticias"],"_links":{"self":[{"href":"https:\/\/tvbrazilusa.com\/pt\/wp-json\/wp\/v2\/posts\/103639","targetHints":{"allow":["GET"]}}],"collection":[{"href":"https:\/\/tvbrazilusa.com\/pt\/wp-json\/wp\/v2\/posts"}],"about":[{"href":"https:\/\/tvbrazilusa.com\/pt\/wp-json\/wp\/v2\/types\/post"}],"author":[{"embeddable":true,"href":"https:\/\/tvbrazilusa.com\/pt\/wp-json\/wp\/v2\/users\/1"}],"replies":[{"embeddable":true,"href":"https:\/\/tvbrazilusa.com\/pt\/wp-json\/wp\/v2\/comments?post=103639"}],"version-history":[{"count":1,"href":"https:\/\/tvbrazilusa.com\/pt\/wp-json\/wp\/v2\/posts\/103639\/revisions"}],"predecessor-version":[{"id":103641,"href":"https:\/\/tvbrazilusa.com\/pt\/wp-json\/wp\/v2\/posts\/103639\/revisions\/103641"}],"wp:featuredmedia":[{"embeddable":true,"href":"https:\/\/tvbrazilusa.com\/pt\/wp-json\/wp\/v2\/media\/103640"}],"wp:attachment":[{"href":"https:\/\/tvbrazilusa.com\/pt\/wp-json\/wp\/v2\/media?parent=103639"}],"wp:term":[{"taxonomy":"category","embeddable":true,"href":"https:\/\/tvbrazilusa.com\/pt\/wp-json\/wp\/v2\/categories?post=103639"},{"taxonomy":"post_tag","embeddable":true,"href":"https:\/\/tvbrazilusa.com\/pt\/wp-json\/wp\/v2\/tags?post=103639"}],"curies":[{"name":"wp","href":"https:\/\/api.w.org\/{rel}","templated":true}]}}