{"id":103645,"date":"2025-02-17T03:04:39","date_gmt":"2025-02-17T03:04:39","guid":{"rendered":"https:\/\/tvbrazilusa.com\/2025\/02\/17\/saiba-por-que-voce-nunca-deveria-tirar-os-sapatos-durante-uma-viagem-de-aviao\/"},"modified":"2025-02-17T03:04:40","modified_gmt":"2025-02-17T03:04:40","slug":"saiba-por-que-voce-nunca-deveria-tirar-os-sapatos-durante-uma-viagem-de-aviao","status":"publish","type":"post","link":"https:\/\/tvbrazilusa.com\/pt\/2025\/02\/17\/saiba-por-que-voce-nunca-deveria-tirar-os-sapatos-durante-uma-viagem-de-aviao\/","title":{"rendered":"Saiba por que voc\u00ea nunca deveria tirar os sapatos durante uma viagem de avi\u00e3o"},"content":{"rendered":"<p> <script async src=\"https:\/\/pagead2.googlesyndication.com\/pagead\/js\/adsbygoogle.js?client=ca-pub-8864793242727901\"\r\n     crossorigin=\"anonymous\"><\/script><br \/>\n<\/p>\n<div id=\"taboola-read-more\" style=\"display:block; width:100%\">\n<p class=\"dark:base-text-neutral-high-400 base-text-[calc(theme(fontSize.xs)_*_var(--font-size,_1))] base-font-normal base-font-primary base-text-neutral-low-500 base-text-left\"><span class=\"b-article-body__text\">specialistas em seguran\u00e7a aeron\u00e1utica recomendam que, pelo menos nas fases de pouso e decolagem, os passageiros estejam devidamente cal\u00e7ados. Isso porque em caso de uma emerg\u00eancia, como em uma evacua\u00e7\u00e3o urgente, o viajante tenha condi\u00e7\u00f5es plenas de deixar a aeronave o mais r\u00e1pido poss\u00edvel e com os p\u00e9s protegidos, evitando les\u00f5es.<\/span>\n<\/p>\n<p>\u00a0<\/p>\n<p class=\"dark:base-text-neutral-high-400 base-text-[calc(theme(fontSize.xs)_*_var(--font-size,_1))] base-font-normal base-font-primary base-text-neutral-low-500 base-text-left\"><span class=\"b-article-body__text\">Em situa\u00e7\u00f5es assim, a rapidez na evacua\u00e7\u00e3o \u00e9 crucial para todos a bordo. At\u00e9 mesmo um cadar\u00e7o desamarrado pode causar quedas durante o nervosismo.<\/span><\/p>\n<p class=\"dark:base-text-neutral-high-400 base-text-[calc(theme(fontSize.xs)_*_var(--font-size,_1))] base-font-normal base-font-primary base-text-neutral-low-500 base-text-left\"><span class=\"b-article-body__text\"><strong>Contamina\u00e7\u00f5es<\/strong><\/span>\n<\/p>\n<p class=\"dark:base-text-neutral-high-400 base-text-[calc(theme(fontSize.xs)_*_var(--font-size,_1))] base-font-normal base-font-primary base-text-neutral-low-500 base-text-left\"><span class=\"b-article-body__text\">Mas h\u00e1 outras raz\u00f5es que sugerem que aquelas pessoas vistas s\u00f3 de meia deveriam pensar duas vezes antes de tirar os cal\u00e7ados (e em alguns casos espalharem odores desagrad\u00e1veis nos arredores): higiene, educa\u00e7\u00e3o e sa\u00fade.<\/span>\n<\/p>\n<p class=\"dark:base-text-neutral-high-400 base-text-[calc(theme(fontSize.xs)_*_var(--font-size,_1))] base-font-normal base-font-primary base-text-neutral-low-500 base-text-left\"><span class=\"b-article-body__text\">As aeronaves s\u00f3 passam por uma limpeza profunda completa a cada um m\u00eas ou seis semanas, o que significa que os assentos e o carpete podem abrigar bact\u00e9rias e germes, j\u00e1 que as equipes de limpeza simplesmente n\u00e3o t\u00eam tempo para desinfetar o avi\u00e3o inteiro.<\/span>\n<\/p>\n<p class=\"dark:base-text-neutral-high-400 base-text-[calc(theme(fontSize.xs)_*_var(--font-size,_1))] base-font-normal base-font-primary base-text-neutral-low-500 base-text-left\"><span class=\"b-article-body__text\">Embora avi\u00f5es sejam limpos com frequ\u00eancia, a higieniza\u00e7\u00e3o de carpetes n\u00e3o \u00e9 t\u00e3o rigorosa. Contamina\u00e7\u00f5es podem acontecer, especialmente em \u00e1reas pr\u00f3ximas aos banheiros. Estar cal\u00e7ado minimiza esse risco, evitando o contato direto com sujeiras.<\/span>\n<\/p>\n<p class=\"dark:base-text-neutral-high-400 base-text-[calc(theme(fontSize.xs)_*_var(--font-size,_1))] base-font-normal base-font-primary base-text-neutral-low-500 base-text-left\"><span class=\"b-article-body__text\">Segundo reportagem do Daily Mail, n\u00e3o s\u00e3o apenas os carpetes: os apoios de bra\u00e7o e as mesas de cabeceira tamb\u00e9m costumam estar sujos. O conselho geral aos passageiros \u00e9 que levem len\u00e7os antibacterianos para dar uma geral onde quer que voc\u00ea esteja sentado.<\/span>\n<\/p>\n<\/p><\/div>\n<p><br \/>\n<br \/><a href=\"https:\/\/diariodobrasilnoticias.com.br\/noticia\/saiba-por-que-voce-nunca-deveria-tirar-os-sapatos-durante-uma-viagem-de-aviao-67b24bc27ba51\">Source link <\/a><\/p>","protected":false},"excerpt":{"rendered":"<p>specialistas em seguran\u00e7a aeron\u00e1utica recomendam que, pelo menos nas fases de pouso e decolagem, os passageiros estejam devidamente cal\u00e7ados. Isso porque em caso de uma emerg\u00eancia, como em uma evacua\u00e7\u00e3o&hellip;<\/p>","protected":false},"author":1,"featured_media":103646,"comment_status":"closed","ping_status":"open","sticky":false,"template":"","format":"standard","meta":{"content-type":"","footnotes":""},"categories":[16],"tags":[123,2448,5313,1267],"class_list":["post-103645","post","type-post","status-publish","format-standard","has-post-thumbnail","hentry","category-noticias","tag-brasil","tag-diario","tag-noticia","tag-noticias"],"_links":{"self":[{"href":"https:\/\/tvbrazilusa.com\/pt\/wp-json\/wp\/v2\/posts\/103645","targetHints":{"allow":["GET"]}}],"collection":[{"href":"https:\/\/tvbrazilusa.com\/pt\/wp-json\/wp\/v2\/posts"}],"about":[{"href":"https:\/\/tvbrazilusa.com\/pt\/wp-json\/wp\/v2\/types\/post"}],"author":[{"embeddable":true,"href":"https:\/\/tvbrazilusa.com\/pt\/wp-json\/wp\/v2\/users\/1"}],"replies":[{"embeddable":true,"href":"https:\/\/tvbrazilusa.com\/pt\/wp-json\/wp\/v2\/comments?post=103645"}],"version-history":[{"count":1,"href":"https:\/\/tvbrazilusa.com\/pt\/wp-json\/wp\/v2\/posts\/103645\/revisions"}],"predecessor-version":[{"id":103647,"href":"https:\/\/tvbrazilusa.com\/pt\/wp-json\/wp\/v2\/posts\/103645\/revisions\/103647"}],"wp:featuredmedia":[{"embeddable":true,"href":"https:\/\/tvbrazilusa.com\/pt\/wp-json\/wp\/v2\/media\/103646"}],"wp:attachment":[{"href":"https:\/\/tvbrazilusa.com\/pt\/wp-json\/wp\/v2\/media?parent=103645"}],"wp:term":[{"taxonomy":"category","embeddable":true,"href":"https:\/\/tvbrazilusa.com\/pt\/wp-json\/wp\/v2\/categories?post=103645"},{"taxonomy":"post_tag","embeddable":true,"href":"https:\/\/tvbrazilusa.com\/pt\/wp-json\/wp\/v2\/tags?post=103645"}],"curies":[{"name":"wp","href":"https:\/\/api.w.org\/{rel}","templated":true}]}}