{"id":103662,"date":"2025-02-16T17:42:53","date_gmt":"2025-02-16T17:42:53","guid":{"rendered":"https:\/\/tvbrazilusa.com\/2025\/02\/16\/show-da-manha-o-regime-quer-prender-bolsonaro-17-02-2025\/"},"modified":"2025-02-16T17:42:53","modified_gmt":"2025-02-16T17:42:53","slug":"show-da-manha-o-regime-quer-prender-bolsonaro-17-02-2025","status":"publish","type":"post","link":"https:\/\/tvbrazilusa.com\/pt\/2025\/02\/16\/show-da-manha-o-regime-quer-prender-bolsonaro-17-02-2025\/","title":{"rendered":"SHOW DA MANH\u00c3 &#8211; O REGIME QUER PRENDER BOLSONARO &#8211; 17\/02\/2025"},"content":{"rendered":"<p><iframe  width=\"580\" height=\"385\" src=\"https:\/\/www.youtube.com\/embed\/_zTrgSTK4zQ?modestbranding=1\" frameborder=\"0\" allowfullscreen><\/iframe><br \/>\n<br \/>Apresentado por Marco Ant\u00f4nio Costa. Convidados: Ver. Adrilles Jorge, Fernando Holiday e Ver. Rafael Sati\u00ea. Participa\u00e7\u00e3o especial: Dep. Fed. Gustavo Gayer. O Show da Manh\u00e3 vai ao ar de segunda a sexta, das 10h \u00e0s 12h.<\/p>\n<p>\ud83d\udd25NOVIDADES NO FIO DI\u00c1RIO! ASSINE COM 33% OFF NO PLANO ANUAL OU 66% OFF NO DEZ A FIO! \ud83d\udc49 <\/p>\n<p>\ud83d\udd25APROVEITE AS PROMO\u00c7\u00d5ES DA LIVRARIA FIO DI\u00c1RIO E N\u00c3O CAIA EM NARRATIVAS! \ud83d\udc49 <\/p>\n<p>Inscreva-se no nosso Canal!<\/p>\n<p>Ou\u00e7a no Spotify: <\/p>\n<p>Siga no Instagram:<\/p>\n<p>Fio Di\u00e1rio: <\/p>\n<p>Marco Ant\u00f4nio Costa: <\/p>\n<p><a href=\"https:\/\/www.youtube.com\/watch?v=_zTrgSTK4zQ\">source<\/a><\/p>","protected":false},"excerpt":{"rendered":"<p>Apresentado por Marco Ant\u00f4nio Costa. Convidados: Ver. Adrilles Jorge, Fernando Holiday e Ver. Rafael Sati\u00ea. Participa\u00e7\u00e3o especial: Dep. Fed. Gustavo Gayer. O Show da Manh\u00e3 vai ao ar de segunda&hellip;<\/p>","protected":false},"author":1,"featured_media":103663,"comment_status":"","ping_status":"open","sticky":false,"template":"","format":"standard","meta":{"content-type":"","footnotes":""},"categories":[17],"tags":[136,557,5402,1718,4747,63],"class_list":["post-103662","post","type-post","status-publish","format-standard","has-post-thumbnail","hentry","category-programas","tag-bolsonaro","tag-manha","tag-prender","tag-quer","tag-regime","tag-show"],"_links":{"self":[{"href":"https:\/\/tvbrazilusa.com\/pt\/wp-json\/wp\/v2\/posts\/103662","targetHints":{"allow":["GET"]}}],"collection":[{"href":"https:\/\/tvbrazilusa.com\/pt\/wp-json\/wp\/v2\/posts"}],"about":[{"href":"https:\/\/tvbrazilusa.com\/pt\/wp-json\/wp\/v2\/types\/post"}],"author":[{"embeddable":true,"href":"https:\/\/tvbrazilusa.com\/pt\/wp-json\/wp\/v2\/users\/1"}],"replies":[{"embeddable":true,"href":"https:\/\/tvbrazilusa.com\/pt\/wp-json\/wp\/v2\/comments?post=103662"}],"version-history":[{"count":0,"href":"https:\/\/tvbrazilusa.com\/pt\/wp-json\/wp\/v2\/posts\/103662\/revisions"}],"wp:featuredmedia":[{"embeddable":true,"href":"https:\/\/tvbrazilusa.com\/pt\/wp-json\/wp\/v2\/media\/103663"}],"wp:attachment":[{"href":"https:\/\/tvbrazilusa.com\/pt\/wp-json\/wp\/v2\/media?parent=103662"}],"wp:term":[{"taxonomy":"category","embeddable":true,"href":"https:\/\/tvbrazilusa.com\/pt\/wp-json\/wp\/v2\/categories?post=103662"},{"taxonomy":"post_tag","embeddable":true,"href":"https:\/\/tvbrazilusa.com\/pt\/wp-json\/wp\/v2\/tags?post=103662"}],"curies":[{"name":"wp","href":"https:\/\/api.w.org\/{rel}","templated":true}]}}