{"id":103676,"date":"2025-02-14T22:48:33","date_gmt":"2025-02-14T22:48:33","guid":{"rendered":"https:\/\/tvbrazilusa.com\/2025\/02\/14\/o-cantor-de-tampa-bay-reflete-sobre-a-audicao-the-voice-cadeira-turn\/"},"modified":"2025-02-17T09:42:15","modified_gmt":"2025-02-17T09:42:15","slug":"o-cantor-de-tampa-bay-reflete-sobre-a-audicao-the-voice-cadeira-turn","status":"publish","type":"post","link":"https:\/\/tvbrazilusa.com\/pt\/2025\/02\/14\/o-cantor-de-tampa-bay-reflete-sobre-a-audicao-the-voice-cadeira-turn\/","title":{"rendered":"O cantor de Tampa Bay reflete sobre a audi\u00e7\u00e3o &#8216;The Voice&#8217;, Cadeira Turn"},"content":{"rendered":"<p> <script async src=\"https:\/\/pagead2.googlesyndication.com\/pagead\/js\/adsbygoogle.js?client=ca-pub-8864793242727901\"\r\n     crossorigin=\"anonymous\"><\/script><br \/>\n<\/p>\n<div id=\"\">\n<div class=\"styles_HTMLContent__LDG2k\">\n<p>Hollywood, CA-Uma cantora de Tampa Bay realizou um de seus maiores sonhos: competindo na NBC&#8217;s <a href=\"https:\/\/www.nbc.com\/the-voice\" rel=\"nofollow\" target=\"_blank\">\u201cA voz\u201d<\/a> E recebendo uma cobi\u00e7ada &#8220;turno da cadeira&#8221; de um dos treinadores, avan\u00e7ando -a para a rodada de batalha, que come\u00e7a no pr\u00f3ximo m\u00eas. <\/p>\n<\/div>\n<div class=\"styles_HTMLContent__LDG2k\">\n<p>Angie Rey realizou uma vers\u00e3o de \u201cPenthouse\u201d do artista country Kelsea Ballerini, treinador da 27\u00aa temporada da competi\u00e7\u00e3o de canto, durante o epis\u00f3dio que foi ao ar 3 de fevereiro.<\/p>\n<p>Ballerini virou a cadeira para Rey &#8211; indicando que ela queria servir como treinadora de Rey nesta temporada &#8211; e at\u00e9 fez um dueto de &#8220;Penthouse&#8221; com ela. <\/p>\n<\/div>\n<div class=\"ContentBlocks_CardDetail__SubscribeBlock__4zBcQ ContentBlocks_CardDetail__SubscribeBlock--mobile__18tT_\">\n<section class=\"styles_SubscribeForm__0dj5n\">\n<h2 class=\"styles_SubscribeForm__title__F_olP\">Descubra o que est\u00e1 acontecendo em St. Pete<span class=\"styles_SubscribeForm__title--nextLine__FTO3K\">gratuitamente com as atualiza\u00e7\u00f5es mais recentes do patch.<\/span><\/h2>\n<\/section>\n<\/div>\n<div class=\"styles_HTMLContent__LDG2k\">\n<p>&#8220;Eu corri por todos os cen\u00e1rios poss\u00edveis na minha cabe\u00e7a&#8221;, disse Rey a Patch. A \u00fanica possibilidade que eu n\u00e3o havia me desenhado era, ei, Kelsea poderia cantar com voc\u00ea. Isso nunca passou pela minha mente. \u00c9 engra\u00e7ado assistir de volta, olhando para mim mesma, e parecia que eu estava em choque. Parecia um sonho. \u201d<\/p>\n<p>Ela acrescentou: \u201cTer a curva da cadeira foi incr\u00edvel, mas ter (Kelsea) aparecendo e cantar para mim e se harmonizar sua lideran\u00e7a, oh meu Deus, isso foi incr\u00edvel. Eu acho que vou tirar uma foto e enquadr\u00e1 -la. \u201d<\/p>\n<\/div>\n<div class=\"ContentBlocks_CardDetail__SubscribeBlock__4zBcQ ContentBlocks_CardDetail__SubscribeBlock--desktop__oN6vv\">\n<section class=\"styles_SubscribeForm__0dj5n\">\n<h2 class=\"styles_SubscribeForm__title__F_olP\">Descubra o que est\u00e1 acontecendo em St. Pete<span class=\"styles_SubscribeForm__title--nextLine__FTO3K\">gratuitamente com as atualiza\u00e7\u00f5es mais recentes do patch.<\/span><\/h2>\n<\/section>\n<\/div>\n<div class=\"styles_HTMLContent__LDG2k\">\n<p>Uma americana cubana de primeira gera\u00e7\u00e3o, Rey cresceu no sul da Calif\u00f3rnia antes de se mudar para Seminole, na Fl\u00f3rida, onde seus pais ainda vivem, na s\u00e9tima s\u00e9rie. <\/p>\n<p>Ela come\u00e7ou a cantar em tenra idade, mas era muito t\u00edmida. Para encoraj\u00e1 -la a explorar seus talentos, seus pais convenceram seu irm\u00e3o mais velho, Ray, a participar de aulas de canto com ela. <\/p>\n<\/div>\n<div class=\"styles_HTMLContent__LDG2k\">\n<p>&#8220;Ele concordou em ir comigo at\u00e9 que eu n\u00e3o fosse mais t\u00edmida&#8221;, disse ela. &#8220;Ele gosta de dizer que, se continuasse indo, seria um cantor melhor do que eu.&#8221; <\/p>\n<p>Rey cresceu ouvindo muita alma e m\u00fasica latina e, eventualmente, quando ela tinha cerca de 13 anos, teve a oportunidade de competir no &#8220;La Voz Kids&#8221;, da Telemundo, onde chegou ao top 18.<\/p>\n<\/div>\n<div class=\"styles_HTMLContent__LDG2k\">\n<p>Ela tinha cerca de 15 anos quando se apaixonou pela m\u00fasica country, depois que sua melhor amiga a levou a uma senhora um concerto. <\/p>\n<p>\u201cLembro -me de ficar l\u00e1 com isqueiros, luzes do telefone da c\u00e2mera, no ar. Foi a coisa mais legal e eu percebi, eu amo m\u00fasica country \u201d, disse Rey. \u201cFoi realmente interessante vir de uma fam\u00edlia latina. Quando voc\u00ea pensa em uma garota latina cantando m\u00fasica country, \u00e9 meio in\u00e9dito. Mas a comunidade country e as pessoas que ouvem m\u00fasica country e a m\u00fasica latina (cena) t\u00eam os mesmos valores &#8211; fam\u00edlia, Deus, amor e se divertindo. \u201d<\/p>\n<p>Ela acrescentou: \u201cExceto a m\u00fasica latina est\u00e1 em espanhol. \u00c9 basicamente m\u00fasica country, mas com um pouco de batida. \u201d<\/p>\n<p>Ser eliminado de &#8220;La Voz Kids&#8221; foi um desafio para Rey. <\/p>\n<p>&#8220;Depois desse show, passando pelas elimina\u00e7\u00f5es, acho que mental e emocionalmente isso leva um pouco de impacto em voc\u00ea&#8221;, disse ela. &#8220;\u00c9 como, cara, eu sou bom o suficiente e todas essas coisas?&#8221;<\/p>\n<\/div>\n<div class=\"styles_HTMLContent__LDG2k\">\n<p>Mas sua m\u00e3e a empurrou para continuar e &#8220;n\u00e3o deixou (ela) sentar nessa tristeza&#8221;, segundo Rey. <\/p>\n<p>Ela n\u00e3o apenas come\u00e7ou a escrever suas pr\u00f3prias m\u00fasicas, mas tamb\u00e9m atingia todos os bares de Pinellas County Beach entregando carros de neg\u00f3cios dizendo \u00e0s pessoas &#8220;elas deveriam me pagar para cantar em seus restaurantes&#8221;, disse ela. <\/p>\n<p>Ela reservou alguns shows em espa\u00e7os como Crabby Bill&#8217;s e Aqua Prime, \u00e0s vezes ganhando &#8220;100 d\u00f3lares&#8221; em uma noite se ela tivesse sorte, disse Rey. &#8220;Eu estava tipo, cara, eu sou um grande bailarino.&#8221;<\/p>\n<p>Ela tamb\u00e9m estava com gar\u00e7onete por um tempo, e quando se cansou disso e perdeu a m\u00fasica, sua m\u00e3e novamente a empurrou para subir e descer a praia para se conectar com locais. <\/p>\n<p>Eventualmente, ela recebeu uma liga\u00e7\u00e3o de uma mulher que reservou Atos para o Palandro, um clube de m\u00fasica country em f\u00e9rias. O ato de abertura de John Michael Montgomery cancelou e eles precisavam de uma banda para se apresentar em dois dias. <\/p>\n<\/div>\n<div class=\"styles_HTMLContent__LDG2k\">\n<p>Rey, mentindo, disse que ela tinha uma banda no lugar e estava pronta para subir ao palco. Na realidade, ela juntou uma banda cheia de outros adolescentes que conhecera em um acampamento de m\u00fasica de ver\u00e3o.<\/p>\n<p>&#8220;Liguei para eles e disse que preciso de um viol\u00e3o, bateria, preciso de baixo&#8221;, disse ela. &#8220;Foi um show assassino &#8230; e tive um gostinho de como era tocar com uma banda&#8221;.<\/p>\n<p>Depois de se formar na Seminole High School em 2017, ela foi para a faculdade em Nashville, pensando que poderia perseguir seus sonhos enquanto estudava neg\u00f3cios de voz e m\u00fasica comercial. Mas ela se queimou rapidamente e, embora tenha experimentado a Universidade de Tampa quando voltou para casa, percebeu que a faculdade n\u00e3o era para ela. <\/p>\n<p>Rey jogou todos os seus esfor\u00e7os para tocar e escrever m\u00fasica em tempo integral com viagens para Nashville.<\/p>\n<p>&#8220;\u00c9 um neg\u00f3cio t\u00e3o que voc\u00ea sabe, e eu estava tentando manter relacionamentos&#8221;, disse ela. <\/p>\n<\/div>\n<div class=\"styles_HTMLContent__LDG2k\">\n<p>Cerca de dois anos atr\u00e1s, ela se mudou para Nashville em tempo integral, onde se apresenta regularmente em locais locais e trabalha com v\u00e1rios compositores e est\u00fadios quando pode.<\/p>\n<p>Ela come\u00e7ou a falar com os produtores da &#8220;The Voice&#8221; em dezembro de 2023 e, quando subiu ao palco para a audi\u00e7\u00e3o cega no in\u00edcio deste m\u00eas, foi &#8220;c\u00edrculo completo&#8221; para ela, trazendo -a de volta ao seu tempo para &#8220;La Voz Kids&#8221;.<\/p>\n<p>Foi uma experi\u00eancia de reda\u00e7\u00e3o de pisar nesse est\u00e1gio, disse Rey. \u201cEu pensei que \u00e9 isso que eu fa\u00e7o. Estou bem. Eu fa\u00e7o isso o tempo todo. Este \u00e9 apenas mais um dia de trabalho e lembro -me de sair no palco e estava pirando. \u201d<\/p>\n<p>A m\u00fasica de Singing Ballerini bem na frente dela fez Rey sentir como se &#8220;teria um ataque card\u00edaco&#8221;.<\/p>\n<p>Por fim, ela conseguiu o que esperava &#8211; Ballerini como treinadora. <\/p>\n<\/div>\n<div class=\"styles_HTMLContent__LDG2k\">\n<p>As rodadas de batalha provavelmente come\u00e7ar\u00e3o em mar\u00e7o. Durante esta fase do show, Rey ser\u00e1 combinado contra outro cantor da equipe de Ballerini e um ser\u00e1 escolhido para seguir em frente na competi\u00e7\u00e3o.<\/p>\n<\/div>\n<hr\/>\n<p>Receba mais not\u00edcias locais entregues diretamente \u00e0 sua caixa de entrada.<!-- --> <a target=\"_blank\" href=\"http:\/\/patch.com\/florida\/stpete\/subscribe\" class=\"\">Inscreva -se em boletins e alertas de patch gratuitos.<\/a><\/div>\n<p><br \/>\n<br \/><a href=\"http:\/\/patch.com\/florida\/stpete\/tampa-bay-singer-reflects-voice-audition-chair-turn?utm_source=article-mostrecent&#038;utm_medium=rss&#038;utm_term=arts%20%26%20entertainment&#038;utm_campaign=recirc&#038;utm_content=aol\">Source link <\/a><\/p>","protected":false},"excerpt":{"rendered":"<p>Hollywood, CA-Uma cantora de Tampa Bay realizou um de seus maiores sonhos: competindo na NBC&#8217;s \u201cA voz\u201d E recebendo uma cobi\u00e7ada &#8220;turno da cadeira&#8221; de um dos treinadores, avan\u00e7ando -a&hellip;<\/p>","protected":false},"author":1,"featured_media":103677,"comment_status":"closed","ping_status":"open","sticky":false,"template":"","format":"standard","meta":{"content-type":"","footnotes":""},"categories":[1],"tags":[],"class_list":["post-103676","post","type-post","status-publish","format-standard","has-post-thumbnail","hentry","category-uncategorized"],"_links":{"self":[{"href":"https:\/\/tvbrazilusa.com\/pt\/wp-json\/wp\/v2\/posts\/103676","targetHints":{"allow":["GET"]}}],"collection":[{"href":"https:\/\/tvbrazilusa.com\/pt\/wp-json\/wp\/v2\/posts"}],"about":[{"href":"https:\/\/tvbrazilusa.com\/pt\/wp-json\/wp\/v2\/types\/post"}],"author":[{"embeddable":true,"href":"https:\/\/tvbrazilusa.com\/pt\/wp-json\/wp\/v2\/users\/1"}],"replies":[{"embeddable":true,"href":"https:\/\/tvbrazilusa.com\/pt\/wp-json\/wp\/v2\/comments?post=103676"}],"version-history":[{"count":1,"href":"https:\/\/tvbrazilusa.com\/pt\/wp-json\/wp\/v2\/posts\/103676\/revisions"}],"predecessor-version":[{"id":103678,"href":"https:\/\/tvbrazilusa.com\/pt\/wp-json\/wp\/v2\/posts\/103676\/revisions\/103678"}],"wp:featuredmedia":[{"embeddable":true,"href":"https:\/\/tvbrazilusa.com\/pt\/wp-json\/wp\/v2\/media\/103677"}],"wp:attachment":[{"href":"https:\/\/tvbrazilusa.com\/pt\/wp-json\/wp\/v2\/media?parent=103676"}],"wp:term":[{"taxonomy":"category","embeddable":true,"href":"https:\/\/tvbrazilusa.com\/pt\/wp-json\/wp\/v2\/categories?post=103676"},{"taxonomy":"post_tag","embeddable":true,"href":"https:\/\/tvbrazilusa.com\/pt\/wp-json\/wp\/v2\/tags?post=103676"}],"curies":[{"name":"wp","href":"https:\/\/api.w.org\/{rel}","templated":true}]}}