{"id":103694,"date":"2025-02-13T14:30:38","date_gmt":"2025-02-13T14:30:38","guid":{"rendered":"https:\/\/tvbrazilusa.com\/2025\/02\/13\/george-washington-teve-2-aniversarios-mais-para-saber-sobre-o-dia-dos-presidentes\/"},"modified":"2025-02-17T10:40:59","modified_gmt":"2025-02-17T10:40:59","slug":"george-washington-teve-2-aniversarios-mais-para-saber-sobre-o-dia-dos-presidentes","status":"publish","type":"post","link":"https:\/\/tvbrazilusa.com\/pt\/2025\/02\/13\/george-washington-teve-2-aniversarios-mais-para-saber-sobre-o-dia-dos-presidentes\/","title":{"rendered":"George Washington teve 2 anivers\u00e1rios, mais para saber sobre o Dia dos Presidentes"},"content":{"rendered":"<p> <script async src=\"https:\/\/pagead2.googlesyndication.com\/pagead\/js\/adsbygoogle.js?client=ca-pub-8864793242727901\"\r\n     crossorigin=\"anonymous\"><\/script><br \/>\n<\/p>\n<div id=\"\">\n<div class=\"styles_HTMLContent__LDG2k\">\n<p>Bancos, correios e outros servi\u00e7os ser\u00e3o fechados na segunda -feira, 17 de fevereiro, para <a href=\"https:\/\/www.britannica.com\/topic\/Presidents-Day\" rel=\"nofollow\" target=\"_blank\">Dia dos Presidentes<\/a>um feriado estabelecido pelo Congresso d\u00e9cadas atr\u00e1s para mudar a celebra\u00e7\u00e3o do anivers\u00e1rio de George Washington em 22 de fevereiro de 1732, para a terceira segunda -feira de fevereiro de cada ano.<\/p>\n<\/div>\n<div class=\"styles_HTMLContent__LDG2k\">\n<p>Washington estava bem ciente da distin\u00e7\u00e3o entre seu papel inaugural como presidente e sua distin\u00e7\u00e3o da coroa brit\u00e2nica. Segundo os historiadores, ele n\u00e3o estava interessado, nem nenhum dos pais fundadores, ao replicar as celebra\u00e7\u00f5es indulgentes de reis e realeza.<\/p>\n<p>Hoje, Washington compartilha o pouco de brilho ainda est\u00e1 associado ao dia dos presidentes com <a href=\"https:\/\/patch.com\/us\/across-america\/abraham-lincoln-s-birthday-feb-12-was-never-federal-holiday\">Abraham Lincoln<\/a>que muitos estudiosos acreditam ser o presidente mais influente da hist\u00f3ria dos EUA e todos os outros presidentes dos EUA.<\/p>\n<\/div>\n<div class=\"ContentBlocks_CardDetail__SubscribeBlock__4zBcQ ContentBlocks_CardDetail__SubscribeBlock--mobile__18tT_\">\n<section class=\"styles_SubscribeForm__0dj5n\">\n<h2 class=\"styles_SubscribeForm__title__F_olP\">Descubra o que est\u00e1 acontecendo em toda a Am\u00e9rica<span class=\"styles_SubscribeForm__title--nextLine__FTO3K\">gratuitamente com as atualiza\u00e7\u00f5es mais recentes do patch.<\/span><\/h2>\n<\/section>\n<\/div>\n<div class=\"styles_HTMLContent__LDG2k\">\n<p>Mais do que qualquer outra coisa, o Dia dos Presidentes se tornou um dos principais f\u00e9rias de compras, com varejistas oferecendo descontos profundos em tudo, desde colch\u00f5es e m\u00f3veis a tecnologia e eletrodom\u00e9sticos.<\/p>\n<p>Abaixo est\u00e3o mais coisas a saber sobre o Dia dos Presidentes:<\/p>\n<\/div>\n<div class=\"ContentBlocks_CardDetail__SubscribeBlock__4zBcQ ContentBlocks_CardDetail__SubscribeBlock--desktop__oN6vv\">\n<section class=\"styles_SubscribeForm__0dj5n\">\n<h2 class=\"styles_SubscribeForm__title__F_olP\">Descubra o que est\u00e1 acontecendo em toda a Am\u00e9rica<span class=\"styles_SubscribeForm__title--nextLine__FTO3K\">gratuitamente com as atualiza\u00e7\u00f5es mais recentes do patch.<\/span><\/h2>\n<\/section>\n<\/div>\n<div class=\"styles_HTMLContent__LDG2k\">\n<h3>Washington tem 2 anivers\u00e1rios<\/h3>\n<p>George Washington nasceu em 22 de fevereiro de 1732, na Planta\u00e7\u00e3o de sua fam\u00edlia Creek, perto do rio Potomac, na Virg\u00ednia.<\/p>\n<p>Tecnicamente, por\u00e9m, ele nasceu em 11 de fevereiro daquele ano. Como \u00e9 isso? O antigo calend\u00e1rio juliano ainda estava em uso em 1732. O calend\u00e1rio gregoriano, uma medida mais precisa do tempo adotado em 1752, acrescentou 11 dias, transferindo o anivers\u00e1rio de Washington para o final do m\u00eas.<\/p>\n<\/div>\n<div class=\"styles_HTMLContent__LDG2k\">\n<p>De qualquer maneira, Washington prestou pouca aten\u00e7\u00e3o ao seu anivers\u00e1rio, de acordo com <a href=\"http:\/\/mountvernon.org\" rel=\"nofollow\" target=\"_blank\">MountVernon.org<\/a>o site da organiza\u00e7\u00e3o que gerencia sua propriedade. Os registros sobreviventes n\u00e3o mencionam observ\u00e2ncias em Mount Vernon, enquanto seu di\u00e1rio mostra que ele costumava trabalhar duro.<\/p>\n<p>&#8220;Se ele o fizesse, estaria em casa com sua fam\u00edlia&#8221;, disse o historiador Alexis Coe, autor de &#8220;Voc\u00ea nunca esquece o seu primeiro: uma biografia de George de Washington&#8221;, disse \u00e0 Associated Press no ano passado. Algumas de suas sobrinhas e sobrinhos acreditadas ou amiga \u00edntima Marquis de Lafayette podem parar, e Martha pode satisfazer o marido com um bolo, &#8220;mas \u00e9 isso&#8221;, disse Coe.<\/p>\n<\/div>\n<div class=\"styles_HTMLContent__LDG2k\">\n<h3>Quando seu anivers\u00e1rio se tornou um feriado?<\/h3>\n<p>O anivers\u00e1rio de Washington foi inicialmente comemorado por seus colegas no governo, mas o Congresso votou durante seus dois primeiros mandatos para fazer um breve intervalo comemorativo a cada ano, com uma exce\u00e7\u00e3o, seu \u00faltimo anivers\u00e1rio no cargo, disse Coe. At\u00e9 ent\u00e3o, Washington era menos popular, o partidarismo era galopante e muitos membros de seu gabinete original se foram, incluindo Thomas Jefferson.<\/p>\n<p>&#8220;Uma maneira de mostrar seu desd\u00e9m por suas pol\u00edticas federalistas era continuar trabalhando em seu anivers\u00e1rio&#8221;, disse Coe.<\/p>\n<p>A Biblioteca do Congresso observa que um oficial militar franc\u00eas, o conde de Rochambeau, jogou uma bola comemorando o 50\u00ba anivers\u00e1rio de Washington em 1782.<\/p>\n<p>Ap\u00f3s a morte do primeiro presidente aos 67 anos em 1799, um mercado quase imediatamente surgiu para as recorda\u00e7\u00f5es de Washington.<\/p>\n<p>&#8220;Mesmo nesse momento inicial, os americanos meio que confundiram o consumismo com mem\u00f3ria patri\u00f3tica&#8221;, disse Seth Bruggan, historiador de Washington, autor e professor de hist\u00f3ria da Temple University, na Filad\u00e9lfia, \u00e0 AP em 2024.<\/p>\n<\/div>\n<div class=\"styles_HTMLContent__LDG2k\">\n<p>N\u00e3o foi at\u00e9 1832, o centen\u00e1rio do nascimento de Washington, que o Congresso estabeleceu um comit\u00ea para organizar \u201cdesfiles, ora\u00e7\u00f5es e festivais nacionais\u201d, de acordo com o Servi\u00e7o de Pesquisa do Congresso.<\/p>\n<p>Demorou mais quase 50 anos, em 1879, para o anivers\u00e1rio de Washington fazer um feriado legal para funcion\u00e1rios federais no Distrito de Columbia.<\/p>\n<h3>E quanto a Abraham Lincoln?<\/h3>\n<p>O anivers\u00e1rio de Lincoln nunca foi um feriado federal oficial, uma exclus\u00e3o muito lamentada entre aqueles que citam sua lideran\u00e7a do sindicato declara atrav\u00e9s da Guerra Civil Americana e da emancipa\u00e7\u00e3o de pessoas escravizadas. Lincoln foi assassinado em 15 de abril de 1865.<\/p>\n<p>O 16\u00ba presidente dos EUA nasceu em 1809 no condado de Larue, Kentucky, embora seu estado de nascimento n\u00e3o seja um dos cinco que observam seu anivers\u00e1rio como feriado. O estado adotado de Lincoln, em Illinois, junto com a Calif\u00f3rnia, Connecticut, Missouri e Nova York, observa o feriado de 12 de fevereiro.<\/p>\n<p>A designa\u00e7\u00e3o oficial de f\u00e9rias comemorada na terceira segunda -feira de fevereiro \u00e9 o anivers\u00e1rio de Washington. A Lei Uniforme de F\u00e9rias de Segunda -feira de 1971 n\u00e3o menciona o anivers\u00e1rio de Lincoln, nem o dia dos presidentes. Alguns legisladores argumentaram durante o debate h\u00e1 quase 55 anos que o anivers\u00e1rio de Washington deveria ser renomeado <a href=\"https:\/\/www.britannica.com\/topic\/Presidents-Day\" rel=\"nofollow\" target=\"_blank\">Dia dos Presidentes para incluir Lincoln<\/a>mas o Congresso rejeitou isso.<\/p>\n<\/div>\n<div class=\"styles_HTMLContent__LDG2k\">\n<p>Antes da legisla\u00e7\u00e3o de 1971, o anivers\u00e1rio de Washington foi comemorado no anivers\u00e1rio de seu nascimento, independentemente do dia da semana. Na d\u00e9cada de 1960, foi um dos nove f\u00e9rias federais que ca\u00edram em datas espec\u00edficas em diferentes dias da semana.<\/p>\n<p>O Congresso mudou alguns deles para segundas -feiras para conter o que alguns disseram que era suspeita de absente\u00edsmo entre os trabalhadores federais quando um feriado caiu no meio da semana. Os legisladores tamb\u00e9m reconheceram os benef\u00edcios de um fim de semana de tr\u00eas dias para a economia.<\/p>\n<p>Bruggerman disse \u00e0 AP que Washington e outros pais fundadores &#8220;estariam profundamente preocupados com a maneira como o feriado foi assumido por interesses comerciais e privados&#8221; porque geralmente eram desconfiados das empresas.<\/p>\n<p>\u201cN\u00e3o foi que eles os proibiram. Mas eles viram empresas como pequenas rep\u00fablicas que potencialmente amea\u00e7aram o poder da Rep\u00fablica \u201d, afirmou.<\/p>\n<h3>Quando outros f\u00e9rias federais s\u00e3o observados?<\/h3>\n<p>Existem 12 f\u00e9rias federais em 2025. Dia de Ano Novo em 1\u00ba de janeiro e Martin Luther King Jr. Day e Inauguration Day, ambos em 20 de janeiro deste ano, se passaram. Outros s\u00e3o:<\/p>\n<\/div>\n<div class=\"styles_HTMLContent__LDG2k\">\n<p>Anivers\u00e1rio de Washington, segunda -feira, 17 de fevereiro<br \/>Memorial Day, segunda -feira, 26 de maio<br \/>JUNETEENTH DIA DA Independ\u00eancia Nacional, quinta -feira, 19 de junho<br \/>Dia da Independ\u00eancia, sexta -feira, 4 de julho<br \/>Dia do Trabalho, segunda -feira, 1 de setembro<br \/>Dia de Colombo, segunda -feira, 13 de outubro<br \/>Dia dos Veteranos, ter\u00e7a -feira, 11 de novembro<br \/>Dia de A\u00e7\u00e3o de Gra\u00e7as, quinta -feira, 27 de novembro<br \/>Dia de Natal, quinta -feira, 25 de dezembro<\/p>\n<h3>O que est\u00e1 aberto e fechado?<\/h3>\n<p>Alguns dos servi\u00e7os que ser\u00e3o fechados na segunda -feira para o Dia dos Presidentes incluem: <\/p>\n<p>O sistema do Federal Reserve n\u00e3o estar\u00e1 operando, o que significa que a maioria dos bancos ser\u00e1 fechada. Os caixas eletr\u00f4nicos funcionar\u00e3o como de costume.<\/p>\n<p>A Bolsa de Valores de Nova York, a NASDAQ e os mercados de t\u00edtulos ser\u00e3o fechados. O mesmo acontecer\u00e1 com o Servi\u00e7o Postal dos EUA. O Dia dos Presidentes tamb\u00e9m \u00e9 um feriado para funcion\u00e1rios da Patch.<\/p>\n<p>Tribunais, vila, cidade e prefeituras e escrit\u00f3rios governamentais n\u00e3o essenciais ser\u00e3o fechados na maioria dos casos. O mesmo acontece com o Departamento de Escrit\u00f3rios de Ve\u00edculos Motorizados.<\/p>\n<\/div>\n<div class=\"styles_HTMLContent__LDG2k\">\n<p>Muitas escolas estar\u00e3o fechadas, mas isso geralmente \u00e9 uma decis\u00e3o local. Os cronogramas de coleta de lixo tamb\u00e9m s\u00e3o definidos localmente; portanto, verifique com o governo local.<\/p>\n<p><em>A Associated Press contribuiu com relat\u00f3rios.<\/em><\/p>\n<\/div>\n<hr\/>\n<p>Receba mais not\u00edcias locais entregues diretamente \u00e0 sua caixa de entrada.<!-- --> <a target=\"_blank\" href=\"http:\/\/patch.com\/subscribe\" class=\"\">Inscreva -se em boletins e alertas de patch gratuitos.<\/a><\/div>\n<p><br \/>\n<br \/><a href=\"http:\/\/patch.com\/us\/across-america\/george-washington-had-2-birthdays-more-know-presidents-day?utm_source=article-mostrecent&#038;utm_medium=rss&#038;utm_term=seasonal%20%26%20holidays&#038;utm_campaign=recirc&#038;utm_content=aol\">Source link <\/a><\/p>","protected":false},"excerpt":{"rendered":"<p>Bancos, correios e outros servi\u00e7os ser\u00e3o fechados na segunda -feira, 17 de fevereiro, para Dia dos Presidentesum feriado estabelecido pelo Congresso d\u00e9cadas atr\u00e1s para mudar a celebra\u00e7\u00e3o do anivers\u00e1rio de&hellip;<\/p>","protected":false},"author":1,"featured_media":103695,"comment_status":"closed","ping_status":"open","sticky":false,"template":"","format":"standard","meta":{"content-type":"","footnotes":""},"categories":[1],"tags":[],"class_list":["post-103694","post","type-post","status-publish","format-standard","has-post-thumbnail","hentry","category-uncategorized"],"_links":{"self":[{"href":"https:\/\/tvbrazilusa.com\/pt\/wp-json\/wp\/v2\/posts\/103694","targetHints":{"allow":["GET"]}}],"collection":[{"href":"https:\/\/tvbrazilusa.com\/pt\/wp-json\/wp\/v2\/posts"}],"about":[{"href":"https:\/\/tvbrazilusa.com\/pt\/wp-json\/wp\/v2\/types\/post"}],"author":[{"embeddable":true,"href":"https:\/\/tvbrazilusa.com\/pt\/wp-json\/wp\/v2\/users\/1"}],"replies":[{"embeddable":true,"href":"https:\/\/tvbrazilusa.com\/pt\/wp-json\/wp\/v2\/comments?post=103694"}],"version-history":[{"count":1,"href":"https:\/\/tvbrazilusa.com\/pt\/wp-json\/wp\/v2\/posts\/103694\/revisions"}],"predecessor-version":[{"id":103696,"href":"https:\/\/tvbrazilusa.com\/pt\/wp-json\/wp\/v2\/posts\/103694\/revisions\/103696"}],"wp:featuredmedia":[{"embeddable":true,"href":"https:\/\/tvbrazilusa.com\/pt\/wp-json\/wp\/v2\/media\/103695"}],"wp:attachment":[{"href":"https:\/\/tvbrazilusa.com\/pt\/wp-json\/wp\/v2\/media?parent=103694"}],"wp:term":[{"taxonomy":"category","embeddable":true,"href":"https:\/\/tvbrazilusa.com\/pt\/wp-json\/wp\/v2\/categories?post=103694"},{"taxonomy":"post_tag","embeddable":true,"href":"https:\/\/tvbrazilusa.com\/pt\/wp-json\/wp\/v2\/tags?post=103694"}],"curies":[{"name":"wp","href":"https:\/\/api.w.org\/{rel}","templated":true}]}}