{"id":103745,"date":"2025-02-17T13:43:59","date_gmt":"2025-02-17T13:43:59","guid":{"rendered":"https:\/\/tvbrazilusa.com\/2025\/02\/17\/haddad-afirma-que-inflacao-entre-4-e-5-esta-dentro-dos-parametros-do-plano-real\/"},"modified":"2025-02-17T13:44:00","modified_gmt":"2025-02-17T13:44:00","slug":"haddad-afirma-que-inflacao-entre-4-e-5-esta-dentro-dos-parametros-do-plano-real","status":"publish","type":"post","link":"https:\/\/tvbrazilusa.com\/pt\/2025\/02\/17\/haddad-afirma-que-inflacao-entre-4-e-5-esta-dentro-dos-parametros-do-plano-real\/","title":{"rendered":"Haddad afirma que infla\u00e7\u00e3o entre 4% e 5% est\u00e1 dentro dos par\u00e2metros do Plano Real"},"content":{"rendered":"<p> <script async src=\"https:\/\/pagead2.googlesyndication.com\/pagead\/js\/adsbygoogle.js?client=ca-pub-8864793242727901\"\r\n     crossorigin=\"anonymous\"><\/script><br \/>\n<\/p>\n<div id=\"taboola-read-more\" style=\"display:block; width:100%\">\n<p>O ministro da Fazenda, Fernando Haddad, disse nesta segunda-feira, 17, que Brasil tem uma infla\u00e7\u00e3o em torno de 4% a 5% e que est\u00e1 \u201crelativamente\u201d dentro da normalidade para o Plano Real. A fala foi feita durante sua participa\u00e7\u00e3o no painel \u201cUm caminho para a resili\u00eancia dos Mercados Emergentes\u201d na Confer\u00eancia do Fundo Monet\u00e1rio Internacional (FMI) em Al-Ula, na Ar\u00e1bia Saudita.\n<\/p>\n<p>O ministro afirmou que o pa\u00eds deixou para tr\u00e1s o per\u00edodo em que os indicadores de pre\u00e7o superavam o patamar dos dois d\u00edgitos. Ele lembrou, ainda, que o c\u00e2mbio e a valoriza\u00e7\u00e3o do d\u00f3lar no mundo pressionaram a infla\u00e7\u00e3o. Isso exigiu a a\u00e7\u00e3o do Banco Central, que adotou uma pol\u00edtica monet\u00e1ria contracionista para controlar a infla\u00e7\u00e3o. Com a valoriza\u00e7\u00e3o do real ante o d\u00f3lar nas \u00faltimas semanas, o ministro espera uma estabiliza\u00e7\u00e3o nos pre\u00e7os.<\/p>\n<p>A vis\u00e3o do mercado \u00e9 diferente da do ministro, j\u00e1 que os analistas voltaram a subir as proje\u00e7\u00f5es do IPCA. A aposta do mercado \u00e9 que indicador encerre o ano em 5,6% neste ano. Apesar da fala de Haddad estar correta em termos temporais, h\u00e1 um problema, j\u00e1 que o centro da meta de infla\u00e7\u00e3o definido pelo Conselho Monet\u00e1rio Nacional (CMN) \u00e9 de 3%. Isso implica em a\u00e7\u00f5es para levar a infla\u00e7\u00e3o para dentro deste patamar, e n\u00e3o trabalhar com o limite da meta, que vai at\u00e9 4,5%.\n<\/p>\n<p><strong>Crescimento da economia<\/strong><br \/>Durante o evento, o ministro defendeu a reforma tribut\u00e1ria sobre o sistema de consumo e disse que o ajuste fiscal que est\u00e1 em curso n\u00e3o \u00e9 recessivo. Para Haddad, esse ajuste garantiu uma taxa de crescimento pr\u00f3xima de 3,5% em 2024, mesmo com a eleva\u00e7\u00e3o dos juros para garantir a converg\u00eancia da infla\u00e7\u00e3o \u00e0 meta \u2014 que \u00e9 de 3%.\n<\/p>\n<p>\u201cO aumento das taxas ser\u00e1 no curto prazo. O d\u00f3lar voltou a um n\u00edvel adequado e caiu 10% nos \u00faltimos 60 dias. Eu acho que isso vai fazer com que a infla\u00e7\u00e3o se estabilize\u201d, afirmou. Ao iniciar sua fala, Haddad defendeu que o Brasil trabalha para encontrar um caminho de equil\u00edbrio e sustentabilidade, mesmo encarando um ajuste fiscal importante e em meio a adversidades do cen\u00e1rio externo, como o fortalecimento do d\u00f3lar.\n<\/p>\n<p>O debate foi mediado pela diretora-gerente do Fundo Monet\u00e1rio Internacional (FMI), Kristalina Georgieva, que refor\u00e7ou no in\u00edcio de sua fala que o foco na resili\u00eancia ganhou relev\u00e2ncia nos \u00faltimos anos com o aumento da frequ\u00eancia e intensidade dos choques. Por isso, defendeu que as economias tenham capacidade para antecip\u00e1-los e tamb\u00e9m para absorver esses impactos.\n<\/p>\n<p>Fonte: Veja              <\/p>\n<\/div>\n<p><br \/>\n<br \/><a href=\"https:\/\/diariodobrasilnoticias.com.br\/noticia\/haddad-afirma-que-inflacao-entre-4-e-5-esta-dentro-dos-parametros-do-plano-real-67b337b262044\">Source link <\/a><\/p>","protected":false},"excerpt":{"rendered":"<p>O ministro da Fazenda, Fernando Haddad, disse nesta segunda-feira, 17, que Brasil tem uma infla\u00e7\u00e3o em torno de 4% a 5% e que est\u00e1 \u201crelativamente\u201d dentro da normalidade para o&hellip;<\/p>","protected":false},"author":1,"featured_media":103746,"comment_status":"closed","ping_status":"open","sticky":false,"template":"","format":"standard","meta":{"content-type":"","footnotes":""},"categories":[16],"tags":[123,2448,5313,1267],"class_list":["post-103745","post","type-post","status-publish","format-standard","has-post-thumbnail","hentry","category-noticias","tag-brasil","tag-diario","tag-noticia","tag-noticias"],"_links":{"self":[{"href":"https:\/\/tvbrazilusa.com\/pt\/wp-json\/wp\/v2\/posts\/103745","targetHints":{"allow":["GET"]}}],"collection":[{"href":"https:\/\/tvbrazilusa.com\/pt\/wp-json\/wp\/v2\/posts"}],"about":[{"href":"https:\/\/tvbrazilusa.com\/pt\/wp-json\/wp\/v2\/types\/post"}],"author":[{"embeddable":true,"href":"https:\/\/tvbrazilusa.com\/pt\/wp-json\/wp\/v2\/users\/1"}],"replies":[{"embeddable":true,"href":"https:\/\/tvbrazilusa.com\/pt\/wp-json\/wp\/v2\/comments?post=103745"}],"version-history":[{"count":1,"href":"https:\/\/tvbrazilusa.com\/pt\/wp-json\/wp\/v2\/posts\/103745\/revisions"}],"predecessor-version":[{"id":103747,"href":"https:\/\/tvbrazilusa.com\/pt\/wp-json\/wp\/v2\/posts\/103745\/revisions\/103747"}],"wp:featuredmedia":[{"embeddable":true,"href":"https:\/\/tvbrazilusa.com\/pt\/wp-json\/wp\/v2\/media\/103746"}],"wp:attachment":[{"href":"https:\/\/tvbrazilusa.com\/pt\/wp-json\/wp\/v2\/media?parent=103745"}],"wp:term":[{"taxonomy":"category","embeddable":true,"href":"https:\/\/tvbrazilusa.com\/pt\/wp-json\/wp\/v2\/categories?post=103745"},{"taxonomy":"post_tag","embeddable":true,"href":"https:\/\/tvbrazilusa.com\/pt\/wp-json\/wp\/v2\/tags?post=103745"}],"curies":[{"name":"wp","href":"https:\/\/api.w.org\/{rel}","templated":true}]}}