{"id":103751,"date":"2025-02-17T14:02:13","date_gmt":"2025-02-17T14:02:13","guid":{"rendered":"https:\/\/tvbrazilusa.com\/2025\/02\/17\/zelensky-afirma-que-nao-participara-de-dialogo-entre-eua-e-russia-e-rejeitara-propostas-do-encontro\/"},"modified":"2025-02-17T14:02:15","modified_gmt":"2025-02-17T14:02:15","slug":"zelensky-afirma-que-nao-participara-de-dialogo-entre-eua-e-russia-e-rejeitara-propostas-do-encontro","status":"publish","type":"post","link":"https:\/\/tvbrazilusa.com\/pt\/2025\/02\/17\/zelensky-afirma-que-nao-participara-de-dialogo-entre-eua-e-russia-e-rejeitara-propostas-do-encontro\/","title":{"rendered":"Zelensky afirma que n\u00e3o participar\u00e1 de di\u00e1logo entre EUA e R\u00fassia e rejeitar\u00e1 propostas do encontro"},"content":{"rendered":"<p> <script async src=\"https:\/\/pagead2.googlesyndication.com\/pagead\/js\/adsbygoogle.js?client=ca-pub-8864793242727901\"\r\n     crossorigin=\"anonymous\"><\/script><br \/>\n<\/p>\n<div id=\"taboola-read-more\" style=\"display:block; width:100%\">\n<p>O presidente ucraniano, Volodymyr Zelensky, disse nesta segunda-feira (17) que n\u00e3o participar\u00e1 do di\u00e1logo entre Estados Unidos e R\u00fassia para discutir propostas para o fim da guerra na Ucr\u00e2nia. Zelensky afirmou tamb\u00e9m que n\u00e3o aceitar\u00e1 essas propostas.\n<\/p>\n<p>Na ter\u00e7a-feira (18), representantes dos Estados Unidos e da R\u00fassia se reunir\u00e3o na Ar\u00e1bia Saudita para debater um acordo para concluir o conflito, que completar\u00e1 tr\u00eas anos no fim de fevereiro.<\/p>\n<p>Fontes ouvidas por ag\u00eancias de not\u00edcias afirmavam que Zelensky nem sequer havia sido convidado para o encontro, proposto pelo governo de Donald Trump. Nesta segunda, o presidente ucraniano n\u00e3o deixou claro se recebeu convite ou n\u00e3o, mas deixou claro que n\u00e3o participar\u00e1 dele.\n<\/p>\n<p>Na semana passada, Trump chegou a anunciar um encontro entre autoridades dos Estados Unidos, Ucr\u00e2nia e R\u00fassia na Alemanha, na sexta-feira (14).Mas o governo ucraniano afirmou que n\u00e3o conversaria com os russos antes de tra\u00e7ar um plano com seus aliados.\n<\/p>\n<p>Reuni\u00e3o da UE em Paris<br \/>J\u00e1 Paris, na Fran\u00e7a, ser\u00e1 palco de uma reuni\u00e3o de emerg\u00eancia com l\u00edderes europeus sobre a guerra na Ucr\u00e2nia nesta segunda-feira (17). No radar est\u00e3o conversas entre Estados Unidos e R\u00fassia sobre um poss\u00edvel acordo para p\u00f4r fim ao conflito, que completar\u00e1 tr\u00eas anos no pr\u00f3ximo dia 24.<\/p>\n<p>Fonte: G1              <\/p>\n<\/div>\n<p><br \/>\n<br \/><a href=\"https:\/\/diariodobrasilnoticias.com.br\/noticia\/zelensky-afirma-que-nao-participara-de-dialogo-entre-eua-e-russia-e-rejeitara-propostas-do-encontro-67b338811d260\">Source link <\/a><\/p>","protected":false},"excerpt":{"rendered":"<p>O presidente ucraniano, Volodymyr Zelensky, disse nesta segunda-feira (17) que n\u00e3o participar\u00e1 do di\u00e1logo entre Estados Unidos e R\u00fassia para discutir propostas para o fim da guerra na Ucr\u00e2nia. Zelensky&hellip;<\/p>","protected":false},"author":1,"featured_media":103752,"comment_status":"closed","ping_status":"open","sticky":false,"template":"","format":"standard","meta":{"content-type":"","footnotes":""},"categories":[16],"tags":[123,2448,5313,1267],"class_list":["post-103751","post","type-post","status-publish","format-standard","has-post-thumbnail","hentry","category-noticias","tag-brasil","tag-diario","tag-noticia","tag-noticias"],"_links":{"self":[{"href":"https:\/\/tvbrazilusa.com\/pt\/wp-json\/wp\/v2\/posts\/103751","targetHints":{"allow":["GET"]}}],"collection":[{"href":"https:\/\/tvbrazilusa.com\/pt\/wp-json\/wp\/v2\/posts"}],"about":[{"href":"https:\/\/tvbrazilusa.com\/pt\/wp-json\/wp\/v2\/types\/post"}],"author":[{"embeddable":true,"href":"https:\/\/tvbrazilusa.com\/pt\/wp-json\/wp\/v2\/users\/1"}],"replies":[{"embeddable":true,"href":"https:\/\/tvbrazilusa.com\/pt\/wp-json\/wp\/v2\/comments?post=103751"}],"version-history":[{"count":1,"href":"https:\/\/tvbrazilusa.com\/pt\/wp-json\/wp\/v2\/posts\/103751\/revisions"}],"predecessor-version":[{"id":103753,"href":"https:\/\/tvbrazilusa.com\/pt\/wp-json\/wp\/v2\/posts\/103751\/revisions\/103753"}],"wp:featuredmedia":[{"embeddable":true,"href":"https:\/\/tvbrazilusa.com\/pt\/wp-json\/wp\/v2\/media\/103752"}],"wp:attachment":[{"href":"https:\/\/tvbrazilusa.com\/pt\/wp-json\/wp\/v2\/media?parent=103751"}],"wp:term":[{"taxonomy":"category","embeddable":true,"href":"https:\/\/tvbrazilusa.com\/pt\/wp-json\/wp\/v2\/categories?post=103751"},{"taxonomy":"post_tag","embeddable":true,"href":"https:\/\/tvbrazilusa.com\/pt\/wp-json\/wp\/v2\/tags?post=103751"}],"curies":[{"name":"wp","href":"https:\/\/api.w.org\/{rel}","templated":true}]}}