{"id":103777,"date":"2025-02-17T15:20:09","date_gmt":"2025-02-17T15:20:09","guid":{"rendered":"https:\/\/tvbrazilusa.com\/2025\/02\/17\/congresso-pode-impor-bandeira-vermelha-2-em-contas-de-luz-por-25-anos-entenda\/"},"modified":"2025-02-17T15:20:10","modified_gmt":"2025-02-17T15:20:10","slug":"congresso-pode-impor-bandeira-vermelha-2-em-contas-de-luz-por-25-anos-entenda","status":"publish","type":"post","link":"https:\/\/tvbrazilusa.com\/pt\/2025\/02\/17\/congresso-pode-impor-bandeira-vermelha-2-em-contas-de-luz-por-25-anos-entenda\/","title":{"rendered":"Congresso pode impor bandeira vermelha 2 em contas de luz por 25 anos; ENTENDA"},"content":{"rendered":"<p> <script async src=\"https:\/\/pagead2.googlesyndication.com\/pagead\/js\/adsbygoogle.js?client=ca-pub-8864793242727901\"\r\n     crossorigin=\"anonymous\"><\/script><br \/>\n<\/p>\n<div>\n<p class=\"postParagraph_post-paragraph__juWZN\">Isso por conta de uma emenda alheia ao restante do texto que cria um custo de R$ 550 bilh\u00f5es ao longo de 25 anos, como se fosse uma bandeira vermelha 2, segundo alerta um estudo da Frente Nacional de Consumidores. O item foi vetado por Lula, mas o Congresso se movimenta para derrub\u00e1-lo quando convocar a primeira sess\u00e3o conjunta da C\u00e2mara dos Deputados com o Senado.<\/p>\n<\/div>\n<div>\n<p class=\"postParagraph_post-paragraph-innerHtml__Q5vwc\">\u201cN\u00f3s passamos um ano chamando a aten\u00e7\u00e3o dos parlamentares, principalmente dos senadores, que a aprova\u00e7\u00e3o daquela jabutizada iria implicar num custo adicional de R$ 550 bilh\u00f5es, e surpreendentemente, a sociedade n\u00e3o se sensibilizou, muito menos os senadores, que aprovaram\u201d, disse Luiz Eduardo Barata, presidente da Frente Nacional dos Consumidores de Energia, em entrevista \u00e0\u00a0<em>Folha de S. Paulo<\/em>\u00a0publicada nesta segunda (17).\n<\/p>\n<div>\n<p class=\"postParagraph_post-paragraph__juWZN\">De acordo com ele, como a explica\u00e7\u00e3o em termos monet\u00e1rios n\u00e3o sensibilizou o Legislativo e nem a sociedade, o jeito foi praticamente desenhar o significado deste aumento: o famoso sistema de bandeiras tarif\u00e1rias impostas dependendo da eleva\u00e7\u00e3o dos custos de gera\u00e7\u00e3o de energia.\n<\/p>\n<\/div>\n<div>\n<p class=\"postParagraph_post-paragraph__juWZN\">\u201cAcho que agora fica claro o que os parlamentares v\u00e3o fazer se insistirem nos jabutis: obrigar o pa\u00eds a viver mais de duas d\u00e9cadas pagando bandeira vermelha na conta de luz\u201d, alertou.\n<\/p>\n<\/div>\n<div>\n<p class=\"postParagraph_post-paragraph__juWZN\">Enquanto que a bandeira verde \u2013 em vigor atualmente \u2013 n\u00e3o imp\u00f5e nenhum custo extra, a bandeira amarela adiciona R$ 1,88 a cada 100 kWh consumidos. J\u00e1 a vermelha 1 acrescenta R$ 4,46, e a vermelha 2, aplicada apenas em per\u00edodos de escassez e alto custo de gera\u00e7\u00e3o, tem um acr\u00e9scimo de R$ 7,87.\n<\/p>\n<\/div>\n<div>\n<p class=\"postParagraph_post-paragraph__juWZN\">Se os jabutis vetados forem mantidos, o aumento anual na tarifa ser\u00e1 equivalente a R$ 7,63 a cada 100 kWh consumidos, representando um acr\u00e9scimo permanente na conta de luz, sem rela\u00e7\u00e3o com crises h\u00eddricas.\n<\/p>\n<\/div>\n<div>\n<p class=\"postParagraph_post-paragraph__juWZN\">A Frente Nacional de Consumidores comparou os custos da crise h\u00eddrica de 2021, quando a conta das bandeiras arrecadou R$ 20,6 bilh\u00f5es e a tarifa teve um aumento m\u00e9dio de 7%. Com os dispositivos inclu\u00eddos no projeto da Lei das E\u00f3licas, a despesa adicional na conta de luz ser\u00e1 de R$ 20 bilh\u00f5es por ano at\u00e9 2050, elevando a tarifa em cerca de 9%.\n<\/p>\n<\/div>\n<div>\n<p class=\"postParagraph_post-paragraph__juWZN\">Barata critica o fato de que os parlamentares costumam se manifestar contra as bandeiras tarif\u00e1rias da Aneel, mas agora defendem dispositivos que ter\u00e3o um impacto ainda maior e sem embasamento t\u00e9cnico. Para ele, essas emendas representam um aumento permanente, sem justificativa e sem garantia de benef\u00edcio ao consumidor.\n<\/p>\n<div>\n<p class=\"postParagraph_post-paragraph__juWZN\">As emendas que geram esse impacto incluem a contrata\u00e7\u00e3o compuls\u00f3ria de t\u00e9rmicas a g\u00e1s inflex\u00edveis, pequenas centrais hidrel\u00e9tricas (PCHs) e energia e\u00f3lica na regi\u00e3o Sul, al\u00e9m da posterga\u00e7\u00e3o de incentivos \u00e0 micro e minigera\u00e7\u00e3o distribu\u00edda e a usinas t\u00e9rmicas a carv\u00e3o.\n<\/p>\n<\/div>\n<div>\n<p class=\"postParagraph_post-paragraph__juWZN\">Tamb\u00e9m est\u00e3o previstos benef\u00edcios para contratos do Proinfa (Programa de Incentivo \u00e0s Fontes Alternativas de Energia El\u00e9trica) e a constru\u00e7\u00e3o de uma planta de hidrog\u00eanio.\n<\/p>\n<p class=\"postParagraph_post-paragraph__juWZN\">\u00a0\n<\/p>\n<p class=\"postParagraph_post-paragraph__juWZN\">Fonte: Gazeta do Povo\n<\/p>\n<\/div>\n<p class=\"postParagraph_post-paragraph__juWZN\">\u00a0\n<\/p>\n<\/div>\n<\/div>\n<p><br \/>\n<br \/><a href=\"https:\/\/diariodobrasilnoticias.com.br\/noticia\/congresso-pode-impor-bandeira-vermelha-2-em-contas-de-luz-por-25-anos-entenda-67b32c8f85622\">Source link <\/a><\/p>","protected":false},"excerpt":{"rendered":"<p>Isso por conta de uma emenda alheia ao restante do texto que cria um custo de R$ 550 bilh\u00f5es ao longo de 25 anos, como se fosse uma bandeira vermelha&hellip;<\/p>","protected":false},"author":1,"featured_media":103778,"comment_status":"closed","ping_status":"open","sticky":false,"template":"","format":"standard","meta":{"content-type":"","footnotes":""},"categories":[16],"tags":[123,2448,5313,1267],"class_list":["post-103777","post","type-post","status-publish","format-standard","has-post-thumbnail","hentry","category-noticias","tag-brasil","tag-diario","tag-noticia","tag-noticias"],"_links":{"self":[{"href":"https:\/\/tvbrazilusa.com\/pt\/wp-json\/wp\/v2\/posts\/103777","targetHints":{"allow":["GET"]}}],"collection":[{"href":"https:\/\/tvbrazilusa.com\/pt\/wp-json\/wp\/v2\/posts"}],"about":[{"href":"https:\/\/tvbrazilusa.com\/pt\/wp-json\/wp\/v2\/types\/post"}],"author":[{"embeddable":true,"href":"https:\/\/tvbrazilusa.com\/pt\/wp-json\/wp\/v2\/users\/1"}],"replies":[{"embeddable":true,"href":"https:\/\/tvbrazilusa.com\/pt\/wp-json\/wp\/v2\/comments?post=103777"}],"version-history":[{"count":1,"href":"https:\/\/tvbrazilusa.com\/pt\/wp-json\/wp\/v2\/posts\/103777\/revisions"}],"predecessor-version":[{"id":103779,"href":"https:\/\/tvbrazilusa.com\/pt\/wp-json\/wp\/v2\/posts\/103777\/revisions\/103779"}],"wp:featuredmedia":[{"embeddable":true,"href":"https:\/\/tvbrazilusa.com\/pt\/wp-json\/wp\/v2\/media\/103778"}],"wp:attachment":[{"href":"https:\/\/tvbrazilusa.com\/pt\/wp-json\/wp\/v2\/media?parent=103777"}],"wp:term":[{"taxonomy":"category","embeddable":true,"href":"https:\/\/tvbrazilusa.com\/pt\/wp-json\/wp\/v2\/categories?post=103777"},{"taxonomy":"post_tag","embeddable":true,"href":"https:\/\/tvbrazilusa.com\/pt\/wp-json\/wp\/v2\/tags?post=103777"}],"curies":[{"name":"wp","href":"https:\/\/api.w.org\/{rel}","templated":true}]}}