{"id":103780,"date":"2025-02-17T15:33:30","date_gmt":"2025-02-17T15:33:30","guid":{"rendered":"https:\/\/tvbrazilusa.com\/2025\/02\/17\/saiba-quando-o-senado-de-alcolumbre-comeca-a-trabalhar\/"},"modified":"2025-02-17T15:33:31","modified_gmt":"2025-02-17T15:33:31","slug":"saiba-quando-o-senado-de-alcolumbre-comeca-a-trabalhar","status":"publish","type":"post","link":"https:\/\/tvbrazilusa.com\/pt\/2025\/02\/17\/saiba-quando-o-senado-de-alcolumbre-comeca-a-trabalhar\/","title":{"rendered":"Saiba quando o Senado de Alcolumbre come\u00e7a a trabalhar"},"content":{"rendered":"<p> <script async src=\"https:\/\/pagead2.googlesyndication.com\/pagead\/js\/adsbygoogle.js?client=ca-pub-8864793242727901\"\r\n     crossorigin=\"anonymous\"><\/script><br \/>\n<\/p>\n<div id=\"taboola-read-more\" style=\"display:block; width:100%\">\n<p>Passadas duas semanas desde o fim do recesso parlamentar, o Senado Federal, presidido pelo senador Davi Alcolumbre (Uni\u00e3o-AP), deve realizar sua primeira sess\u00e3o na plen\u00e1rio apenas na quarta-feira, 19.\n<\/p>\n<p>Na ter\u00e7a, 18, est\u00e1 agendado um encontro de l\u00edderes para definir a pauta.<\/p>\n<p>Devido \u00e0 aus\u00eancia de atividades, duas reuni\u00f5es de Comiss\u00e3o Parlamentar de Inqu\u00e9rito (CPI) da Manipula\u00e7\u00e3o de Jogos e Apostas Esportivas n\u00e3o ocorreram, embora estivessem agendadas para a semana passada.\n<\/p>\n<p><strong>Onde estava Alcolumbre?<\/strong><br \/>Enquanto o Senado estava parado, Davi Alcolumbre participou de um encontro com novos prefeitos em Bras\u00edlia e de reuni\u00f5es com integrantes do governo Lula (PT) na ter\u00e7a, 11.\n<\/p>\n<p>Na quinta, 13, ele acompanhou o presidente Lula em um evento para a entrega de moradias e doa\u00e7\u00e3o de terras da Uni\u00e3o em Macap\u00e1, capital do Amap\u00e1.\n<\/p>\n<p>\u201cVim \u00e0 minha terra para, com o peito cheio de orgulho, comemorar: o Amap\u00e1 \u00e9 dos amapaenses.\n<\/p>\n<p>Foram 35 anos de espera e um compromisso firmado. E hoje iniciamos um novo cap\u00edtulo na hist\u00f3ria do Amap\u00e1 e na vida de milhares de pessoas!\u201d, escreveu Alcolumbre no Instagram ao compartilhar um trecho de seu discurso no evento.\n<\/p>\n<p><strong>Parad\u00e3o<\/strong><br \/>O senador Eduardo Gir\u00e3o (Novo-CE) criticou a falta de atividades no Senado.\n<\/p>\n<p>\u201cNo meu modo de entender, a inten\u00e7\u00e3o \u00e9 silenciar os discursos da oposi\u00e7\u00e3o, de cr\u00edtica ao governo. Alcolumbre anda junto com o governo Lula, joga com o governo Lula. Para mim, \u00e9 um jogo a favor do governo. N\u00e3o s\u00f3 do Supremo, que a gente sabe que com o Supremo ele j\u00e1 anda h\u00e1 muito tempo, mas gora com o governo Lula. \u00c9 para calar, para silenciar a voz da tribuna. \u00c9 a segunda semana que nada tem\u201d, afirmou o senador a O Antagonista.\n<\/p>\n<p>\u201cO Senado j\u00e1 come\u00e7a mal. \u00c9 uma democracia relativa, alinhada ao presidente Lula e ao STF. Vemos o Senado se aproximando dessa situa\u00e7\u00e3o, negando at\u00e9 os discursos feitos nas sess\u00f5es de pronunciamento, as chamadas sess\u00f5es n\u00e3o deliberativas, durante a semana. O sil\u00eancio do Senado diz muito sobre o rebaixamento ao Supremo, e ao governo Lula. A Casa considera conveniente manter-se em sil\u00eancio diante das den\u00fancias que v\u00e3o se acumulando\u201d, acrescentou.\n<\/p>\n<p>No Meio-Dia em Bras\u00edlia, o parlamentar mostrou uma pasta cheia de discursos que n\u00e3o conseguiu fazer porque o plen\u00e1rio do Senado estava fechado.\n<\/p>\n<p>Fonte: O antagonista              <\/p>\n<\/div>\n<p><br \/>\n<br \/><a href=\"https:\/\/diariodobrasilnoticias.com.br\/noticia\/saiba-quando-o-senado-de-alcolumbre-comeca-a-trabalhar-67b331a37519d\">Source link <\/a><\/p>","protected":false},"excerpt":{"rendered":"<p>Passadas duas semanas desde o fim do recesso parlamentar, o Senado Federal, presidido pelo senador Davi Alcolumbre (Uni\u00e3o-AP), deve realizar sua primeira sess\u00e3o na plen\u00e1rio apenas na quarta-feira, 19. Na&hellip;<\/p>","protected":false},"author":1,"featured_media":103781,"comment_status":"closed","ping_status":"open","sticky":false,"template":"","format":"standard","meta":{"content-type":"","footnotes":""},"categories":[16],"tags":[123,2448,5313,1267],"class_list":["post-103780","post","type-post","status-publish","format-standard","has-post-thumbnail","hentry","category-noticias","tag-brasil","tag-diario","tag-noticia","tag-noticias"],"_links":{"self":[{"href":"https:\/\/tvbrazilusa.com\/pt\/wp-json\/wp\/v2\/posts\/103780","targetHints":{"allow":["GET"]}}],"collection":[{"href":"https:\/\/tvbrazilusa.com\/pt\/wp-json\/wp\/v2\/posts"}],"about":[{"href":"https:\/\/tvbrazilusa.com\/pt\/wp-json\/wp\/v2\/types\/post"}],"author":[{"embeddable":true,"href":"https:\/\/tvbrazilusa.com\/pt\/wp-json\/wp\/v2\/users\/1"}],"replies":[{"embeddable":true,"href":"https:\/\/tvbrazilusa.com\/pt\/wp-json\/wp\/v2\/comments?post=103780"}],"version-history":[{"count":1,"href":"https:\/\/tvbrazilusa.com\/pt\/wp-json\/wp\/v2\/posts\/103780\/revisions"}],"predecessor-version":[{"id":103782,"href":"https:\/\/tvbrazilusa.com\/pt\/wp-json\/wp\/v2\/posts\/103780\/revisions\/103782"}],"wp:featuredmedia":[{"embeddable":true,"href":"https:\/\/tvbrazilusa.com\/pt\/wp-json\/wp\/v2\/media\/103781"}],"wp:attachment":[{"href":"https:\/\/tvbrazilusa.com\/pt\/wp-json\/wp\/v2\/media?parent=103780"}],"wp:term":[{"taxonomy":"category","embeddable":true,"href":"https:\/\/tvbrazilusa.com\/pt\/wp-json\/wp\/v2\/categories?post=103780"},{"taxonomy":"post_tag","embeddable":true,"href":"https:\/\/tvbrazilusa.com\/pt\/wp-json\/wp\/v2\/tags?post=103780"}],"curies":[{"name":"wp","href":"https:\/\/api.w.org\/{rel}","templated":true}]}}