{"id":103891,"date":"2025-02-17T20:59:32","date_gmt":"2025-02-17T20:59:32","guid":{"rendered":"https:\/\/tvbrazilusa.com\/2025\/02\/17\/globo-e-condenada-a-pagar-indenizacao-a-suzane-von-richthofen-veja-quanto\/"},"modified":"2025-02-17T20:59:33","modified_gmt":"2025-02-17T20:59:33","slug":"globo-e-condenada-a-pagar-indenizacao-a-suzane-von-richthofen-veja-quanto","status":"publish","type":"post","link":"https:\/\/tvbrazilusa.com\/pt\/2025\/02\/17\/globo-e-condenada-a-pagar-indenizacao-a-suzane-von-richthofen-veja-quanto\/","title":{"rendered":"Globo \u00e9 condenada a pagar indeniza\u00e7\u00e3o a Suzane von Richthofen; veja quanto"},"content":{"rendered":"<p> <script async src=\"https:\/\/pagead2.googlesyndication.com\/pagead\/js\/adsbygoogle.js?client=ca-pub-8864793242727901\"\r\n     crossorigin=\"anonymous\"><\/script><br \/>\n<\/p>\n<div id=\"taboola-read-more\" style=\"display:block; width:100%\">\n<p>O TJ-SP (Tribunal de Justi\u00e7a de S\u00e3o Paulo) condenou, em 2\u00aa inst\u00e2ncia, a rede Globo a indenizar Suzane von Richthofen -que recentemente adotou o nome da av\u00f3 materna e passou a se chamar Suzane Louise Magnani Muniz- em R$ 10.000 por conta de uma reportagem veiculada no Fant\u00e1stico em junho de 2018. Cabe recurso.\n<\/p>\n<p>Na ocasi\u00e3o, o programa mostrou um laudo psicol\u00f3gico, feito para avaliar se ela poderia ou n\u00e3o cumprir o restante da pena em regime semiaberto, que a definia com uma \u201cpersonalidade manipuladora e agressividade camuflada\u201d. As informa\u00e7\u00f5es s\u00e3o do Portal F5.<\/p>\n<p>Por se tratar de um processo que corria em segredo, a defesa de Suzane alegou que ela teve sua liberdade invadida. Relator do caso, Rui Cascaldi disse que ela tinha \u201cdireitos individuais\u201d, apesar de ter cometido um crime que \u201cfaz parte da hist\u00f3ria criminal do pa\u00eds\u201d.\n<\/p>\n<p>\u201cEssa esp\u00e9cie de divulga\u00e7\u00e3o, resguardada a liberdade que a imprensa deve ter em um pa\u00eds democr\u00e1tico como o Brasil, transborda a mera informa\u00e7\u00e3o\u201c, declarou Cascaldi.\n<\/p>\n<p>Relembre o caso<br \/>Em 31 de outubro de 2002, Suzane abriu a porta da mans\u00e3o da fam\u00edlia no Brooklin, em S\u00e3o Paulo, para que os irm\u00e3os Cravinhos pudessem acessar a resid\u00eancia. Depois disso eles foram para o 2\u00ba andar do im\u00f3vel e mataram Manfred e Mar\u00edsia com marretadas na cabe\u00e7a.\n<\/p>\n<p>Suzane Louisa Magnani Muniz foi condenada a 39 anos de pris\u00e3o pelo assassinato dos pais, em 2002. A partir de 2015, passou ao regime semiaberto em Trememb\u00e9, S\u00e3o Paulo. Em dezembro de 2023, declarou uni\u00e3o est\u00e1vel com o m\u00e9dico Felipe Zecchini Muniz em um cart\u00f3rio de Angatuba, no interior de S\u00e3o Paulo.\n<\/p>\n<p>J\u00e1 Daniel Cravinhos, ex-namorado de Richthofen e respons\u00e1vel pelas mortes, foi condenado a 39 anos e 6 meses. Cumpre pena em regime aberto desde 2017.\n<\/p>\n<p>Fonte: Poder 360              <\/p>\n<\/div>\n<p><br \/>\n<br \/><a href=\"https:\/\/diariodobrasilnoticias.com.br\/noticia\/globo-e-condenada-a-pagar-indenizacao-a-suzane-von-richthofen-veja-quanto-67b37cd62cd03\">Source link <\/a><\/p>","protected":false},"excerpt":{"rendered":"<p>O TJ-SP (Tribunal de Justi\u00e7a de S\u00e3o Paulo) condenou, em 2\u00aa inst\u00e2ncia, a rede Globo a indenizar Suzane von Richthofen -que recentemente adotou o nome da av\u00f3 materna e passou&hellip;<\/p>","protected":false},"author":1,"featured_media":103892,"comment_status":"closed","ping_status":"open","sticky":false,"template":"","format":"standard","meta":{"content-type":"","footnotes":""},"categories":[16],"tags":[123,2448,5313,1267],"class_list":["post-103891","post","type-post","status-publish","format-standard","has-post-thumbnail","hentry","category-noticias","tag-brasil","tag-diario","tag-noticia","tag-noticias"],"_links":{"self":[{"href":"https:\/\/tvbrazilusa.com\/pt\/wp-json\/wp\/v2\/posts\/103891","targetHints":{"allow":["GET"]}}],"collection":[{"href":"https:\/\/tvbrazilusa.com\/pt\/wp-json\/wp\/v2\/posts"}],"about":[{"href":"https:\/\/tvbrazilusa.com\/pt\/wp-json\/wp\/v2\/types\/post"}],"author":[{"embeddable":true,"href":"https:\/\/tvbrazilusa.com\/pt\/wp-json\/wp\/v2\/users\/1"}],"replies":[{"embeddable":true,"href":"https:\/\/tvbrazilusa.com\/pt\/wp-json\/wp\/v2\/comments?post=103891"}],"version-history":[{"count":1,"href":"https:\/\/tvbrazilusa.com\/pt\/wp-json\/wp\/v2\/posts\/103891\/revisions"}],"predecessor-version":[{"id":103893,"href":"https:\/\/tvbrazilusa.com\/pt\/wp-json\/wp\/v2\/posts\/103891\/revisions\/103893"}],"wp:featuredmedia":[{"embeddable":true,"href":"https:\/\/tvbrazilusa.com\/pt\/wp-json\/wp\/v2\/media\/103892"}],"wp:attachment":[{"href":"https:\/\/tvbrazilusa.com\/pt\/wp-json\/wp\/v2\/media?parent=103891"}],"wp:term":[{"taxonomy":"category","embeddable":true,"href":"https:\/\/tvbrazilusa.com\/pt\/wp-json\/wp\/v2\/categories?post=103891"},{"taxonomy":"post_tag","embeddable":true,"href":"https:\/\/tvbrazilusa.com\/pt\/wp-json\/wp\/v2\/tags?post=103891"}],"curies":[{"name":"wp","href":"https:\/\/api.w.org\/{rel}","templated":true}]}}