{"id":103896,"date":"2025-02-17T21:11:19","date_gmt":"2025-02-17T21:11:19","guid":{"rendered":"https:\/\/tvbrazilusa.com\/2025\/02\/17\/caso-madeleine-mccann-dna-de-jovem-polonesa-teria-ligacao-com-cena-do-crime\/"},"modified":"2025-02-17T21:11:20","modified_gmt":"2025-02-17T21:11:20","slug":"caso-madeleine-mccann-dna-de-jovem-polonesa-teria-ligacao-com-cena-do-crime","status":"publish","type":"post","link":"https:\/\/tvbrazilusa.com\/pt\/2025\/02\/17\/caso-madeleine-mccann-dna-de-jovem-polonesa-teria-ligacao-com-cena-do-crime\/","title":{"rendered":"Caso Madeleine McCann: DNA de jovem polonesa teria liga\u00e7\u00e3o com cena do crime"},"content":{"rendered":"<p> <script async src=\"https:\/\/pagead2.googlesyndication.com\/pagead\/js\/adsbygoogle.js?client=ca-pub-8864793242727901\"\r\n     crossorigin=\"anonymous\"><\/script><br \/>\n<\/p>\n<div id=\"taboola-read-more\" style=\"display:block; width:100%\">\n<p>Julia Wandelt, de 23 anos, voltou a gerar pol\u00eamica ao divulgar um novo conjunto de testes de DNA que, segundo ela, demonstram uma poss\u00edvel conex\u00e3o biol\u00f3gica entre ela e Gerry McCann, pai de Madeleine McCann, desaparecida em 2007 em Portugal.\n<\/p>\n<p>A jovem, que ficou conhecida em 2023 ao criar um perfil no Instagram afirmando ser a menina brit\u00e2nica desaparecida, teve seus primeiros testes refutados por uma investigadora particular, que alegou que seu DNA era 100% polon\u00eas. No entanto, Wandelt afirma que esses resultados n\u00e3o eram verdadeiros e apresentou uma nova an\u00e1lise conduzida pelo bioqu\u00edmico Monte Miller.<\/p>\n<p>Os novos exames indicariam uma correspond\u00eancia de 69,23% entre o DNA de Julia e amostras supostamente retiradas da cena do crime, incluindo fios de cabelo encontrados no ch\u00e3o e saliva coletada de um cobertor. Al\u00e9m disso, segundo a jovem, os resultados sugerem que seu DNA paterno corresponderia ao de Gerry McCann.\n<\/p>\n<p>Mesmo com essas alega\u00e7\u00f5es, os pais de Madeleine, Kate e Gerry McCann, t\u00eam se recusado a fazer um teste de DNA, assim como os pais poloneses de Julia. Seu assessor de imprensa, Surjit Singh Clair, criticou a falta de interesse das autoridades em investigar essa nova evid\u00eancia.\n<\/p>\n<p>A Pol\u00edcia Metropolitana de Londres, que ainda trabalha na Opera\u00e7\u00e3o Grange, respons\u00e1vel pelo caso Madeleine e que foi lan\u00e7ada em 2011 pelo governo brit\u00e2nico, n\u00e3o se manifestou sobre os novos testes apresentados por Julia.\n<\/p>\n<p>Fonte:R7              <\/p>\n<\/div>\n<p><br \/>\n<br \/><a href=\"https:\/\/diariodobrasilnoticias.com.br\/noticia\/caso-madeleine-mccann-dna-de-jovem-polonesa-teria-ligacao-com-cena-do-crime-67b37f95a6752\">Source link <\/a><\/p>","protected":false},"excerpt":{"rendered":"<p>Julia Wandelt, de 23 anos, voltou a gerar pol\u00eamica ao divulgar um novo conjunto de testes de DNA que, segundo ela, demonstram uma poss\u00edvel conex\u00e3o biol\u00f3gica entre ela e Gerry&hellip;<\/p>","protected":false},"author":1,"featured_media":103897,"comment_status":"closed","ping_status":"open","sticky":false,"template":"","format":"standard","meta":{"content-type":"","footnotes":""},"categories":[16],"tags":[123,2448,5313,1267],"class_list":["post-103896","post","type-post","status-publish","format-standard","has-post-thumbnail","hentry","category-noticias","tag-brasil","tag-diario","tag-noticia","tag-noticias"],"_links":{"self":[{"href":"https:\/\/tvbrazilusa.com\/pt\/wp-json\/wp\/v2\/posts\/103896","targetHints":{"allow":["GET"]}}],"collection":[{"href":"https:\/\/tvbrazilusa.com\/pt\/wp-json\/wp\/v2\/posts"}],"about":[{"href":"https:\/\/tvbrazilusa.com\/pt\/wp-json\/wp\/v2\/types\/post"}],"author":[{"embeddable":true,"href":"https:\/\/tvbrazilusa.com\/pt\/wp-json\/wp\/v2\/users\/1"}],"replies":[{"embeddable":true,"href":"https:\/\/tvbrazilusa.com\/pt\/wp-json\/wp\/v2\/comments?post=103896"}],"version-history":[{"count":1,"href":"https:\/\/tvbrazilusa.com\/pt\/wp-json\/wp\/v2\/posts\/103896\/revisions"}],"predecessor-version":[{"id":103898,"href":"https:\/\/tvbrazilusa.com\/pt\/wp-json\/wp\/v2\/posts\/103896\/revisions\/103898"}],"wp:featuredmedia":[{"embeddable":true,"href":"https:\/\/tvbrazilusa.com\/pt\/wp-json\/wp\/v2\/media\/103897"}],"wp:attachment":[{"href":"https:\/\/tvbrazilusa.com\/pt\/wp-json\/wp\/v2\/media?parent=103896"}],"wp:term":[{"taxonomy":"category","embeddable":true,"href":"https:\/\/tvbrazilusa.com\/pt\/wp-json\/wp\/v2\/categories?post=103896"},{"taxonomy":"post_tag","embeddable":true,"href":"https:\/\/tvbrazilusa.com\/pt\/wp-json\/wp\/v2\/tags?post=103896"}],"curies":[{"name":"wp","href":"https:\/\/api.w.org\/{rel}","templated":true}]}}