{"id":103989,"date":"2025-02-18T02:02:42","date_gmt":"2025-02-18T02:02:42","guid":{"rendered":"https:\/\/tvbrazilusa.com\/2025\/02\/18\/novas-imagens-do-aviao-que-capotou-no-canada-veja-video\/"},"modified":"2025-02-18T02:02:43","modified_gmt":"2025-02-18T02:02:43","slug":"novas-imagens-do-aviao-que-capotou-no-canada-veja-video","status":"publish","type":"post","link":"https:\/\/tvbrazilusa.com\/pt\/2025\/02\/18\/novas-imagens-do-aviao-que-capotou-no-canada-veja-video\/","title":{"rendered":"Novas imagens do avi\u00e3o que capotou no Canad\u00e1; VEJA V\u00cdDEO"},"content":{"rendered":"<p> <script async src=\"https:\/\/pagead2.googlesyndication.com\/pagead\/js\/adsbygoogle.js?client=ca-pub-8864793242727901\"\r\n     crossorigin=\"anonymous\"><\/script><br \/>\n<\/p>\n<div id=\"taboola-read-more\" style=\"display:block; width:100%\">\n<p>Nesta segunda-feira (17\/02\/2025), um avi\u00e3o da Delta Airlines, modelo Mitsubishi CRJ-900, capotou ao pousar no Aeroporto Internacional Pearson de Toronto, no Canad\u00e1. Com 80 pessoas a bordo, o incidente deixou pelo menos 15 feridos, tr\u00eas em estado grave, incluindo uma crian\u00e7a. As imagens divulgadas mostram a aeronave de cabe\u00e7a para baixo, com as asas quebradas, enquanto equipes de emerg\u00eancia trabalhavam para combater as chamas e evacuar os passageiros. Ainda n\u00e3o est\u00e1 claro o que causou o acidente, mas fortes nevascas foram relatadas na regi\u00e3o, possivelmente contribuindo para a ocorr\u00eancia.\n<\/p>\n<p><strong>ASSISTA:<\/strong><\/p>\n<p><strong><iframe title=\"Avi\u00e3o capota no Canad\u00e1 e deixa uma pessoa em estado grave | CNN 360\u00b0\" width=\"1170\" height=\"658\" src=\"https:\/\/www.youtube.com\/embed\/L0oE9prGG7Q?feature=oembed\" frameborder=\"0\" allow=\"accelerometer; autoplay; clipboard-write; encrypted-media; gyroscope; picture-in-picture; web-share\" referrerpolicy=\"strict-origin-when-cross-origin\" allowfullscreen><\/iframe><\/strong>\n<\/p>\n<p>Fonte: CNN Brasil \/ YouTube              <\/p>\n<\/div>\n<p><br \/>\n<br \/><a href=\"https:\/\/diariodobrasilnoticias.com.br\/noticia\/novas-imagens-do-aviao-que-capotou-no-canada-veja-video-67b3c0fdcd4ad\">Source link <\/a><\/p>","protected":false},"excerpt":{"rendered":"<p>Nesta segunda-feira (17\/02\/2025), um avi\u00e3o da Delta Airlines, modelo Mitsubishi CRJ-900, capotou ao pousar no Aeroporto Internacional Pearson de Toronto, no Canad\u00e1. Com 80 pessoas a bordo, o incidente deixou&hellip;<\/p>","protected":false},"author":1,"featured_media":103990,"comment_status":"closed","ping_status":"open","sticky":false,"template":"","format":"standard","meta":{"content-type":"","footnotes":""},"categories":[16],"tags":[123,2448,5313,1267],"class_list":["post-103989","post","type-post","status-publish","format-standard","has-post-thumbnail","hentry","category-noticias","tag-brasil","tag-diario","tag-noticia","tag-noticias"],"_links":{"self":[{"href":"https:\/\/tvbrazilusa.com\/pt\/wp-json\/wp\/v2\/posts\/103989","targetHints":{"allow":["GET"]}}],"collection":[{"href":"https:\/\/tvbrazilusa.com\/pt\/wp-json\/wp\/v2\/posts"}],"about":[{"href":"https:\/\/tvbrazilusa.com\/pt\/wp-json\/wp\/v2\/types\/post"}],"author":[{"embeddable":true,"href":"https:\/\/tvbrazilusa.com\/pt\/wp-json\/wp\/v2\/users\/1"}],"replies":[{"embeddable":true,"href":"https:\/\/tvbrazilusa.com\/pt\/wp-json\/wp\/v2\/comments?post=103989"}],"version-history":[{"count":1,"href":"https:\/\/tvbrazilusa.com\/pt\/wp-json\/wp\/v2\/posts\/103989\/revisions"}],"predecessor-version":[{"id":103991,"href":"https:\/\/tvbrazilusa.com\/pt\/wp-json\/wp\/v2\/posts\/103989\/revisions\/103991"}],"wp:featuredmedia":[{"embeddable":true,"href":"https:\/\/tvbrazilusa.com\/pt\/wp-json\/wp\/v2\/media\/103990"}],"wp:attachment":[{"href":"https:\/\/tvbrazilusa.com\/pt\/wp-json\/wp\/v2\/media?parent=103989"}],"wp:term":[{"taxonomy":"category","embeddable":true,"href":"https:\/\/tvbrazilusa.com\/pt\/wp-json\/wp\/v2\/categories?post=103989"},{"taxonomy":"post_tag","embeddable":true,"href":"https:\/\/tvbrazilusa.com\/pt\/wp-json\/wp\/v2\/tags?post=103989"}],"curies":[{"name":"wp","href":"https:\/\/api.w.org\/{rel}","templated":true}]}}