{"id":103992,"date":"2025-02-18T02:13:03","date_gmt":"2025-02-18T02:13:03","guid":{"rendered":"https:\/\/tvbrazilusa.com\/2025\/02\/18\/moraes-declara-que-a-defesa-de-bolsonaro-teve-acesso-as-provas-do-inquerito-relacionado-a-suposta-tentativa-de-golpe\/"},"modified":"2025-02-18T02:13:05","modified_gmt":"2025-02-18T02:13:05","slug":"moraes-declara-que-a-defesa-de-bolsonaro-teve-acesso-as-provas-do-inquerito-relacionado-a-suposta-tentativa-de-golpe","status":"publish","type":"post","link":"https:\/\/tvbrazilusa.com\/pt\/2025\/02\/18\/moraes-declara-que-a-defesa-de-bolsonaro-teve-acesso-as-provas-do-inquerito-relacionado-a-suposta-tentativa-de-golpe\/","title":{"rendered":"Moraes declara que a defesa de Bolsonaro teve acesso \u00e0s provas do inqu\u00e9rito relacionado \u00e0 suposta tentativa de golpe"},"content":{"rendered":"<p> <script async src=\"https:\/\/pagead2.googlesyndication.com\/pagead\/js\/adsbygoogle.js?client=ca-pub-8864793242727901\"\r\n     crossorigin=\"anonymous\"><\/script><br \/>\n<\/p>\n<div id=\"taboola-read-more\" style=\"display:block; width:100%\">\n<p>O ministro Alexandre de Moraes, do Supremo Tribunal Federal (STF), considerou \u201csem objeto\u201d o pedido da defesa do ex-presidente Jair Bolsonaro (PL) para ter acesso \u00e0s provas do inqu\u00e9rito que investiga uma suposta tentativa de golpe de Estado. Segundo o magistrado, os advogados j\u00e1 receberam todos os autos do processo.\n<\/p>\n<p>\u201cO pedido da defesa mostra-se prejudicado, pois Jair Messias Bolsonaro tem garantido o acesso total aos autos e a todos os seus documentos e m\u00eddias\u201d, alegou Moraes. Com isso, o novo requerimento n\u00e3o ser\u00e1 analisado.<\/p>\n<p>O ministro disse ainda que garantiu o amplo direito \u00e0 defesa. \u201cO amplo acesso aos elementos de prova j\u00e1 documentado nos autos est\u00e1 plenamente garantido \u00e0 defesa dos investigados, inclu\u00eddo o requerente Jair Messias Bolsonaro, o que permanecer\u00e1 at\u00e9 o encerramento da investiga\u00e7\u00e3o\u201d, sustentou.\n<\/p>\n<p>Alexandre de Moraes diz que defesa recebeu c\u00f3pias dos documentos<br \/>Moraes afirmou tamb\u00e9m que a defesa j\u00e1 havia obtido c\u00f3pias dos documentos e despachos antes mesmo do levantamento do sigilo da investiga\u00e7\u00e3o. Segundo ele, os advogados podem retirar novas c\u00f3pias junto \u00e0 Secretaria Judici\u00e1ria do STF.\n<\/p>\n<p>A defesa fez a solicita\u00e7\u00e3o na quinta-feira 13. Ela diz que as m\u00eddias entregues estavam incompletas e n\u00e3o inclu\u00edam todas as provas do caso. Os advogados tamb\u00e9m denunciaram o cerceamento da defesa, ao argumentar que encerraram-se as dilig\u00eancias. O inqu\u00e9rito est\u00e1 sob an\u00e1lise da Procuradoria-Geral da Rep\u00fablica (PGR).\n<\/p>\n<p>\u201cEssas m\u00eddias n\u00e3o contemplam nem a totalidade da prova j\u00e1 utilizada nos autos (representa\u00e7\u00e3o inicial e relat\u00f3rio final), nem da prova obtida depois de encerrada a fase de cumprimento de dilig\u00eancias, ou seja, quando estas n\u00e3o estavam mais em curso\u201d, escreveu a defesa do ex-presidente.\n<\/p>\n<p>A Pol\u00edcia Federal (PF) indiciou Bolsonaro em novembro de 2024, junto de outras 39 pessoas. Ex-ministros e militares de alta patente, como os generais Braga Netto e Augusto Heleno, tamb\u00e9m est\u00e3o no \u00e2mbito do inqu\u00e9rito.\n<\/p>\n<p>Fonte: Revista Oeste              <\/p>\n<\/div>\n<p><br \/>\n<br \/><a href=\"https:\/\/diariodobrasilnoticias.com.br\/noticia\/moraes-declara-que-a-defesa-de-bolsonaro-teve-acesso-as-provas-do-inquerito-relacionado-a-suposta-tentativa-de-golpe-67b3c20f6b78e\">Source link <\/a><\/p>","protected":false},"excerpt":{"rendered":"<p>O ministro Alexandre de Moraes, do Supremo Tribunal Federal (STF), considerou \u201csem objeto\u201d o pedido da defesa do ex-presidente Jair Bolsonaro (PL) para ter acesso \u00e0s provas do inqu\u00e9rito que&hellip;<\/p>","protected":false},"author":1,"featured_media":103993,"comment_status":"closed","ping_status":"open","sticky":false,"template":"","format":"standard","meta":{"content-type":"","footnotes":""},"categories":[16],"tags":[123,2448,5313,1267],"class_list":["post-103992","post","type-post","status-publish","format-standard","has-post-thumbnail","hentry","category-noticias","tag-brasil","tag-diario","tag-noticia","tag-noticias"],"_links":{"self":[{"href":"https:\/\/tvbrazilusa.com\/pt\/wp-json\/wp\/v2\/posts\/103992","targetHints":{"allow":["GET"]}}],"collection":[{"href":"https:\/\/tvbrazilusa.com\/pt\/wp-json\/wp\/v2\/posts"}],"about":[{"href":"https:\/\/tvbrazilusa.com\/pt\/wp-json\/wp\/v2\/types\/post"}],"author":[{"embeddable":true,"href":"https:\/\/tvbrazilusa.com\/pt\/wp-json\/wp\/v2\/users\/1"}],"replies":[{"embeddable":true,"href":"https:\/\/tvbrazilusa.com\/pt\/wp-json\/wp\/v2\/comments?post=103992"}],"version-history":[{"count":1,"href":"https:\/\/tvbrazilusa.com\/pt\/wp-json\/wp\/v2\/posts\/103992\/revisions"}],"predecessor-version":[{"id":103994,"href":"https:\/\/tvbrazilusa.com\/pt\/wp-json\/wp\/v2\/posts\/103992\/revisions\/103994"}],"wp:featuredmedia":[{"embeddable":true,"href":"https:\/\/tvbrazilusa.com\/pt\/wp-json\/wp\/v2\/media\/103993"}],"wp:attachment":[{"href":"https:\/\/tvbrazilusa.com\/pt\/wp-json\/wp\/v2\/media?parent=103992"}],"wp:term":[{"taxonomy":"category","embeddable":true,"href":"https:\/\/tvbrazilusa.com\/pt\/wp-json\/wp\/v2\/categories?post=103992"},{"taxonomy":"post_tag","embeddable":true,"href":"https:\/\/tvbrazilusa.com\/pt\/wp-json\/wp\/v2\/tags?post=103992"}],"curies":[{"name":"wp","href":"https:\/\/api.w.org\/{rel}","templated":true}]}}