{"id":103998,"date":"2025-02-18T02:36:47","date_gmt":"2025-02-18T02:36:47","guid":{"rendered":"https:\/\/tvbrazilusa.com\/2025\/02\/18\/ex-presidente-argentino-e-investigado-por-violencia-domestica-contra-sua-ex-esposa\/"},"modified":"2025-02-18T02:36:49","modified_gmt":"2025-02-18T02:36:49","slug":"ex-presidente-argentino-e-investigado-por-violencia-domestica-contra-sua-ex-esposa","status":"publish","type":"post","link":"https:\/\/tvbrazilusa.com\/pt\/2025\/02\/18\/ex-presidente-argentino-e-investigado-por-violencia-domestica-contra-sua-ex-esposa\/","title":{"rendered":"Ex-presidente argentino \u00e9 investigado por viol\u00eancia dom\u00e9stica contra sua ex-esposa"},"content":{"rendered":"<p> <script async src=\"https:\/\/pagead2.googlesyndication.com\/pagead\/js\/adsbygoogle.js?client=ca-pub-8864793242727901\"\r\n     crossorigin=\"anonymous\"><\/script><br \/>\n<\/p>\n<div>\n<figure class=\"post-image\">\n<\/figure>\n<p>            <span style=\"font-size: 12px\">Spencer Platt\/Getty Images<\/span><\/p>\n<p>            <!-- end metas --><br \/>\n            <!-- ADS --><\/p>\n<div id=\"taboola-read-more\" style=\"display:block; width:100%\">\n<p>O ex-presidente da Argentina Alberto Fern\u00e1ndez virou r\u00e9u no caso que apura um suposto caso de viol\u00eancia de g\u00eanero contra sua ex-esposa, Fabiola Ya\u00f1ez, ap\u00f3s a Justi\u00e7a argentina o indiciar nesta segunda-feira (17\/2).\n<\/p>\n<p>O que est\u00e1 acontecendo<br \/>Alberto Fern\u00e1ndez governou a Argentina entre 2019 e 2023.<br \/>As acusa\u00e7\u00f5es de viol\u00eancia contra a mulher vieram \u00e0 tona em agosto de 2024, ap\u00f3s mensagens de texto sobre o assunto vazarem na imprensa argentina. <br \/>A ex-esposa de Fern\u00e1ndez, Fabiola Y\u00e1\u00f1ez, ainda acusa o ex-presidente de coer\u00e7\u00e3o, para impedir que as supostas agress\u00f5es fossem denunciadas. <br \/>De acordo com a Justi\u00e7a do pa\u00eds, Fern\u00e1ndez \u00e9 acusado de agredir e amea\u00e7ar sua ex-companheira em 2021, quando ainda ocupava a presid\u00eancia argentina. Al\u00e9m da acusa\u00e7\u00e3o, o juiz respons\u00e1vel pelo caso, Juli\u00e1n Ercolini, ordenou o congelamento de cerca de dez milh\u00f5es de pesos argentinos do ex-presidente.<\/p>\n<p>O ex-presidente do pa\u00eds chegou a prestar depoimento no \u00faltimo dia 4 de fevereiro, quando se disse inocente. Na ocasi\u00e3o, o ex-mandat\u00e1rio da Argentina afirmou que apanhava da ex-esposa.\n<\/p>\n<p>Caso condenado, Fern\u00e1ndez pode pegar at\u00e9 18 anos de pris\u00e3o.\n<\/p>\n<p>Fonte: Metr\u00f3poles              <\/p>\n<\/div>\n<p>                        <!-- Scripts para conteudo --><\/p>\n<p>            <!-- .\/Scripts para conteudo --><br \/>\n            <!-- .\/Mat\u00e9ria --><\/p>\n<div class=\"row mt-3\">\n<div class=\"col-sm-6\">\n                <!-- Whatsapp channel 3--><br \/>\n                <a href=\"https:\/\/chat.whatsapp.com\/B8Qy6Erx4kb6yTzj3kaDco\" target=\"_blank\"><br \/>\n                  <img decoding=\"async\" src=\"https:\/\/diariodobrasilnoticias.com.br\/assets-site\/images\/bot_whatsapp.png\"\/><\/a>\n              <\/div>\n<div class=\"col-sm-6\">\n                <a href=\"https:\/\/t.me\/+_4gTmi5LKo03OTM5\" target=\"_blank\"><br \/>\n                  <img decoding=\"async\" src=\"https:\/\/diariodobrasilnoticias.com.br\/assets-site\/images\/bot_telegram.png\"\/><\/a>\n              <\/div>\n<\/p><\/div>\n<p>            <!-- end post-navigation --><\/p>\n<p>              <!-- end row --><\/p>\n<p>              <!-- end col-12-->\n                      <\/div>\n<p><br \/>\n<br \/><a href=\"https:\/\/diariodobrasilnoticias.com.br\/noticia\/ex-presidente-argentino-e-investigado-por-violencia-domestica-contra-sua-ex-esposa-67b3aeb914cfe\">Source link <\/a><\/p>","protected":false},"excerpt":{"rendered":"<p>Spencer Platt\/Getty Images O ex-presidente da Argentina Alberto Fern\u00e1ndez virou r\u00e9u no caso que apura um suposto caso de viol\u00eancia de g\u00eanero contra sua ex-esposa, Fabiola Ya\u00f1ez, ap\u00f3s a Justi\u00e7a&hellip;<\/p>","protected":false},"author":1,"featured_media":103999,"comment_status":"closed","ping_status":"open","sticky":false,"template":"","format":"standard","meta":{"content-type":"","footnotes":""},"categories":[16],"tags":[123,2448,5313,1267],"class_list":["post-103998","post","type-post","status-publish","format-standard","has-post-thumbnail","hentry","category-noticias","tag-brasil","tag-diario","tag-noticia","tag-noticias"],"_links":{"self":[{"href":"https:\/\/tvbrazilusa.com\/pt\/wp-json\/wp\/v2\/posts\/103998","targetHints":{"allow":["GET"]}}],"collection":[{"href":"https:\/\/tvbrazilusa.com\/pt\/wp-json\/wp\/v2\/posts"}],"about":[{"href":"https:\/\/tvbrazilusa.com\/pt\/wp-json\/wp\/v2\/types\/post"}],"author":[{"embeddable":true,"href":"https:\/\/tvbrazilusa.com\/pt\/wp-json\/wp\/v2\/users\/1"}],"replies":[{"embeddable":true,"href":"https:\/\/tvbrazilusa.com\/pt\/wp-json\/wp\/v2\/comments?post=103998"}],"version-history":[{"count":1,"href":"https:\/\/tvbrazilusa.com\/pt\/wp-json\/wp\/v2\/posts\/103998\/revisions"}],"predecessor-version":[{"id":104000,"href":"https:\/\/tvbrazilusa.com\/pt\/wp-json\/wp\/v2\/posts\/103998\/revisions\/104000"}],"wp:featuredmedia":[{"embeddable":true,"href":"https:\/\/tvbrazilusa.com\/pt\/wp-json\/wp\/v2\/media\/103999"}],"wp:attachment":[{"href":"https:\/\/tvbrazilusa.com\/pt\/wp-json\/wp\/v2\/media?parent=103998"}],"wp:term":[{"taxonomy":"category","embeddable":true,"href":"https:\/\/tvbrazilusa.com\/pt\/wp-json\/wp\/v2\/categories?post=103998"},{"taxonomy":"post_tag","embeddable":true,"href":"https:\/\/tvbrazilusa.com\/pt\/wp-json\/wp\/v2\/tags?post=103998"}],"curies":[{"name":"wp","href":"https:\/\/api.w.org\/{rel}","templated":true}]}}