{"id":10400,"date":"2024-07-27T20:10:46","date_gmt":"2024-07-27T20:10:46","guid":{"rendered":"https:\/\/tvbrazilusa.com\/2024\/07\/27\/familias-de-minas-gerais-sao-processadas-por-praticar-homeschooling-paulo-figueiredo\/"},"modified":"2024-07-28T05:19:33","modified_gmt":"2024-07-28T05:19:33","slug":"familias-de-minas-gerais-sao-processadas-por-praticar-homeschooling-paulo-figueiredo","status":"publish","type":"post","link":"https:\/\/tvbrazilusa.com\/pt\/2024\/07\/27\/familias-de-minas-gerais-sao-processadas-por-praticar-homeschooling-paulo-figueiredo\/","title":{"rendered":"Fam\u00edlias de Minas Gerais s\u00e3o processadas por praticar homeschooling &#8211; Paulo Figueiredo"},"content":{"rendered":"<p> <script async src=\"https:\/\/pagead2.googlesyndication.com\/pagead\/js\/adsbygoogle.js?client=ca-pub-8864793242727901\"\r\n     crossorigin=\"anonymous\"><\/script><br \/>\n<\/p>\n<div id=\"wtr-content\" data-bg=\"#FFFFFF\" data-fg=\"#006d91\" data-width=\"25\" data-mute=\"1\" data-fgopacity=\"1.00\" data-mutedopacity=\"0.5\" data-placement=\"bottom\" data-placement-offset=\"0\" data-content-offset=\"262\" data-placement-touch=\"bottom\" data-placement-offset-touch=\"0\" data-transparent=\"\" data-shadow=\"0\" data-touch=\"1\" data-non-touch=\"1\" data-comments=\"0\" data-commentsbg=\"transparent\" data-location=\"page\" data-mutedfg=\"#006d91\" data-endfg=\"#006d91\" data-rtl=\"\">\n<h3 class=\"wp-block-heading\">Cinco fam\u00edlias de Manhua\u00e7u, em Minas Gerais, est\u00e3o sendo processadas por praticar homeschooling<\/h3>\n<p>O\u00a0<strong>Minist\u00e9rio P\u00fablico de Minas Gerais<\/strong>\u00a0entrou com uma a\u00e7\u00e3o judicial para que cinco fam\u00edlias de Manhua\u00e7u, na Zona da Mata mineira, matriculem seus filhos na rede formal de ensino. A den\u00fancia partiu do conselho tutelar da cidade, que informou que as crian\u00e7as e os adolescentes est\u00e3o em ensino domiciliar (<em>homeschooling<\/em>).<\/p>\n<p>O promotor Reinaldo Lara, da 4\u00aa Promotoria de Justi\u00e7a de Defesa da Inf\u00e2ncia e Juventude, disse que o \u00f3rg\u00e3o se reuniu com seis fam\u00edlias para resolver a quest\u00e3o de forma extrajudicial, mas apenas uma delas seguiu a recomenda\u00e7\u00e3o e matriculou os filhos na rede formal.<\/p>\n<blockquote class=\"wp-block-quote is-layout-flow wp-block-quote-is-layout-flow\">\n<p>\u201cAs outras fam\u00edlias alegaram que a escola p\u00fablica n\u00e3o seria um lugar seguro para que os filhos pudessem estudar\u201d, disse o promotor. \u201cEm rela\u00e7\u00e3o \u00e0 rede privada, afirmaram que o ensino domiciliar seria mais eficiente, que as crian\u00e7as tinham um aproveitamento maior e estudavam at\u00e9 latim nas suas resid\u00eancias\u201d.<\/p>\n<\/blockquote>\n<p>Lara tamb\u00e9m mencionou que algumas crian\u00e7as nunca frequentaram a escola, enquanto outras abandonaram a rede de ensino durante a pandemia, quando as aulas foram transferidas para o ambiente on-line.<\/p>\n<p>Os nomes dos pais n\u00e3o foram divulgados, pois o caso est\u00e1 em sigilo. A Prefeitura de Manhua\u00e7u afirmou que ainda n\u00e3o foi notificada para se manifestar sobre o caso, pois ele ainda ser\u00e1 julgado pelo juiz.<\/p>\n<h3 class=\"wp-block-heading\">\u201cEscola \u00e9 crucial para o desenvolvimento\u201d, alega promotoria<\/h3>\n<p>A promotoria solicitou \u00e0\u00a0<strong>Justi\u00e7a<\/strong>\u00a0a concess\u00e3o da tutela de urg\u00eancia para que as crian\u00e7as e os adolescentes sejam matriculados e frequentem a escola regularmente no prazo de dez dias.<\/p>\n<blockquote class=\"wp-block-quote is-layout-flow wp-block-quote-is-layout-flow\">\n<p>\u201cA escola tem um papel crucial no desenvolvimento integral da crian\u00e7a\u201d, prosseguiu o promotor. \u201cAl\u00e9m de providenciar aprendizado acad\u00eamico, ela tamb\u00e9m oferece um ambiente para socializa\u00e7\u00e3o, desenvolvimento de atividades interpessoais, constru\u00e7\u00e3o de valores, identidades, al\u00e9m de proporcionar atividades culturais e esportivas.\u201d<\/p>\n<\/blockquote>\n<p>Em caso de descumprimento da ordem judicial, as fam\u00edlias podem ser multadas e responder por desobedi\u00eancia.<\/p>\n<h3 class=\"wp-block-heading\">Decis\u00f5es do STF e projetos legislativos sobre\u00a0<em>homeschooling<\/em><\/h3>\n<p>Em 2018, o STF decidiu que o ensino domiciliar n\u00e3o pode ser considerado um meio l\u00edcito para garantir a educa\u00e7\u00e3o das crian\u00e7as devido \u00e0 aus\u00eancia de uma lei que o regulamente.<\/p>\n<p>Em 2022, a C\u00e2mara dos Deputados aprovou um projeto que libera o\u00a0<em>homeschooling<\/em>. A proposta foi encaminhada ao Senado, mas n\u00e3o foi ao plen\u00e1rio desde ent\u00e3o.<\/p>\n<p>O Minist\u00e9rio P\u00fablico tamb\u00e9m pediu \u00e0 Justi\u00e7a a concess\u00e3o da tutela de urg\u00eancia para que o munic\u00edpio de Manhua\u00e7u e o Estado de Minas Gerais promovam a busca ativa dessas crian\u00e7as e adolescentes, facilitando suas matr\u00edculas na rede de ensino.<\/p>\n<p><strong><a href=\"https:\/\/revistaoeste.com\/brasil\/familias-de-minas-gerais-sao-processadas-por-praticar-homeschooling\/#google_vignette\">Source link<\/a><\/strong><\/p>\n<\/div>\n<p><br \/>\n<br \/><a href=\"https:\/\/paulofigueiredoshow.com\/familias-de-minas-gerais-sao-processadas-por-praticar-homeschooling\/\">Source link <\/a><\/p>","protected":false},"excerpt":{"rendered":"<p>Cinco fam\u00edlias de Manhua\u00e7u, em Minas Gerais, est\u00e3o sendo processadas por praticar homeschooling O\u00a0Minist\u00e9rio P\u00fablico de Minas Gerais\u00a0entrou com uma a\u00e7\u00e3o judicial para que cinco fam\u00edlias de Manhua\u00e7u, na Zona&hellip;<\/p>","protected":false},"author":1,"featured_media":10401,"comment_status":"closed","ping_status":"open","sticky":false,"template":"","format":"standard","meta":{"content-type":"","footnotes":""},"categories":[16],"tags":[123,3197,3198,3199,3200,3201,871],"class_list":["post-10400","post","type-post","status-publish","format-standard","has-post-thumbnail","hentry","category-noticias","tag-brasil","tag-familias","tag-homeschooling","tag-minas-gerais","tag-mp","tag-processa","tag-stf"],"_links":{"self":[{"href":"https:\/\/tvbrazilusa.com\/pt\/wp-json\/wp\/v2\/posts\/10400","targetHints":{"allow":["GET"]}}],"collection":[{"href":"https:\/\/tvbrazilusa.com\/pt\/wp-json\/wp\/v2\/posts"}],"about":[{"href":"https:\/\/tvbrazilusa.com\/pt\/wp-json\/wp\/v2\/types\/post"}],"author":[{"embeddable":true,"href":"https:\/\/tvbrazilusa.com\/pt\/wp-json\/wp\/v2\/users\/1"}],"replies":[{"embeddable":true,"href":"https:\/\/tvbrazilusa.com\/pt\/wp-json\/wp\/v2\/comments?post=10400"}],"version-history":[{"count":1,"href":"https:\/\/tvbrazilusa.com\/pt\/wp-json\/wp\/v2\/posts\/10400\/revisions"}],"predecessor-version":[{"id":10402,"href":"https:\/\/tvbrazilusa.com\/pt\/wp-json\/wp\/v2\/posts\/10400\/revisions\/10402"}],"wp:featuredmedia":[{"embeddable":true,"href":"https:\/\/tvbrazilusa.com\/pt\/wp-json\/wp\/v2\/media\/10401"}],"wp:attachment":[{"href":"https:\/\/tvbrazilusa.com\/pt\/wp-json\/wp\/v2\/media?parent=10400"}],"wp:term":[{"taxonomy":"category","embeddable":true,"href":"https:\/\/tvbrazilusa.com\/pt\/wp-json\/wp\/v2\/categories?post=10400"},{"taxonomy":"post_tag","embeddable":true,"href":"https:\/\/tvbrazilusa.com\/pt\/wp-json\/wp\/v2\/tags?post=10400"}],"curies":[{"name":"wp","href":"https:\/\/api.w.org\/{rel}","templated":true}]}}