{"id":104001,"date":"2025-02-18T02:48:48","date_gmt":"2025-02-18T02:48:48","guid":{"rendered":"https:\/\/tvbrazilusa.com\/2025\/02\/18\/duda-salabert-propoe-que-a-capital-do-brasil-seja-transferida-para-belem\/"},"modified":"2025-02-18T02:48:50","modified_gmt":"2025-02-18T02:48:50","slug":"duda-salabert-propoe-que-a-capital-do-brasil-seja-transferida-para-belem","status":"publish","type":"post","link":"https:\/\/tvbrazilusa.com\/pt\/2025\/02\/18\/duda-salabert-propoe-que-a-capital-do-brasil-seja-transferida-para-belem\/","title":{"rendered":"Duda Salabert prop\u00f5e que a capital do Brasil seja transferida para Bel\u00e9m"},"content":{"rendered":"<p> <script async src=\"https:\/\/pagead2.googlesyndication.com\/pagead\/js\/adsbygoogle.js?client=ca-pub-8864793242727901\"\r\n     crossorigin=\"anonymous\"><\/script><br \/>\n<\/p>\n<div>\n<figure class=\"post-image\">\n<\/figure>\n<p>            <span style=\"font-size: 12px\">Foto: Bruno Spada\/C\u00e2mara dos Deputados<\/span><\/p>\n<p>            <!-- end metas --><br \/>\n            <!-- ADS --><\/p>\n<div id=\"taboola-read-more\" style=\"display:block; width:100%\">\n<p>A deputada federal Duda Salabert (PDT-MG) apresentou, na semana passada, um projeto de lei que prop\u00f5e a transfer\u00eancia tempor\u00e1ria da sede do governo federal para Bel\u00e9m, no Par\u00e1. A medida seria v\u00e1lida durante a realiza\u00e7\u00e3o da 30\u00aa Confer\u00eancia das Partes da Conven\u00e7\u00e3o-Quadro das Na\u00e7\u00f5es Unidas sobre Mudan\u00e7a do Clima (COP 30), programada para acontecer entre os dias 11 e 21 de novembro de 2025.\n<\/p>\n<p>A parlamentar justificou que a iniciativa destaca a import\u00e2ncia da Amaz\u00f4nia na agenda clim\u00e1tica internacional e fortalece o papel do Brasil nas negocia\u00e7\u00f5es sobre mudan\u00e7as clim\u00e1ticas.<\/p>\n<p>A transfer\u00eancia refor\u00e7a o protagonismo da Amaz\u00f4nia e facilita a interlocu\u00e7\u00e3o entre autoridades brasileiras e delega\u00e7\u00f5es estrangeiras, al\u00e9m de impulsionar o desenvolvimento local durante o evento \u2013 declarou.\n<\/p>\n<p>O projeto segue exemplo semelhante ao ocorrido em 1992, quando a capital do Brasil foi temporariamente transferida para o Rio de Janeiro para a realiza\u00e7\u00e3o da Eco-92. Segundo Duda, a decis\u00e3o demonstra o compromisso do pa\u00eds com os Objetivos de Desenvolvimento Sustent\u00e1vel, como a a\u00e7\u00e3o contra as mudan\u00e7as clim\u00e1ticas e o fortalecimento de institui\u00e7\u00f5es eficazes.\n<\/p>\n<p>Caso aprovado, o projeto poder\u00e1 centralizar as atividades governamentais na regi\u00e3o amaz\u00f4nica por dez dias. A parlamentar defende a ideia das sedes dos Poderes Executivo, Legislativo e Judici\u00e1rio passarem a conduzir seus trabalhos de Bel\u00e9m at\u00e9 que a COP30 seja finalizada \u201cpela necessidade de centralizar as atividades governamentais na regi\u00e3o amaz\u00f4nica durante\u201d o evento.\n<\/p>\n<p>Fonte: Pleno News              <\/p>\n<\/div>\n<p>                        <!-- Scripts para conteudo --><\/p>\n<p>            <!-- .\/Scripts para conteudo --><br \/>\n            <!-- .\/Mat\u00e9ria --><\/p>\n<div class=\"row mt-3\">\n<div class=\"col-sm-6\">\n                <!-- Whatsapp channel 3--><br \/>\n                <a href=\"https:\/\/chat.whatsapp.com\/B8Qy6Erx4kb6yTzj3kaDco\" target=\"_blank\"><br \/>\n                  <img decoding=\"async\" src=\"https:\/\/diariodobrasilnoticias.com.br\/assets-site\/images\/bot_whatsapp.png\"\/><\/a>\n              <\/div>\n<div class=\"col-sm-6\">\n                <a href=\"https:\/\/t.me\/+_4gTmi5LKo03OTM5\" target=\"_blank\"><br \/>\n                  <img decoding=\"async\" src=\"https:\/\/diariodobrasilnoticias.com.br\/assets-site\/images\/bot_telegram.png\"\/><\/a>\n              <\/div>\n<\/p><\/div>\n<p>            <!-- end post-navigation --><\/p>\n<p>              <!-- end row --><\/p>\n<p>              <!-- end col-12-->\n                      <\/div>\n<p><br \/>\n<br \/><a href=\"https:\/\/diariodobrasilnoticias.com.br\/noticia\/duda-salabert-propoe-que-a-capital-do-brasil-seja-transferida-para-belem-67b3ae2b76761\">Source link <\/a><\/p>","protected":false},"excerpt":{"rendered":"<p>Foto: Bruno Spada\/C\u00e2mara dos Deputados A deputada federal Duda Salabert (PDT-MG) apresentou, na semana passada, um projeto de lei que prop\u00f5e a transfer\u00eancia tempor\u00e1ria da sede do governo federal para&hellip;<\/p>","protected":false},"author":1,"featured_media":104002,"comment_status":"closed","ping_status":"open","sticky":false,"template":"","format":"standard","meta":{"content-type":"","footnotes":""},"categories":[16],"tags":[123,2448,5313,1267],"class_list":["post-104001","post","type-post","status-publish","format-standard","has-post-thumbnail","hentry","category-noticias","tag-brasil","tag-diario","tag-noticia","tag-noticias"],"_links":{"self":[{"href":"https:\/\/tvbrazilusa.com\/pt\/wp-json\/wp\/v2\/posts\/104001","targetHints":{"allow":["GET"]}}],"collection":[{"href":"https:\/\/tvbrazilusa.com\/pt\/wp-json\/wp\/v2\/posts"}],"about":[{"href":"https:\/\/tvbrazilusa.com\/pt\/wp-json\/wp\/v2\/types\/post"}],"author":[{"embeddable":true,"href":"https:\/\/tvbrazilusa.com\/pt\/wp-json\/wp\/v2\/users\/1"}],"replies":[{"embeddable":true,"href":"https:\/\/tvbrazilusa.com\/pt\/wp-json\/wp\/v2\/comments?post=104001"}],"version-history":[{"count":1,"href":"https:\/\/tvbrazilusa.com\/pt\/wp-json\/wp\/v2\/posts\/104001\/revisions"}],"predecessor-version":[{"id":104003,"href":"https:\/\/tvbrazilusa.com\/pt\/wp-json\/wp\/v2\/posts\/104001\/revisions\/104003"}],"wp:featuredmedia":[{"embeddable":true,"href":"https:\/\/tvbrazilusa.com\/pt\/wp-json\/wp\/v2\/media\/104002"}],"wp:attachment":[{"href":"https:\/\/tvbrazilusa.com\/pt\/wp-json\/wp\/v2\/media?parent=104001"}],"wp:term":[{"taxonomy":"category","embeddable":true,"href":"https:\/\/tvbrazilusa.com\/pt\/wp-json\/wp\/v2\/categories?post=104001"},{"taxonomy":"post_tag","embeddable":true,"href":"https:\/\/tvbrazilusa.com\/pt\/wp-json\/wp\/v2\/tags?post=104001"}],"curies":[{"name":"wp","href":"https:\/\/api.w.org\/{rel}","templated":true}]}}