{"id":104018,"date":"2025-02-18T06:39:58","date_gmt":"2025-02-18T06:39:58","guid":{"rendered":"https:\/\/tvbrazilusa.com\/2025\/02\/18\/%f0%9f%8c%b1-autor-de-fort-myers-ganha-o-premio-do-livro-do-sul\/"},"modified":"2025-02-18T06:43:16","modified_gmt":"2025-02-18T06:43:16","slug":"%f0%9f%8c%b1-autor-de-fort-myers-ganha-o-premio-do-livro-do-sul","status":"publish","type":"post","link":"https:\/\/tvbrazilusa.com\/pt\/2025\/02\/18\/%f0%9f%8c%b1-autor-de-fort-myers-ganha-o-premio-do-livro-do-sul\/","title":{"rendered":"\ud83c\udf31 Autor de Fort Myers ganha o pr\u00eamio do livro do sul"},"content":{"rendered":"<p> <script async src=\"https:\/\/pagead2.googlesyndication.com\/pagead\/js\/adsbygoogle.js?client=ca-pub-8864793242727901\"\r\n     crossorigin=\"anonymous\"><\/script><br \/>\n<\/p>\n<div>\n<p>Ol\u00e1 Fort Myers! Fique conectado com as atualiza\u00e7\u00f5es mais recentes da cidade. Vamos mergulhar! \u2615\ufe0f\ufe0f <strong>No boletim informativo de hoje:<\/strong><\/p>\n<\/div>\n<div>\n<ul>\n<li>Autor de Fort Myers ganha o pr\u00eamio do livro do sul<\/li>\n<li>North Fort Myers Church Aids Hungry Families<\/li>\n<li>Fort Myers debate fluoreto no abastecimento de \u00e1gua<\/li>\n<\/ul>\n<p>Tamb\u00e9m no calend\u00e1rio de hoje: <strong>Yoga ao lado do rio <\/strong> e 9 outros eventos.<\/p>\n<p><em>Riddle de hoje:<\/em> O que o amendoim disse \u00e0 uva durante a \u00e9poca do Natal? \ud83e\udd14 (Resposta abaixo!)<\/p>\n<\/div>\n<div>\n<hr\/>\n<p> <a href=\"https:\/\/patch.com\/florida\/fort-myers\/weather\"><strong>Previs\u00e3o do tempo:<\/strong><\/a> <\/p>\n<ul>\n<li class=\"sans\"><strong>Ter\u00e7a-feira:<\/strong> Um pouco de sol, depois ficando nublado, com uma alta de 80 e baixa de 65 graus. <\/li>\n<li class=\"sans\"><strong>Quarta-feira:<\/strong> Algum sol, arejado e agrad\u00e1vel, temps: alto: 82, baixo: 62. <\/li>\n<li class=\"sans\"><strong>Quinta-feira:<\/strong> Ensolarado; Agrad\u00e1vel, menos \u00famido, com uma alta de 73 e baixa de 46 graus. <\/li>\n<\/ul>\n<hr\/>\n<h4>\ud83d\udcf0 <strong>Not\u00edcias estamos lendo<\/strong><\/h4>\n<p><b>1. O escritor de Fort Myers vence o prestigioso Pr\u00eamio do Livro do Sul de Mem\u00f3rias &#8216;The Mango Tree&#8217;<\/b> (<a href=\"https:\/\/www.news-press.com\/story\/news\/local\/2025\/02\/17\/southern-book-prize-winners-annabelle-tometich-of-the-mango-tree-fort-myers-florida-memoir\/78955544007\" target=\"_blank\" rel=\"nofollow\">News-Press.com<\/a>) &#8211; A escritora de Fort Myers, Annabelle Tometich, comemora a conquista do pr\u00eamio do livro do sul de suas mem\u00f3rias &#8216;The Mango Tree&#8217;. O livro investiga suas experi\u00eancias crescendo em Fort Myers e seu complexo relacionamento com a m\u00e3e. Tometich aparecer\u00e1 no Festival de Leitura do Sudoeste da Fl\u00f3rida. <br \/><a href=\"https:\/\/fort-myers-fl.patch.am\/rate-item?d=u&#038;h=eyJsb2MiOiI3NjkyIiwic291cmNlIjoibmV3cy1wcmVzcy5jb20iLCJ0aXRsZSI6IkZvcnQgTXllcnMgd3JpdGVyIHdpbnMgcHJlc3RpZ2lvdXMgU291dGhlcm4gQm9vayBQcml6ZSBmb3IgbWVtb2lyIFx1MjAxOFRoZSBNYW5nbyBUcmVlJyIsInVybCI6Imh0dHBzOlwvXC93d3cubmV3cy1wcmVzcy5jb21cL3N0b3J5XC9uZXdzXC9sb2NhbFwvMjAyNVwvMDJcLzE3XC9zb3V0aGVybi1ib29rLXByaXplLXdpbm5lcnMtYW5uYWJlbGxlLXRvbWV0aWNoLW9mLXRoZS1tYW5nby10cmVlLWZvcnQtbXllcnMtZmxvcmlkYS1tZW1vaXJcLzc4OTU1NTQ0MDA3IiwiYXJ0aWQiOiI1MjhkZTE0Y2I4NjE5ZDJjZDU2MjM5OGMwYmM5N2YwMSJ9\" target=\"_blank\" rel=\"nofollow\"><\/a>   <a href=\"https:\/\/fort-myers-fl.patch.am\/rate-item?d=d&#038;h=eyJsb2MiOiI3NjkyIiwic291cmNlIjoibmV3cy1wcmVzcy5jb20iLCJ0aXRsZSI6IkZvcnQgTXllcnMgd3JpdGVyIHdpbnMgcHJlc3RpZ2lvdXMgU291dGhlcm4gQm9vayBQcml6ZSBmb3IgbWVtb2lyIFx1MjAxOFRoZSBNYW5nbyBUcmVlJyIsInVybCI6Imh0dHBzOlwvXC93d3cubmV3cy1wcmVzcy5jb21cL3N0b3J5XC9uZXdzXC9sb2NhbFwvMjAyNVwvMDJcLzE3XC9zb3V0aGVybi1ib29rLXByaXplLXdpbm5lcnMtYW5uYWJlbGxlLXRvbWV0aWNoLW9mLXRoZS1tYW5nby10cmVlLWZvcnQtbXllcnMtZmxvcmlkYS1tZW1vaXJcLzc4OTU1NTQ0MDA3IiwiYXJ0aWQiOiI1MjhkZTE0Y2I4NjE5ZDJjZDU2MjM5OGMwYmM5N2YwMSJ9\" target=\"_blank\" rel=\"nofollow\"><img decoding=\"async\" class=\"thumbs\" width=\"16\" height=\"16\" src=\"https:\/\/patch.com\/img\/cdn\/assets\/layout\/thumb_down_16x16.png\" data-sizes=\"(min-width: 780px) 726px, 100vw\" srcset=\"https:\/\/patch.com\/img\/cdn\/assets\/layout\/thumb_down_16x16.png?width=640 640w, https:\/\/patch.com\/img\/cdn\/assets\/layout\/thumb_down_16x16.png?width=726 726w\"\/><\/a><\/p>\n<\/div>\n<div>\n<p><b>2. Mar\u00e7o para um milh\u00e3o de refei\u00e7\u00f5es: se unindo para ajudar a alimentar fam\u00edlias<\/b> (<a href=\"https:\/\/winknews.com\/2025\/02\/17\/march-to-a-million-meals-teaming-up-to-help-feed-families\" target=\"_blank\" rel=\"nofollow\">winknews.com<\/a>) &#8211; All Souls Church, no norte de Myers, colabora com o Harry Chapin Food Bank para ajudar a alimentar as fam\u00edlias necessitadas. O esfor\u00e7o da comunidade destaca a crescente demanda por assist\u00eancia, com muitos confiando na despensa da igreja para compras essenciais. <br \/><a href=\"https:\/\/fort-myers-fl.patch.am\/rate-item?d=u&#038;h=eyJsb2MiOiI3NjkyIiwic291cmNlIjoid2lua25ld3MuY29tIiwidGl0bGUiOiJNYXJjaCB0byBhIE1pbGxpb24gTWVhbHM6IFRlYW1pbmcgdXAgdG8gaGVscCBmZWVkIGZhbWlsaWVzIiwidXJsIjoiaHR0cHM6XC9cL3dpbmtuZXdzLmNvbVwvMjAyNVwvMDJcLzE3XC9tYXJjaC10by1hLW1pbGxpb24tbWVhbHMtdGVhbWluZy11cC10by1oZWxwLWZlZWQtZmFtaWxpZXMiLCJhcnRpZCI6ImJkYzUwNzFhOTE1MDQ4MDg1NjZlMjRjYzhlYTg3NTc0In0=\" target=\"_blank\" rel=\"nofollow\"><img decoding=\"async\" class=\"thumbs\" width=\"16\" height=\"16\" src=\"https:\/\/patch.com\/img\/cdn\/assets\/layout\/thumb_up_16x16.png\" data-rel=\"penci-gallery-image-content\"  data-sizes=\"(min-width: 780px) 726px, 100vw\" srcset=\"https:\/\/patch.com\/img\/cdn\/assets\/layout\/thumb_up_16x16.png?width=640 640w, https:\/\/patch.com\/img\/cdn\/assets\/layout\/thumb_up_16x16.png?width=726 726w\"\/><\/a>   <a href=\"https:\/\/fort-myers-fl.patch.am\/rate-item?d=d&#038;h=eyJsb2MiOiI3NjkyIiwic291cmNlIjoid2lua25ld3MuY29tIiwidGl0bGUiOiJNYXJjaCB0byBhIE1pbGxpb24gTWVhbHM6IFRlYW1pbmcgdXAgdG8gaGVscCBmZWVkIGZhbWlsaWVzIiwidXJsIjoiaHR0cHM6XC9cL3dpbmtuZXdzLmNvbVwvMjAyNVwvMDJcLzE3XC9tYXJjaC10by1hLW1pbGxpb24tbWVhbHMtdGVhbWluZy11cC10by1oZWxwLWZlZWQtZmFtaWxpZXMiLCJhcnRpZCI6ImJkYzUwNzFhOTE1MDQ4MDg1NjZlMjRjYzhlYTg3NTc0In0=\" target=\"_blank\" rel=\"nofollow\"><img decoding=\"async\" class=\"thumbs\" width=\"16\" height=\"16\" src=\"https:\/\/patch.com\/img\/cdn\/assets\/layout\/thumb_down_16x16.png\" data-sizes=\"(min-width: 780px) 726px, 100vw\" srcset=\"https:\/\/patch.com\/img\/cdn\/assets\/layout\/thumb_down_16x16.png?width=640 640w, https:\/\/patch.com\/img\/cdn\/assets\/layout\/thumb_down_16x16.png?width=726 726w\"\/><\/a><\/p>\n<p><b>3. Fort Myers debate Fluoreide na \u00e1gua, enquanto a vota\u00e7\u00e3o do Conselho da Cidade aparece na ter\u00e7a -feira<\/b> (<a href=\"https:\/\/winknews.com\/2025\/02\/17\/fort-myers-debates-fluoride-in-water-as-city-council-vote-looms-tuesday\" target=\"_blank\" rel=\"nofollow\">winknews.com<\/a>) &#8211; Fort Myers est\u00e1 no centro de um debate acalorado sobre se continuar adicionando fluoreto \u00e0 sua \u00e1gua pot\u00e1vel. O Conselho da Cidade deve votar sobre o assunto, seguindo a recomenda\u00e7\u00e3o do Cirurgi\u00e3o Geral da Fl\u00f3rida para interromper o tratamento com fl\u00faor. Residentes e especialistas compartilham vis\u00f5es diferentes sobre as implica\u00e7\u00f5es \u00e0 sa\u00fade. <br \/><a href=\"https:\/\/fort-myers-fl.patch.am\/rate-item?d=u&#038;h=eyJsb2MiOiI3NjkyIiwic291cmNlIjoid2lua25ld3MuY29tIiwidGl0bGUiOiJGb3J0IE15ZXJzIGRlYmF0ZXMgZmx1b3JpZGUgaW4gd2F0ZXIgYXMgY2l0eSBjb3VuY2lsIHZvdGUgbG9vbXMgVHVlc2RheSIsInVybCI6Imh0dHBzOlwvXC93aW5rbmV3cy5jb21cLzIwMjVcLzAyXC8xN1wvZm9ydC1teWVycy1kZWJhdGVzLWZsdW9yaWRlLWluLXdhdGVyLWFzLWNpdHktY291bmNpbC12b3RlLWxvb21zLXR1ZXNkYXkiLCJhcnRpZCI6Ijc1ZThjNGQ0ZTRlZTkwY2I1YzExOWZjYjM3ZjQwNTY4In0=\" target=\"_blank\" rel=\"nofollow\"><img decoding=\"async\" class=\"thumbs\" width=\"16\" height=\"16\" src=\"https:\/\/patch.com\/img\/cdn\/assets\/layout\/thumb_up_16x16.png\" data-rel=\"penci-gallery-image-content\"  data-sizes=\"(min-width: 780px) 726px, 100vw\" srcset=\"https:\/\/patch.com\/img\/cdn\/assets\/layout\/thumb_up_16x16.png?width=640 640w, https:\/\/patch.com\/img\/cdn\/assets\/layout\/thumb_up_16x16.png?width=726 726w\"\/><\/a>   <a href=\"https:\/\/fort-myers-fl.patch.am\/rate-item?d=d&#038;h=eyJsb2MiOiI3NjkyIiwic291cmNlIjoid2lua25ld3MuY29tIiwidGl0bGUiOiJGb3J0IE15ZXJzIGRlYmF0ZXMgZmx1b3JpZGUgaW4gd2F0ZXIgYXMgY2l0eSBjb3VuY2lsIHZvdGUgbG9vbXMgVHVlc2RheSIsInVybCI6Imh0dHBzOlwvXC93aW5rbmV3cy5jb21cLzIwMjVcLzAyXC8xN1wvZm9ydC1teWVycy1kZWJhdGVzLWZsdW9yaWRlLWluLXdhdGVyLWFzLWNpdHktY291bmNpbC12b3RlLWxvb21zLXR1ZXNkYXkiLCJhcnRpZCI6Ijc1ZThjNGQ0ZTRlZTkwY2I1YzExOWZjYjM3ZjQwNTY4In0=\" target=\"_blank\" rel=\"nofollow\"><img decoding=\"async\" class=\"thumbs\" width=\"16\" height=\"16\" src=\"https:\/\/patch.com\/img\/cdn\/assets\/layout\/thumb_down_16x16.png\" data-sizes=\"(min-width: 780px) 726px, 100vw\" srcset=\"https:\/\/patch.com\/img\/cdn\/assets\/layout\/thumb_down_16x16.png?width=640 640w, https:\/\/patch.com\/img\/cdn\/assets\/layout\/thumb_down_16x16.png?width=726 726w\"\/><\/a><\/p>\n<\/div>\n<div>\n<p><b>4. Festival de Artes e Artesanato de Sanibel retorna ap\u00f3s o furac\u00e3o Ian<\/b> (<a href=\"https:\/\/www.fox4now.com\/sanibel\/sanibel-arts-and-crafts-festival-returns-after-hurricane-ian\" target=\"_blank\" rel=\"nofollow\">Fox4now.com<\/a>)-O Sanibel Arts and Crafts Festival retornou ap\u00f3s um hiato de tr\u00eas anos devido ao furac\u00e3o Ian. O evento, organizado pelo Sanibel Captiva Rotary Club, suporta organiza\u00e7\u00f5es sem fins lucrativos locais em <b>Fort Myers<\/b> e grupos internacionais por meio de seus programas de subs\u00eddios. <br \/><a href=\"https:\/\/fort-myers-fl.patch.am\/rate-item?d=u&#038;h=eyJsb2MiOiI3NjkyIiwic291cmNlIjoiZm94NG5vdy5jb20iLCJ0aXRsZSI6IlNhbmliZWwgQXJ0cyBhbmQgQ3JhZnRzIEZlc3RpdmFsIHJldHVybnMgYWZ0ZXIgSHVycmljYW5lIElhbiIsInVybCI6Imh0dHBzOlwvXC93d3cuZm94NG5vdy5jb21cL3NhbmliZWxcL3NhbmliZWwtYXJ0cy1hbmQtY3JhZnRzLWZlc3RpdmFsLXJldHVybnMtYWZ0ZXItaHVycmljYW5lLWlhbiIsImFydGlkIjoiMzQyZGI1NjNlNzEyNDNjNWIxNDc0YTI4ODU1MjYwYzcifQ==\" target=\"_blank\" rel=\"nofollow\"><img decoding=\"async\" class=\"thumbs\" width=\"16\" height=\"16\" src=\"https:\/\/patch.com\/img\/cdn\/assets\/layout\/thumb_up_16x16.png\" data-rel=\"penci-gallery-image-content\"  data-sizes=\"(min-width: 780px) 726px, 100vw\" srcset=\"https:\/\/patch.com\/img\/cdn\/assets\/layout\/thumb_up_16x16.png?width=640 640w, https:\/\/patch.com\/img\/cdn\/assets\/layout\/thumb_up_16x16.png?width=726 726w\"\/><\/a>   <a href=\"https:\/\/fort-myers-fl.patch.am\/rate-item?d=d&#038;h=eyJsb2MiOiI3NjkyIiwic291cmNlIjoiZm94NG5vdy5jb20iLCJ0aXRsZSI6IlNhbmliZWwgQXJ0cyBhbmQgQ3JhZnRzIEZlc3RpdmFsIHJldHVybnMgYWZ0ZXIgSHVycmljYW5lIElhbiIsInVybCI6Imh0dHBzOlwvXC93d3cuZm94NG5vdy5jb21cL3NhbmliZWxcL3NhbmliZWwtYXJ0cy1hbmQtY3JhZnRzLWZlc3RpdmFsLXJldHVybnMtYWZ0ZXItaHVycmljYW5lLWlhbiIsImFydGlkIjoiMzQyZGI1NjNlNzEyNDNjNWIxNDc0YTI4ODU1MjYwYzcifQ==\" target=\"_blank\" rel=\"nofollow\"><img decoding=\"async\" class=\"thumbs\" width=\"16\" height=\"16\" src=\"https:\/\/patch.com\/img\/cdn\/assets\/layout\/thumb_down_16x16.png\" data-sizes=\"(min-width: 780px) 726px, 100vw\" srcset=\"https:\/\/patch.com\/img\/cdn\/assets\/layout\/thumb_down_16x16.png?width=640 640w, https:\/\/patch.com\/img\/cdn\/assets\/layout\/thumb_down_16x16.png?width=726 726w\"\/><\/a><\/p>\n<hr\/>\n<figure class=\"pixel-wrapper\"> <img decoding=\"async\" width=\"1\" height=\"1\" border=\"0\" class=\"t-pixel\" src=\"https:\/\/pixel.patch.com\/blank.gif?json=eJwljNsKgzAQRH%2Bl7LOCuajRn5E1bttAbiSRIuK%2FN7Zvw5mZcwITMJ9gCrmlHJFgBo2W%2FIZpuSE0kMOe9F2QQ2MrsEFjMcFXlI2Llh5bLY6Hp0%2B2VAqlOopY9HsxG8yMMd43kOhVPz%2FCx25qwN8Rul5oxce%2BXXFSrZQa21U%2BVUua80FyIVBh1e2Z0v%2FLp06xoQpjCi4UuiUMrusLPeM%2B2g%3D%3D\" data-sizes=\"\" srcset=\"\"\/> <\/figure>\n<h4>\ud83d\uddd3 <strong>Pr\u00f3ximos eventos em Fort Myers<\/strong><br \/><\/h4>\n<p><a href=\"https:\/\/patch.com\/florida\/fort-myers\/compose\/event\">  Adicione seu evento ao nosso calend\u00e1rio e boletim informativo! <\/a><\/p>\n<\/div>\n<div>\n<h4><span><span>\u2605<\/span> Eventos em destaque <span><span>\u2605<\/span><\/span><\/span><\/h4>\n<hr\/>\n<h5>Outros eventos locais<\/h5>\n<ul>\n<h5><span class=\"text-green-8\"><b>Quarta -feira, 19 de fevereiro<\/b><\/span><\/h5>\n<li> <span> <a href=\"https:\/\/patch.com\/florida\/fort-myers\/calendar\/event\/20250219\/3468d43b-d241-4db7-9b4c-bda84c50c07a\/yoga-by-the-river\" rel=\"ugc\"><b>Yoga ao lado do rio <\/b><\/a> <\/span> <br \/>Edison &#038; Ford Winter Estates, 2350 McGregor Blvd, Fort Myers <br \/>10:00 <\/li>\n<h5><span class=\"text-green-8\"><b>Quinta -feira, 20 de fevereiro<\/b><\/span><\/h5>\n<li> <span> <a href=\"https:\/\/patch.com\/florida\/fort-myers\/calendar\/event\/20250220\/f98ab782-6c88-4822-bd70-1bc02f463ddf\/overcoming-brick-walls-with-bryan-mulcahy-lee-county-genealogy-society-meeting\" rel=\"ugc\"><b>Superando paredes de tijolos com Bryan Mulcahy &#8211; Reuni\u00e3o da Sociedade de Genealogia de Lee County<\/b><\/a> <\/span> <br \/>Igreja Presbiteriana de Cypress Lake, 8260 Cypress Lake Dr, Fort Myers <br \/>10:00 <\/li>\n<li> <span> <a href=\"https:\/\/patch.com\/florida\/fort-myers\/calendar\/event\/20250220\/3df4d7cf-b1c3-41fb-a19e-c2723fed9150\/centennial-celebration-100-years-of-spring-training-in-fort-myers\" rel=\"ugc\"><b>Celebra\u00e7\u00e3o do Centen\u00e1rio: 100 anos de treinamento de primavera em Fort Myers<\/b><\/a> <\/span> <br \/>Edison &#038; Ford Winter Estates, 2350 McGregor Blvd, Fort Myers <br \/>18:00 <\/li>\n<h5><span class=\"text-green-8\"><b>S\u00e1bado, 22 de fevereiro<\/b><\/span><\/h5>\n<li> <span> <a href=\"https:\/\/patch.com\/florida\/fort-myers\/calendar\/event\/20250222\/641155bd-4abc-423e-ad62-4280df49ec69\/couple-shuffle-fort-myers-fl\" rel=\"ugc\"><b>Casal shuffle &#8211; Fort Myers, FL<\/b><\/a> <\/span> <br \/>Parque Regional do Condado de South, 670 Cooper St, Punta Gorda <br \/>9:00 <\/li>\n<li> <span> <a href=\"https:\/\/patch.com\/florida\/fort-myers\/calendar\/event\/20250222\/d1c8cfad-5a8a-4f73-8c9d-59314f12355f\/gardening-class-palm-reading\" rel=\"ugc\"><b>Classe de jardinagem: leitura da palma <\/b><\/a> <\/span> <br \/>Edison &#038; Ford Winter Estates, 2350 McGregor Blvd, Fort Myers <br \/>10:00 <\/li>\n<li> <span> <a href=\"https:\/\/patch.com\/florida\/fort-myers\/calendar\/event\/20250222\/cc6b0623-8b05-4e27-81dc-d15d0461a633\/3rd-annual-cape-coral-job-resource-fair\" rel=\"ugc\"><b>3\u00aa Feira Anual de Job e Recursos Cape Coral<\/b><\/a> <\/span> <br \/>New Hope Church, 431 Nicholas Pkwy E, Cape Coral <br \/>10:00 <\/li>\n<li> <span> <a href=\"https:\/\/patch.com\/florida\/fort-myers\/calendar\/event\/20250222\/8e6963e8-1d1e-45c6-8c41-cc003292b077\/car-show-and-craft-market\" rel=\"ugc\"><b>Show de carros e mercado de artesanato<\/b><\/a> <\/span> <br \/>Marco Island Veterans &#8216;Park, 901 Park Ave, Marco Island <br \/>10:00 <\/li>\n<h5><span class=\"text-green-8\"><b>Domingo 23 de fevereiro<\/b><\/span><\/h5>\n<li> <span> <a href=\"https:\/\/patch.com\/florida\/fort-myers\/calendar\/event\/20250223\/4e11b828-0476-4cb2-9416-3c7008b778ed\/silk-scarf-painting-with-artist-marie-dyer\" rel=\"ugc\"><b>Pintura de len\u00e7o de seda com a artista Marie Dyer <\/b><\/a> <\/span> <br \/>Edison &#038; Ford Winter Estates, 2350 McGregor Blvd, Fort Myers <br \/>9:00 <\/li>\n<h5><span class=\"text-green-8\"><b>Segunda -feira, 24 de fevereiro<\/b><\/span><\/h5>\n<li> <span> <b>Dia inteiro para estudantes (dia de maquiagem clim\u00e1tica grave)<\/b> <\/span> <br \/>Escola Prim\u00e1ria Treelina, Fort Myers, FL 33913 <br \/>12:00 <\/li>\n<\/ul>\n<hr\/>\n<h4>\ud83d\uddd3 <strong>Eventos pr\u00f3ximos<\/strong><\/h4>\n<ul>\n<h5> <span class=\"text-green-8\"><b>Ter\u00e7a -feira, 18 de fevereiro<\/b><\/span> <\/h5>\n<li><span> <b>Terry Lynn AM (avan\u00e7ado para iniciantes)<\/b> Alliance for the Arts, 10091 McGregor Blvd., Fort Myers, FL, 33919, Estados Unidos <\/span><br \/>9h30 <\/li>\n<li><span> <b>Pintura acr\u00edlica com Pat Smelkoff: Avental de Flores<\/b> Alliance for the Arts, 10091 McGregor Blvd., Fort Myers, FL, 33919, Estados Unidos <\/span><br \/>10:00 <\/li>\n<li><span> <b>Pintura com Terry Lynn PM (avan\u00e7ado para iniciantes)<\/b> Alliance for the Arts, 10091 McGregor Blvd., Fort Myers, FL, 33919, Estados Unidos <\/span><br \/>13:00 <\/li>\n<li><span> <a href=\"https:\/\/www.artinlee.org\/explore\/digitallab\/\" target=\"_blank\" rel=\"nofollow\"><b>Bloom &#038; Wallace Digital Arts Lab: Open Studio<\/b><\/a>  Alliance for the Arts, 10091 McGregor Blvd., Fort Myers, FL, 33919, Estados Unidos <\/span><br \/>16:00 <\/li>\n<\/ul>\n<p> <em>Perdemos algo em nosso calend\u00e1rio? <a href=\"https:\/\/patch.com\/florida\/fort-myers\/compose\/event\">Adicione um evento voc\u00ea mesmo<\/a>! <\/em> Como sempre, antes de participar, confirme os detalhes do evento para garantir a precis\u00e3o. <\/p>\n<hr\/>\n<p><em>Quer um link para o seu neg\u00f3cio neste boletim informativo? <a href=\"https:\/\/patch.com\/florida\/fort-myers\/compose\/bizpost\">Clique aqui<\/a>.<\/em><\/p>\n<hr\/>\n<p>\ud83d\udd28 <strong>Precisa de ajuda com um projeto em casa?<\/strong> A Patch fez uma parceria com a Thumbtack para tornar a contrata\u00e7\u00e3o de um profissional local de confian\u00e7a r\u00e1pido e f\u00e1cil. <a href=\"https:\/\/patch.com\/florida\/fort-myers\/businesses\" target=\"_blank\">Clique aqui para come\u00e7ar.<\/a><\/p>\n<hr\/>\n<h4>\ud83d\udcac <strong>Conversa<\/strong><\/h4>\n<p>O que seus vizinhos est\u00e3o falando nas m\u00eddias sociais<\/p>\n<ul>\n<li><b>Bom dia amigos &#8230;<\/b> <br \/>Tenho uma necessidade urgente devido a uma mudan\u00e7a na situa\u00e7\u00e3o de vida de minha filha &#8230; para ajud\u00e1 -la a encontrar um lar para seu shepard\/belga de 1,5 ano de idade &#8230; (<a href=\"https:\/\/nextdoor.com\/p\/DYwB-fGFx2dG\/?from_partner=patch&#038;share_id=DYwB-fGFx2dG&#038;utm_medium=public_api&#038;utm_source=patch&#038;utm_content=DYwB-fGFx2dG&#038;next_url=\/p\/DYwB-fGFx2dG&#038;utm_medium=email&#038;utm_campaign=pilot\" target=\"_blank\" rel=\"nofollow\">Nextdoor<\/a> Danforth Lakes) <\/li>\n<li><b>Aviso de phishing!<\/b> <br \/>Recebi uma mensagem supostamente da Publix. Resposta 4 Perguntas muito gerais. Em seguida, escolha uma caixa para seus ganhos. 3 tentativas. 2\u00aa caixa era 8000\u2026 (<a href=\"https:\/\/nextdoor.com\/p\/zk_bQ-cRdmyj\/?from_partner=patch&#038;share_id=zk_bQ-cRdmyj&#038;utm_medium=public_api&#038;utm_source=patch&#038;utm_content=zk_bQ-cRdmyj&#038;next_url=\/p\/zk_bQ-cRdmyj&#038;utm_medium=email&#038;utm_campaign=pilot\" target=\"_blank\" rel=\"nofollow\">Nextdoor<\/a> Jardins) <\/li>\n<\/ul>\n<ul>\n<li>  Lee Health postou um emprego para <strong>Cozinhar<\/strong> em Fort Myers, FL. Aplique em <a href=\"https:\/\/jobs.leehealth.org\/job\/cook-nutrition-dietary-services-us-fl-fort-myers-54493-1\/?utm_campaign=google_jobs_apply&#038;utm_source=google_jobs_apply&#038;utm_medium=organic\" target=\"_blank\" rel=\"nofollow\">Lee Health<\/a>. <\/li>\n<li>  Mobile Homes USA postou um emprego para <strong>Assistente T\u00e9cnico<\/strong> em Fort Myers, FL. Aplique em <a href=\"https:\/\/www.linkedin.com\/jobs\/view\/technical-assistant-at-mobile-homes-usa-4156291561?utm_campaign=google_jobs_apply&#038;utm_source=google_jobs_apply&#038;utm_medium=organic\" target=\"_blank\" rel=\"nofollow\">LinkedIn<\/a>. <\/li>\n<\/ul>\n<hr\/>\n<p> <b>Ok Fort Myers!<\/b> Ent\u00e3o agora voc\u00ea est\u00e1 no circuito sobre o que est\u00e1 acontecendo hoje. Obrigado pela leitura, e vejo voc\u00ea na sua caixa de entrada na pr\u00f3xima vez! Oh &#8211; e se voc\u00ea gosta do que est\u00e1 lendo, <strong><a href=\"http:\/\/patch.com\/florida\/fort-myers\/mailto:?subject=You%20need%20this%20for%20your%20town&#038;body=Hey%21%0A%0AI%20get%20an%20amazing%20email%20newsletter%20from%20Patch%20that%20keeps%20me%20in%20the%20loop%20about%20what%27s%20happening%20in%20Fort%20Myers.%20They%E2%80%99ve%20got%20newsletters%20for%20every%20community%20in%20the%20United%20States%20%E2%80%94%20and%20they%27re%20free%21%0A%0AYou%20can%20sign%20up%20for%20any%20%28or%20every%21%29%20town%20you%20care%20about%20%E2%80%94%20just%20click%20the%20link%20below.%20Check%20it%20out%2C%20and%20let%20me%20know%20what%20you%20think%21%0A%0Ahttps%3A%2F%2Fpatch.com%0A\">Convide um amigo para corrigir am!<\/a><\/strong> <\/p>\n<\/div>\n<p><br \/>\n<br \/><a href=\"http:\/\/patch.com\/florida\/fort-myers\/fort-myers-author-wins-southern-book-prize-nodx-20250218?utm_source=article-mostrecent&#038;utm_medium=rss&#038;utm_term=community%20corner&#038;utm_campaign=recirc&#038;utm_content=aol\">Source link <\/a><\/p>","protected":false},"excerpt":{"rendered":"<p>Ol\u00e1 Fort Myers! Fique conectado com as atualiza\u00e7\u00f5es mais recentes da cidade. Vamos mergulhar! \u2615\ufe0f\ufe0f No boletim informativo de hoje: Autor de Fort Myers ganha o pr\u00eamio do livro do&hellip;<\/p>","protected":false},"author":1,"featured_media":71100,"comment_status":"closed","ping_status":"open","sticky":false,"template":"","format":"standard","meta":{"content-type":"","footnotes":""},"categories":[1],"tags":[],"class_list":["post-104018","post","type-post","status-publish","format-standard","has-post-thumbnail","hentry","category-uncategorized"],"_links":{"self":[{"href":"https:\/\/tvbrazilusa.com\/pt\/wp-json\/wp\/v2\/posts\/104018","targetHints":{"allow":["GET"]}}],"collection":[{"href":"https:\/\/tvbrazilusa.com\/pt\/wp-json\/wp\/v2\/posts"}],"about":[{"href":"https:\/\/tvbrazilusa.com\/pt\/wp-json\/wp\/v2\/types\/post"}],"author":[{"embeddable":true,"href":"https:\/\/tvbrazilusa.com\/pt\/wp-json\/wp\/v2\/users\/1"}],"replies":[{"embeddable":true,"href":"https:\/\/tvbrazilusa.com\/pt\/wp-json\/wp\/v2\/comments?post=104018"}],"version-history":[{"count":1,"href":"https:\/\/tvbrazilusa.com\/pt\/wp-json\/wp\/v2\/posts\/104018\/revisions"}],"predecessor-version":[{"id":104019,"href":"https:\/\/tvbrazilusa.com\/pt\/wp-json\/wp\/v2\/posts\/104018\/revisions\/104019"}],"wp:featuredmedia":[{"embeddable":true,"href":"https:\/\/tvbrazilusa.com\/pt\/wp-json\/wp\/v2\/media\/71100"}],"wp:attachment":[{"href":"https:\/\/tvbrazilusa.com\/pt\/wp-json\/wp\/v2\/media?parent=104018"}],"wp:term":[{"taxonomy":"category","embeddable":true,"href":"https:\/\/tvbrazilusa.com\/pt\/wp-json\/wp\/v2\/categories?post=104018"},{"taxonomy":"post_tag","embeddable":true,"href":"https:\/\/tvbrazilusa.com\/pt\/wp-json\/wp\/v2\/tags?post=104018"}],"curies":[{"name":"wp","href":"https:\/\/api.w.org\/{rel}","templated":true}]}}