{"id":104023,"date":"2025-02-14T18:50:58","date_gmt":"2025-02-14T18:50:58","guid":{"rendered":"https:\/\/tvbrazilusa.com\/2025\/02\/14\/o-achado-de-us-50-pode-ser-van-gogh-no-valor-de-us-15-milhoes-5-boas-noticias\/"},"modified":"2025-02-18T07:06:21","modified_gmt":"2025-02-18T07:06:21","slug":"o-achado-de-us-50-pode-ser-van-gogh-no-valor-de-us-15-milhoes-5-boas-noticias","status":"publish","type":"post","link":"https:\/\/tvbrazilusa.com\/pt\/2025\/02\/14\/o-achado-de-us-50-pode-ser-van-gogh-no-valor-de-us-15-milhoes-5-boas-noticias\/","title":{"rendered":"O achado de US $ 50 pode ser van gogh no valor de US $ 15 milh\u00f5es: 5 boas not\u00edcias"},"content":{"rendered":"<p> <script async src=\"https:\/\/pagead2.googlesyndication.com\/pagead\/js\/adsbygoogle.js?client=ca-pub-8864793242727901\"\r\n     crossorigin=\"anonymous\"><\/script><br \/>\n<\/p>\n<div>\n<p>O que acontece a seguir, no mist\u00e9rio da venda de garagem de US $ 50 de um petro de Minnesota, abordar\u00e1 o mundo da arte ou esmagar\u00e1 um historiador de arte que apostou sua consider\u00e1vel reputa\u00e7\u00e3o em sua cren\u00e7a de que a pintura \u00e9 uma das obras perdidas do mestre holand\u00eas Vincent Van Gogh.<\/p>\n<\/div>\n<div>\n<p>A evid\u00eancia \u00e9 forte, mas alguns c\u00e9ticos dizem que n\u00e3o est\u00e3o convencidos de que &#8220;elimar&#8221; \u00e9 um dos 150 obras de arte, van Gogh pintou depois de se checar em um asilo no sul da Fran\u00e7a em 1889. Se o retrato de um pescador se mostrar um Van Gogh, pode valer US $ 15 milh\u00f5es.<\/p>\n<p>Maxwell L. Anderson, ex-diretor de arte do Metropolitan Art Museum e agora o diretor de operadores do LMI Group International, com sede em Nova York que adquiriu a pintura em 2019, disse ao The Wall Street Journal que foi &#8220;atingido&#8221; por habilidades de habilidades de Um pintor h\u00e1bil jogando na tela. <\/p>\n<\/div>\n<div>\n<p>\u201cEu estava todo dentro? N\u00e3o. Mas fiquei super intrigado \u201d, disse ele.<\/p>\n<p>O caminho para a autentica\u00e7\u00e3o \u00e9 longo e \u00e1rduo neste mist\u00e9rio moderno que oferece um vislumbre dos \u00faltimos dias de Van Gogh.<\/p>\n<\/div>\n<div>\n<h3>Ele disse que sim<\/h3>\n<p>N\u00e3o \u00e9 o que voc\u00ea pensa. A m\u00e3e de Seth Mendoza diz que seu filho adolescente sempre foi um &#8220;sim garoto&#8221; e &#8220;est\u00e1 sempre pronto para um desafio&#8221;.<\/p>\n<p>O recorde de luta livre do ensino m\u00e9dio do sub\u00farbio de Chicago adolescente mostra tanto. Ele \u00e9 tr\u00eas vezes campe\u00e3o estadual de luta livre e est\u00e1 buscando um quarto t\u00edtulo no final deste m\u00eas. Ele tamb\u00e9m \u00e9 um corredor talentoso. Ent\u00e3o, quando seu pai pediu que ele pensasse em perseguir outro recorde &#8211; correndo em seu lugar na maratona de Boston &#8211; Seth disse sim &#8220;imediatamente&#8221;. Afinal, o que mais um desafio foi treinar?<\/p>\n<\/div>\n<div>\n<p>Mike Mendoza entrou para correr em sua nona maratona de Boston, mas foi deixado de lado por uma cirurgia. Ele entrou em contato com a Boston Athletic Association e recebeu permiss\u00e3o para que seu filho pudesse correr em seu lugar.<\/p>\n<p>Fazia todo o sentido.<\/p>\n<\/div>\n<div>\n<p>&#8220;Ele meio que me apresentou a correr&#8221;, disse Seth sobre seu pai. &#8220;Ele me levaria aos 5Ks locais, depois corridas mais longas-10k, meias-maratonas.&#8221;<\/p>\n<p>Tamb\u00e9m deu a Seth a chance de arrecadar dinheiro para uma das causas favoritas de sua fam\u00edlia, <a href=\"https:\/\/thefund.org\/\" rel=\"nofollow\" target=\"_blank\">Semper Fi &#038; America&#8217;s Fund<\/a>que apoia membros de servi\u00e7o feridos, veteranos e suas fam\u00edlias. <\/p>\n<h3>O que \u00e9 preciso para o amor durar<\/h3>\n<p>Um garoto de 15 anos e um fuzileiro naval que se enganei uma semana depois que eles se conheceram fazem com que funcione? Que tal alguns estudantes universit\u00e1rios que se conheceram como porquinhos -da -\u00edndia no estudo de um professor sobre namoro de computador? Ou um casal que se conheceu quando pegou carona para casa de um jogo de basquete?<\/p>\n<p>Sim, sim e sim.<\/p>\n<p>Esses tr\u00eas casais com casamentos de d\u00e9cadas est\u00e3o entre dezenas de entrevistados \u00e0 pesquisa informal de Patch, pedindo ao segredo a relacionamentos longos e saud\u00e1veis.<\/p>\n<\/div>\n<div>\n<h3>Uma corre\u00e7\u00e3o est\u00e1 na bolsa<\/h3>\n<p>O munic\u00edpio de Abington \u00e9 o mais recente comunidade de Montgomery County, Pensilv\u00e2nia, a proibir pl\u00e1sticos de uso \u00fanico e \u00e9 a primeira jurisdi\u00e7\u00e3o no estado a dar o passo em 2025. A proibi\u00e7\u00e3o de sacos pl\u00e1sticos de uso \u00fanico e recipientes de poliestireno de espuma expandida como placas, x\u00edcaras, x\u00edcaras E os cont\u00eaineres de viagem entram em vigor ainda este ano.<\/p>\n<p>Um porta -voz do Aven\u00e7\u00e3o de Penneficamento disse que a proibi\u00e7\u00e3o \u00e9 &#8220;um bom come\u00e7o no esfor\u00e7o de combater o flagelo de polui\u00e7\u00e3o pl\u00e1stica desenfreada que atormenta nossos bairros, nossos parques locais e espa\u00e7os verdes e nossos rios, riachos e oceanos&#8221;.<\/p>\n<p>&#8220;Nada que usamos por alguns minutos, como sacos pl\u00e1sticos de uso \u00fanico, deve ter permiss\u00e3o para espalhar nossas comunidades, poluir nosso ambiente e preencher nossos aterros e incineradores por centenas de anos&#8221;, disse Faran Savitz, que trabalha para Programa de res\u00edduos zero da Pennenviron.<\/p>\n<p>O Pennenvironment estima que os residentes de Abington usam cerca de 21 milh\u00f5es de sacolas pl\u00e1sticas de uso \u00fanico anualmente, equivalentes a mais de 235.000 libras de res\u00edduos pl\u00e1sticos.<\/p>\n<h3>Quanto mais voc\u00ea sabe<\/h3>\n<p>Falando em vida marinha, o aqu\u00e1rio do Pac\u00edfico lan\u00e7ou um novo boletim de esp\u00e9cies marinhas para inspirar o p\u00fablico a se envolver e familiarizar -se com as esp\u00e9cies na costa da Calif\u00f3rnia.<\/p>\n<\/div>\n<div>\n<p>  Com o boletim, qualquer pessoa poder\u00e1 acessar atualiza\u00e7\u00f5es aprofundadas da sa\u00fade de uma esp\u00e9cie marinha.<\/p>\n<p>\u201cAs esp\u00e9cies s\u00e3o os blocos de constru\u00e7\u00e3o reais e tang\u00edveis da biodiversidade. E assim, o objetivo deste boletim marinho \u00e9 colocar as esp\u00e9cies na vanguarda do p\u00fablico e a ci\u00eancia da biodiversidade \u201d, Peter Kareiva, presidente e CEO do Aqu\u00e1rio do Pac\u00edfico.<\/p>\n<\/p><\/div>\n<p><br \/>\n<br \/><a href=\"http:\/\/patch.com\/us\/across-america\/50-picker-s-find-may-be-van-gogh-worth-15m-5-good-news-stories?utm_source=article-mostrecent&#038;utm_medium=rss&#038;utm_term=community%20corner&#038;utm_campaign=recirc&#038;utm_content=aol\">Source link <\/a><\/p>","protected":false},"excerpt":{"rendered":"<p>O que acontece a seguir, no mist\u00e9rio da venda de garagem de US $ 50 de um petro de Minnesota, abordar\u00e1 o mundo da arte ou esmagar\u00e1 um historiador de&hellip;<\/p>","protected":false},"author":1,"featured_media":104024,"comment_status":"closed","ping_status":"open","sticky":false,"template":"","format":"standard","meta":{"content-type":"","footnotes":""},"categories":[1],"tags":[],"class_list":["post-104023","post","type-post","status-publish","format-standard","has-post-thumbnail","hentry","category-uncategorized"],"_links":{"self":[{"href":"https:\/\/tvbrazilusa.com\/pt\/wp-json\/wp\/v2\/posts\/104023","targetHints":{"allow":["GET"]}}],"collection":[{"href":"https:\/\/tvbrazilusa.com\/pt\/wp-json\/wp\/v2\/posts"}],"about":[{"href":"https:\/\/tvbrazilusa.com\/pt\/wp-json\/wp\/v2\/types\/post"}],"author":[{"embeddable":true,"href":"https:\/\/tvbrazilusa.com\/pt\/wp-json\/wp\/v2\/users\/1"}],"replies":[{"embeddable":true,"href":"https:\/\/tvbrazilusa.com\/pt\/wp-json\/wp\/v2\/comments?post=104023"}],"version-history":[{"count":1,"href":"https:\/\/tvbrazilusa.com\/pt\/wp-json\/wp\/v2\/posts\/104023\/revisions"}],"predecessor-version":[{"id":104025,"href":"https:\/\/tvbrazilusa.com\/pt\/wp-json\/wp\/v2\/posts\/104023\/revisions\/104025"}],"wp:featuredmedia":[{"embeddable":true,"href":"https:\/\/tvbrazilusa.com\/pt\/wp-json\/wp\/v2\/media\/104024"}],"wp:attachment":[{"href":"https:\/\/tvbrazilusa.com\/pt\/wp-json\/wp\/v2\/media?parent=104023"}],"wp:term":[{"taxonomy":"category","embeddable":true,"href":"https:\/\/tvbrazilusa.com\/pt\/wp-json\/wp\/v2\/categories?post=104023"},{"taxonomy":"post_tag","embeddable":true,"href":"https:\/\/tvbrazilusa.com\/pt\/wp-json\/wp\/v2\/tags?post=104023"}],"curies":[{"name":"wp","href":"https:\/\/api.w.org\/{rel}","templated":true}]}}