{"id":104026,"date":"2025-02-11T23:17:33","date_gmt":"2025-02-11T23:17:33","guid":{"rendered":"https:\/\/tvbrazilusa.com\/2025\/02\/11\/trump-vai-acabar-com-o-horario-de-verao-o-que-saber\/"},"modified":"2025-02-18T07:17:44","modified_gmt":"2025-02-18T07:17:44","slug":"trump-vai-acabar-com-o-horario-de-verao-o-que-saber","status":"publish","type":"post","link":"https:\/\/tvbrazilusa.com\/pt\/2025\/02\/11\/trump-vai-acabar-com-o-horario-de-verao-o-que-saber\/","title":{"rendered":"Trump vai acabar com o hor\u00e1rio de ver\u00e3o? O que saber"},"content":{"rendered":"<p> <script async src=\"https:\/\/pagead2.googlesyndication.com\/pagead\/js\/adsbygoogle.js?client=ca-pub-8864793242727901\"\r\n     crossorigin=\"anonymous\"><\/script><br \/>\n<\/p>\n<div id=\"\">\n<div class=\"styles_HTMLContent__LDG2k\">\n<p>O hor\u00e1rio de economia do dia est\u00e1 programado para come\u00e7ar em pouco menos de um m\u00eas, no domingo, 9 de mar\u00e7o. Mas quando se trata disso, os americanos ir\u00e3o &#8220;avan\u00e7ar&#8221; e colocar seus rel\u00f3gios \u00e0 frente uma hora e depois &#8220;voltarem&#8221; uma hora na pr\u00f3xima novembro de novembro ?<\/p>\n<\/div>\n<div class=\"styles_HTMLContent__LDG2k\">\n<p>O presidente Donald Trump, cujo governo est\u00e1 trabalhando em um ritmo estonteante para remodelar o governo federal, indicou apoio no passado para terminar o hor\u00e1rio de ver\u00e3o.<\/p>\n<p>&#8220;O Partido Republicano usar\u00e1 seus melhores esfor\u00e7os para eliminar o hor\u00e1rio de ver\u00e3o, que tem um c\u00edrculo eleitoral pequeno, mas forte, mas n\u00e3o deveria!&#8221; Trump disse um post em dezembro de 2024 em seu <a href=\"https:\/\/truthsocial.com\/@realDonaldTrump\/posts\/113647254141876924\" rel=\"nofollow\" target=\"_blank\">Verdade social<\/a> plataforma. &#8220;O tempo de economia do dia \u00e9 inconveniente e muito caro para a nossa na\u00e7\u00e3o.&#8221;<\/p>\n<\/div>\n<div class=\"ContentBlocks_CardDetail__SubscribeBlock__4zBcQ ContentBlocks_CardDetail__SubscribeBlock--mobile__18tT_\">\n<section class=\"styles_SubscribeForm__0dj5n\">\n<h2 class=\"styles_SubscribeForm__title__F_olP\">Descubra o que est\u00e1 acontecendo em toda a Am\u00e9rica<span class=\"styles_SubscribeForm__title--nextLine__FTO3K\">gratuitamente com as atualiza\u00e7\u00f5es mais recentes do patch.<\/span><\/h2>\n<\/section>\n<\/div>\n<div class=\"styles_HTMLContent__LDG2k\">\n<p>O post de Trump reacende um debate que est\u00e1 inativo desde o Senado, com raro unanimidade no in\u00edcio de 2022, aprovou a Lei de Prote\u00e7\u00e3o ao Sol, que teria tornado o hor\u00e1rio de ver\u00e3o o tempo permanente. A medida foi introduzida pelo ent\u00e3o Sen. Marco Rubio, da Fl\u00f3rida, que foi confirmado recentemente como secret\u00e1rio de Estado de Trump.<\/p>\n<p>A legisla\u00e7\u00e3o morreu em um comit\u00ea da C\u00e2mara depois que alguns membros discutiram o tempo padr\u00e3o durante todo o ano, citando os conselhos de especialistas em medicina e sono e os sentimentos de seus eleitores-especialmente os agricultores que, apesar de um mito comum, veementemente se opuseram ao dia a salvar tempo quando foi implementado pela primeira vez h\u00e1 mais de um s\u00e9culo, de acordo com o <a href=\"https:\/\/www.loc.gov\/exhibitions\/world-war-i-american-experiences\/about-this-exhibition\/over-here\/home-front-contributions\/daylight-saving-time\/\" rel=\"nofollow\" target=\"_blank\">Biblioteca do Congresso<\/a>.<\/p>\n<\/div>\n<div class=\"ContentBlocks_CardDetail__SubscribeBlock__4zBcQ ContentBlocks_CardDetail__SubscribeBlock--desktop__oN6vv\">\n<section class=\"styles_SubscribeForm__0dj5n\">\n<h2 class=\"styles_SubscribeForm__title__F_olP\">Descubra o que est\u00e1 acontecendo em toda a Am\u00e9rica<span class=\"styles_SubscribeForm__title--nextLine__FTO3K\">gratuitamente com as atualiza\u00e7\u00f5es mais recentes do patch.<\/span><\/h2>\n<\/section>\n<\/div>\n<div class=\"styles_HTMLContent__LDG2k\">\n<p>O hor\u00e1rio de ver\u00e3o empurra o sol uma hora depois \u00e0 noite. Foi promulgada em 1918 durante a Primeira Guerra Mundial para economizar energia, alinhando o hor\u00e1rio do dia com os momentos em que as pessoas eram mais ativas. O DST foi amplamente impopular e o Congresso aboliu a medida um ano depois.<\/p>\n<p>O DST foi estabelecido novamente em 1942 durante a Segunda Guerra Mundial. O \u201ctempo de guerra\u201d durante todo o ano durou at\u00e9 30 de setembro de 1945. do hor\u00e1rio de ver\u00e3o foi padronizado. A lei permitiu algumas isen\u00e7\u00f5es, que est\u00e3o em vigor hoje no Arizona e no Hava\u00ed.<\/p>\n<\/div>\n<div class=\"styles_HTMLContent__LDG2k\">\n<h3>Alm\u00edscar em &#8216;mudan\u00e7as de tempo irritante&#8217;<\/h3>\n<p>O chefe do Departamento de Efici\u00eancia do Governo, Elon Musk, e seu ex -parceiro do Doge, Vivek Ramaswamy, disseram no ano passado em uma s\u00e9rie de postagens de m\u00eddia social que a pr\u00e1tica de alternar entre o tempo padr\u00e3o e a luz do dia deve ser eliminada, <a href=\"https:\/\/www.cnn.com\/2024\/12\/03\/politics\/elon-musk-vivek-ramaswamy-time-changes-doge\/index.html\" rel=\"nofollow\" target=\"_blank\">A CNN relatou<\/a>. <\/p>\n<p>Musk disse que as &#8220;mudan\u00e7as de tempo irritantes&#8221; devem ser abolidas, enquanto Ramaswamy declarou a pr\u00e1tica &#8220;ineficiente&#8221; e disse que era &#8220;f\u00e1cil de mudar&#8221;. Ramaswamy deixou Doge desde ent\u00e3o.<\/p>\n<\/div>\n<div class=\"styles_HTMLContent__LDG2k\">\n<p>O post de Trump em dezembro de 2024 sobre a Truth Social parecia sugerir que ele favorece o tempo padr\u00e3o o ano todo, embora no passado ele tenha apoiado o tempo de economia de tempo permanente. Em 2019, durante seu primeiro mandato, Trump disse nas m\u00eddias sociais que \u201cfazendo <a href=\"https:\/\/x.com\/realDonaldTrump\/status\/1105110383227035654?ref_src=twsrc%5Etfw%7Ctwcamp%5Etweetembed%7Ctwterm%5E1105110383227035654%7Ctwgr%5Ee455831c6fcc734b6977354d94362cc3706aa5bf%7Ctwcon%5Es1_&#038;ref_url=https%3A%2F%2Fwww.cbsnews.com%2Fnews%2Fpresident-trump-supports-making-daylight-saving-time-permanent%2F\" rel=\"nofollow\" target=\"_blank\">DIA ELAVEM SAVANDO PERMONENTE<\/a> est\u00e1 bem para mim. \u201d<\/p>\n<p>N\u00e3o est\u00e1 claro se Trump e os republicanos pretendem priorizar a ado\u00e7\u00e3o de um tempo permanente durante todo o ano. Terminar as mudan\u00e7as do rel\u00f3gio requer a\u00e7\u00e3o pelo Congresso.<\/p>\n<h3>Americanos cansam -se do ritual do rel\u00f3gio<\/h3>\n<p>As pesquisas ao longo dos anos mostraram que a maioria dos americanos est\u00e1 cansada de brincar com seus rel\u00f3gios duas vezes por ano. Onde eles discordam \u00e9 se o tempo permanente deve ser padr\u00e3o ou de economia de ver\u00e3o.<\/p>\n<p>UM <a href=\"https:\/\/docs.cdn.yougov.com\/etwjvohrxx\/Daylight_Saving_Time_Toplines_Crosstabs.pdf\" rel=\"nofollow\" target=\"_blank\">Pesquisa do YouGov<\/a> Tomado em mar\u00e7o de 2023, mostrou que 62 % dos americanos favoreceram a elimina\u00e7\u00e3o dos ajustes do rel\u00f3gio semestral. Isso \u00e9 consistente com os resultados de um <a href=\"https:\/\/www.monmouth.edu\/polling-institute\/reports\/monmouthpoll_us_031522\/\" rel=\"nofollow\" target=\"_blank\">Enquete da Universidade de Monmouth em 2022<\/a> Isso descobriu que 61 % dos americanos querem parar de mudar seus rel\u00f3gios.<\/p>\n<p>Em 2019, An <a href=\"https:\/\/apnorc.org\/projects\/daylight-saving-time-vs-standard-time\/\" rel=\"nofollow\" target=\"_blank\">Associated Press-NORC Poll<\/a> Encontraram 71 % dos americanos querem acabar com a pr\u00e1tica e apenas 28 % queriam continuar. Entre os demais americanos, 40 % favoreceram o tempo padr\u00e3o o ano todo e 31 % queriam que o hor\u00e1rio de ver\u00e3o durante todo o dia.<\/p>\n<\/div>\n<div class=\"styles_HTMLContent__LDG2k\">\n<p>Uma pesquisa informal e n\u00e3o cient\u00edfica dos leitores de patch refletiu no outono no \u00faltimo refletir as conclus\u00f5es dessas e de outras pesquisas sobre <a href=\"https:\/\/patch.com\/us\/across-america\/dst-ends-its-time-ditch-twice-year-clock-changes-survey\">Mantenha ou diminua o hor\u00e1rio de ver\u00e3o<\/a>. <\/p>\n<p>\u201cO que quer que seja escolhido, apenas mantenha o mesmo. Pare de mudar os rel\u00f3gios! \u201d Um leitor da Virginia disse a Patch. \u201cEu literalmente tenho que decolar a segunda e ter\u00e7a -feira ap\u00f3s a primavera, ou meu trabalho sofre por uma semana. Leva tanto tempo para me ajustar. \u201d<\/p>\n<h3>4:30 Terma de despertar da manh\u00e3<\/h3>\n<p>Aqueles que defendem o tempo de poupan\u00e7a durante o ano durante o ano citam principalmente raz\u00f5es econ\u00f4micas. Eles argumentam que, quando a escola e o trabalho terminam para o dia, o DST oferece \u00e0s pessoas uma hora extra de luz do dia para frequentar empresas locais, restaurantes e participar de mais atividades e oportunidades da comunidade ao ar livre. Outros citam pesquisas que sugerem que o tempo de poupan\u00e7a permanente reduz o crime.<\/p>\n<p>Especialistas m\u00e9dicos dizem que o hor\u00e1rio de ver\u00e3o interrompe os ritmos circadianos naturais do corpo humano. Aumentos no risco de ataques card\u00edacos e derrames, dist\u00farbios do humor e acidentes de tr\u00e2nsito devido \u00e0 diminui\u00e7\u00e3o do alerta tamb\u00e9m est\u00e3o associados ao interruptor de tempo. Os pais dizem que isso sai da hora de dormir de seus filhos.<\/p>\n<p>Em 2020, o <a href=\"https:\/\/pmc.ncbi.nlm.nih.gov\/articles\/PMC7954020\/#:~:text=It%20is%20the%20position%20of,for%20public%20health%20and%20safety.\" rel=\"nofollow\" target=\"_blank\">American Academy of Sleep Medicine disse<\/a> Ele acreditava que os Estados Unidos deveriam &#8220;eliminar as mudan\u00e7as sazonais de tempo a favor de um tempo nacional, fixo e durante todo o ano&#8221;.<\/p>\n<\/div>\n<div class=\"styles_HTMLContent__LDG2k\">\n<p>O DST durante todo o ano significaria que, no in\u00edcio de janeiro, o sol n\u00e3o subiria at\u00e9 bem depois das 8 horas da manh\u00e3 em muitas partes do pa\u00eds, particularmente no norte dos EUA e o tempo padr\u00e3o durante todo o ano, o tempo empurraria <a href=\"https:\/\/www.facebook.com\/AccuWeather\/posts\/rise-and-shine-heres-how-early-the-sun-would-wake-up-in-june-without-daylight-sa\/976412081010105\/\" rel=\"nofollow\" target=\"_blank\">Sunrises at\u00e9 as 4:30 da manh\u00e3<\/a> em algumas \u00e1reas.<\/p>\n<h3>Estados prontos para fazer mudan\u00e7as<\/h3>\n<p>Quase todo estado dos EUA considerou v\u00e1rias contas de fuso hor\u00e1rio desde 2015, de acordo com o <a href=\"https:\/\/www.ncsl.org\/transportation\/daylight-saving-time-state-legislation\" rel=\"nofollow\" target=\"_blank\">Confer\u00eancia Nacional de Legislaturas Estaduais<\/a>. Em 2018, a Fl\u00f3rida se tornou o primeiro estado do pa\u00eds a promulgar legisla\u00e7\u00e3o, tornando o hor\u00e1rio de ver\u00e3o o tempo permanente, aguardando uma mudan\u00e7a na lei federal que a permitiria. Desde ent\u00e3o, outros 20 estados promulgaram legisla\u00e7\u00e3o ou aprovaram resolu\u00e7\u00f5es para fornecer tempo de economia do dia durante todo o ano, se o Congresso o permitir.<\/p>\n<p>Esses estados s\u00e3o Alabama, Calif\u00f3rnia, Colorado, Delaware, Fl\u00f3rida, Ge\u00f3rgia, Idaho, Kentucky, Louisiana, Maine, Minnesota, Mississippi, Montana, Ohio, Oregon, Carolina do Sul, Tennessee, Utah, Washington e Wyoming. <\/p>\n<p>A legisla\u00e7\u00e3o foi arquivada este ano em um punhado de estados &#8211; <a href=\"https:\/\/www.fox13now.com\/news\/politics\/bill-stopping-the-constant-clock-change-of-daylight-saving-time-advances-in-utah-legislature\" rel=\"nofollow\" target=\"_blank\">Utah<\/a>Assim,<a href=\"https:\/\/apps.legislature.ky.gov\/record\/25rs\/hb308.html\" rel=\"nofollow\" target=\"_blank\"> Kentucky<\/a>Assim, <a href=\"https:\/\/spectrumlocalnews.com\/section\/know-your-electeds\/news\/2025\/02\/10\/north-carolina-bill-looks-to-end-daylight-saving-time-\" rel=\"nofollow\" target=\"_blank\">Carolina do Norte<\/a> e <a href=\"https:\/\/www.statesman.com\/story\/news\/state\/2025\/02\/11\/daylight-saving-time-2025-texas-legislature-zaffrini-metcalf-permanent-standard-time-change\/78386290007\/\" rel=\"nofollow\" target=\"_blank\">Texas<\/a> &#8211; Procurando as mesmas isen\u00e7\u00f5es que o Hava\u00ed e o Arizona receberam. A isen\u00e7\u00e3o do Hava\u00ed se deve \u00e0 sua latitude tropical, o que significa que h\u00e1 pouca varia\u00e7\u00e3o nas horas da luz do dia no inverno e no ver\u00e3o. No Arizona quente e ensolarado, a hora adicional do sol no final do dia derrotou os objetivos de economia de energia do hor\u00e1rio de ver\u00e3o.<\/p>\n<p>Se nada acontecer no n\u00edvel federal e o DST entrar em vigor conforme programado no domingo, 9 de mar\u00e7o, ele terminar\u00e1 no domingo, 2 de novembro &#8211; novamente assumindo que nada acontece em Washington para impedi -lo.<\/p>\n<\/div>\n<div class=\"styles_HTMLContent__LDG2k\">\n<p>O hor\u00e1rio de ver\u00e3o \u00e9 observado em cerca de 70 pa\u00edses, incluindo o Canad\u00e1 e partes da Am\u00e9rica Latina, o Caribe. Conhecido na Europa como &#8220;Summer Time&#8221;, acontece do \u00faltimo domingo de mar\u00e7o at\u00e9 o \u00faltimo domingo de outubro, este ano, de 30 de mar\u00e7o a outubro. 26.<\/p>\n<\/div>\n<hr\/>\n<p>Receba mais not\u00edcias locais entregues diretamente \u00e0 sua caixa de entrada.<!-- --> <a target=\"_blank\" href=\"http:\/\/patch.com\/subscribe\" class=\"\">Inscreva -se em boletins e alertas de patch gratuitos.<\/a><\/div>\n<p><br \/>\n<br \/><a href=\"http:\/\/patch.com\/us\/across-america\/will-trump-put-end-daylight-saving-time-what-know?utm_source=article-mostrecent&#038;utm_medium=rss&#038;utm_term=politics%20%26%20government&#038;utm_campaign=recirc&#038;utm_content=aol\">Source link <\/a><\/p>","protected":false},"excerpt":{"rendered":"<p>O hor\u00e1rio de economia do dia est\u00e1 programado para come\u00e7ar em pouco menos de um m\u00eas, no domingo, 9 de mar\u00e7o. Mas quando se trata disso, os americanos ir\u00e3o &#8220;avan\u00e7ar&#8221;&hellip;<\/p>","protected":false},"author":1,"featured_media":104027,"comment_status":"closed","ping_status":"open","sticky":false,"template":"","format":"standard","meta":{"content-type":"","footnotes":""},"categories":[1],"tags":[],"class_list":["post-104026","post","type-post","status-publish","format-standard","has-post-thumbnail","hentry","category-uncategorized"],"_links":{"self":[{"href":"https:\/\/tvbrazilusa.com\/pt\/wp-json\/wp\/v2\/posts\/104026","targetHints":{"allow":["GET"]}}],"collection":[{"href":"https:\/\/tvbrazilusa.com\/pt\/wp-json\/wp\/v2\/posts"}],"about":[{"href":"https:\/\/tvbrazilusa.com\/pt\/wp-json\/wp\/v2\/types\/post"}],"author":[{"embeddable":true,"href":"https:\/\/tvbrazilusa.com\/pt\/wp-json\/wp\/v2\/users\/1"}],"replies":[{"embeddable":true,"href":"https:\/\/tvbrazilusa.com\/pt\/wp-json\/wp\/v2\/comments?post=104026"}],"version-history":[{"count":1,"href":"https:\/\/tvbrazilusa.com\/pt\/wp-json\/wp\/v2\/posts\/104026\/revisions"}],"predecessor-version":[{"id":104028,"href":"https:\/\/tvbrazilusa.com\/pt\/wp-json\/wp\/v2\/posts\/104026\/revisions\/104028"}],"wp:featuredmedia":[{"embeddable":true,"href":"https:\/\/tvbrazilusa.com\/pt\/wp-json\/wp\/v2\/media\/104027"}],"wp:attachment":[{"href":"https:\/\/tvbrazilusa.com\/pt\/wp-json\/wp\/v2\/media?parent=104026"}],"wp:term":[{"taxonomy":"category","embeddable":true,"href":"https:\/\/tvbrazilusa.com\/pt\/wp-json\/wp\/v2\/categories?post=104026"},{"taxonomy":"post_tag","embeddable":true,"href":"https:\/\/tvbrazilusa.com\/pt\/wp-json\/wp\/v2\/tags?post=104026"}],"curies":[{"name":"wp","href":"https:\/\/api.w.org\/{rel}","templated":true}]}}