{"id":104185,"date":"2025-02-18T16:53:13","date_gmt":"2025-02-18T16:53:13","guid":{"rendered":"https:\/\/tvbrazilusa.com\/2025\/02\/18\/ex-deputado-petista-tenta-impedir-fiscalizacao-de-fundos-de-pensao-de-estatais\/"},"modified":"2025-02-18T16:53:15","modified_gmt":"2025-02-18T16:53:15","slug":"ex-deputado-petista-tenta-impedir-fiscalizacao-de-fundos-de-pensao-de-estatais","status":"publish","type":"post","link":"https:\/\/tvbrazilusa.com\/pt\/2025\/02\/18\/ex-deputado-petista-tenta-impedir-fiscalizacao-de-fundos-de-pensao-de-estatais\/","title":{"rendered":"Ex-deputado petista tenta impedir fiscaliza\u00e7\u00e3o de fundos de pens\u00e3o de estatais"},"content":{"rendered":"<p> <script async src=\"https:\/\/pagead2.googlesyndication.com\/pagead\/js\/adsbygoogle.js?client=ca-pub-8864793242727901\"\r\n     crossorigin=\"anonymous\"><\/script><br \/>\n<\/p>\n<div id=\"taboola-read-more\" style=\"display:block; width:100%\">\n<p>O ex-presidente da C\u00e2mara dos Deputados Jo\u00e3o Paulo Cunha (PT-SP), condenado a seis anos de pris\u00e3o no esc\u00e2ndalo de corrup\u00e7\u00e3o do mensal\u00e3o, tenta barrar a fiscaliza\u00e7\u00e3o do Tribunal de Contas da Uni\u00e3o (TCU) sobre fundos de pens\u00e3o de estatais.\n<\/p>\n<p>Em parceria com Ophir Cavalcante, ex-presidente da OAB, Cunha representa a Associa\u00e7\u00e3o Brasileira das Entidades Fechadas de Previd\u00eancia Complementar (Abrapp) em \u00f3rg\u00e3os p\u00fablicos federais, inclusive no Judici\u00e1rio. A informa\u00e7\u00e3o \u00e9 do Estad\u00e3o.<\/p>\n<p>A Abrapp ajuizou no Supremo Tribunal Federal (STF) uma a\u00e7\u00e3o na qual pede a inconstitucionalidade das fiscaliza\u00e7\u00f5es do TCU nesses fundos. Se for julgada procedente, o TCU n\u00e3o poder\u00e1 fiscalizar, por exemplo, a perda de R$ 14 bilh\u00f5es no Plano 1 da Previ, que administra aposentadorias de funcion\u00e1rios do Banco do Brasil.\n<\/p>\n<p>O argumento da associa\u00e7\u00e3o representada por Cunha e Cavalcante \u00e9 que, embora parcialmente financiados por recursos p\u00fablicos, os fundos de pens\u00e3o s\u00e3o entidades de direito privado e, por isso, n\u00e3o deveriam ser fiscalizados como \u00f3rg\u00e3os p\u00fablicos. Al\u00e9m disso, afirma que a compet\u00eancia de fiscaliza\u00e7\u00e3o seria da Superintend\u00eancia Nacional de Previd\u00eancia Complementar (Previc).\n<\/p>\n<p>A a\u00e7\u00e3o da Abrapp e os fundos de pens\u00e3o<br \/>Se a a\u00e7\u00e3o da Abrapp for bem-sucedida, investiga\u00e7\u00f5es relacionadas \u00e0 opera\u00e7\u00e3o Greenfield, que apurou desvios em fundos de pens\u00e3o para empreiteiras e empresas ligadas a gest\u00f5es passadas, poder\u00e3o ser anuladas.\n<\/p>\n<p>A entidade argumenta que a atua\u00e7\u00e3o do TCU pode levar a duplicidade de esfor\u00e7os, gerando inefici\u00eancias e desperd\u00edcios. Al\u00e9m disso, defende que d\u00e9ficits como os da Previ s\u00e3o conjunturais e comuns em per\u00edodos de instabilidade econ\u00f4mica, mas n\u00e3o comprometem a sustentabilidade a longo prazo.<\/p>\n<figure class=\"wp-block-image\"><picture><source srcset=\"https:\/\/medias.revistaoeste.com\/wp-content\/uploads\/2024\/04\/Banco-do-Brasil.jpg.webp 1260w, https:\/\/medias.revistaoeste.com\/wp-content\/uploads\/2024\/04\/Banco-do-Brasil-300x200.jpg.webp 300w, https:\/\/medias.revistaoeste.com\/wp-content\/uploads\/2024\/04\/Banco-do-Brasil-150x100.jpg.webp 150w\" type=\"image\/webp\" sizes=\"(max-width: 1260px) 100vw, 1260px\" data-srcset=\"https:\/\/medias.revistaoeste.com\/wp-content\/uploads\/2024\/04\/Banco-do-Brasil.jpg.webp 1260w, https:\/\/medias.revistaoeste.com\/wp-content\/uploads\/2024\/04\/Banco-do-Brasil-300x200.jpg.webp 300w, https:\/\/medias.revistaoeste.com\/wp-content\/uploads\/2024\/04\/Banco-do-Brasil-150x100.jpg.webp 150w\" data-sizes=\"(max-width: 1260px) 100vw, 1260px\"\/><\/picture><\/figure>\n<\/p>\n<p>Os fundos de pens\u00e3o ligados \u00e0 Petrobras, ao Banco do Brasil, \u00e0 Caixa Econ\u00f4mica Federal e aos Correios administram cerca de R$ 510 bilh\u00f5es em ativos. A Previ \u00e9 o maior, com R$ 270 bilh\u00f5es sob gest\u00e3o. Metade do financiamento desses planos vem das estatais e o restante, das contribui\u00e7\u00f5es dos funcion\u00e1rios. Quando h\u00e1 preju\u00edzos, \u00e9 necess\u00e1rio um equacionamento, com contribui\u00e7\u00f5es extras das partes, impactando empresas e funcion\u00e1rios.\n<\/p>\n<p>O ministro do TCU Walton Alencar, que ordenou a auditoria na Previ, destacou que o retorno sobre investimentos foi de apenas 1,58% no ano anterior. No STF, o relator da a\u00e7\u00e3o da Abrapp \u00e9 o ministro Luiz Fux. O caso ainda n\u00e3o foi julgado.\n<\/p>\n<h2 class=\"wp-block-heading\">Hist\u00f3rico de Jo\u00e3o Paulo Cunha<\/h2>\n<p>Jo\u00e3o Paulo Cunha presidiu a C\u00e2mara dos Deputados entre 2003 e 2005. Reeleito para os dois mandatos seguintes, perdeu sua cadeira no Legislativo em 2013 depois de ser condenado a seis anos e quatro meses de pris\u00e3o por peculato e corrup\u00e7\u00e3o passiva no caso do mensal\u00e3o, esquema de pagamento de propina a parlamentares da base do governo Lula em troca de apoio no Congresso.\n<\/p>\n<p>Cumpriu dois anos da pena, parte na penitenci\u00e1ria da Papuda, em Bras\u00edlia, e parte em regime aberto, at\u00e9 ser absolvido pelo STF em 2016, ap\u00f3s receber um indulto presidencial concedido pela ent\u00e3o presidente Dilma Rousseff. Desde ent\u00e3o, n\u00e3o possui pend\u00eancias com a Justi\u00e7a.\n<\/p>\n<div id=\"hd80s9wa1h892edh8192\" class=\"entry-content break-word select-none\">\n<p>Cunha tentou abrir um escrit\u00f3rio de advocacia, sem sucesso. Com a volta de Lula ao poder, passou a atuar nos bastidores de Bras\u00edlia e, no ano passado, tornou-se s\u00f3cio de um renomado escrit\u00f3rio de advocacia liderado por Ophir Cavalcante.\n<\/p>\n<p>A Abrapp afirmou que a contrata\u00e7\u00e3o do escrit\u00f3rio de Cunha e Cavalcante segue normas de governan\u00e7a, destacando a experi\u00eancia dos profissionais. A entidade afirma que a atua\u00e7\u00e3o \u00e9 consorcial com outra banca qualificada, sempre considerando a defesa dos interesses do segmento de previd\u00eancia complementar fechada.\n<\/p>\n<\/div>\n<p>Fonte: Revista Oeste<\/p>\n<\/p><\/div>\n<p><br \/>\n<br \/><a href=\"https:\/\/diariodobrasilnoticias.com.br\/noticia\/ex-deputado-petista-tenta-impedir-fiscalizacao-de-fundos-de-pensao-de-estatais-67b49ca918a27\">Source link <\/a><\/p>","protected":false},"excerpt":{"rendered":"<p>O ex-presidente da C\u00e2mara dos Deputados Jo\u00e3o Paulo Cunha (PT-SP), condenado a seis anos de pris\u00e3o no esc\u00e2ndalo de corrup\u00e7\u00e3o do mensal\u00e3o, tenta barrar a fiscaliza\u00e7\u00e3o do Tribunal de Contas&hellip;<\/p>","protected":false},"author":1,"featured_media":104186,"comment_status":"closed","ping_status":"open","sticky":false,"template":"","format":"standard","meta":{"content-type":"","footnotes":""},"categories":[16],"tags":[123,2448,5313,1267],"class_list":["post-104185","post","type-post","status-publish","format-standard","has-post-thumbnail","hentry","category-noticias","tag-brasil","tag-diario","tag-noticia","tag-noticias"],"_links":{"self":[{"href":"https:\/\/tvbrazilusa.com\/pt\/wp-json\/wp\/v2\/posts\/104185","targetHints":{"allow":["GET"]}}],"collection":[{"href":"https:\/\/tvbrazilusa.com\/pt\/wp-json\/wp\/v2\/posts"}],"about":[{"href":"https:\/\/tvbrazilusa.com\/pt\/wp-json\/wp\/v2\/types\/post"}],"author":[{"embeddable":true,"href":"https:\/\/tvbrazilusa.com\/pt\/wp-json\/wp\/v2\/users\/1"}],"replies":[{"embeddable":true,"href":"https:\/\/tvbrazilusa.com\/pt\/wp-json\/wp\/v2\/comments?post=104185"}],"version-history":[{"count":1,"href":"https:\/\/tvbrazilusa.com\/pt\/wp-json\/wp\/v2\/posts\/104185\/revisions"}],"predecessor-version":[{"id":104187,"href":"https:\/\/tvbrazilusa.com\/pt\/wp-json\/wp\/v2\/posts\/104185\/revisions\/104187"}],"wp:featuredmedia":[{"embeddable":true,"href":"https:\/\/tvbrazilusa.com\/pt\/wp-json\/wp\/v2\/media\/104186"}],"wp:attachment":[{"href":"https:\/\/tvbrazilusa.com\/pt\/wp-json\/wp\/v2\/media?parent=104185"}],"wp:term":[{"taxonomy":"category","embeddable":true,"href":"https:\/\/tvbrazilusa.com\/pt\/wp-json\/wp\/v2\/categories?post=104185"},{"taxonomy":"post_tag","embeddable":true,"href":"https:\/\/tvbrazilusa.com\/pt\/wp-json\/wp\/v2\/tags?post=104185"}],"curies":[{"name":"wp","href":"https:\/\/api.w.org\/{rel}","templated":true}]}}