{"id":104197,"date":"2025-02-18T17:21:05","date_gmt":"2025-02-18T17:21:05","guid":{"rendered":"https:\/\/tvbrazilusa.com\/2025\/02\/18\/as-conservacoes-lutam-para-salvar-a-fazenda-mandarim-de-145-anos-jacksonville-hoje\/"},"modified":"2025-02-18T17:21:48","modified_gmt":"2025-02-18T17:21:48","slug":"as-conservacoes-lutam-para-salvar-a-fazenda-mandarim-de-145-anos-jacksonville-hoje","status":"publish","type":"post","link":"https:\/\/tvbrazilusa.com\/pt\/2025\/02\/18\/as-conservacoes-lutam-para-salvar-a-fazenda-mandarim-de-145-anos-jacksonville-hoje\/","title":{"rendered":"As conserva\u00e7\u00f5es lutam para salvar a fazenda mandarim de 145 anos | Jacksonville hoje"},"content":{"rendered":"<p> <script async src=\"https:\/\/pagead2.googlesyndication.com\/pagead\/js\/adsbygoogle.js?client=ca-pub-8864793242727901\"\r\n     crossorigin=\"anonymous\"><\/script><br \/>\n<\/p>\n<div>\n<p>Uma fazenda com telhado de lata de 145 anos, em mandarim, provocou uma luta entre os preservacionistas que querem salvar a casa e um propriet\u00e1rio que deseja demolir.<\/p>\n<p>O Henry C. Arpen Farmhouse j\u00e1 est\u00e1 no Registro Nacional de Lugares Hist\u00f3ricos e atende a quatro dos sete crit\u00e9rios da cidade para obter uma designa\u00e7\u00e3o de refer\u00eancia local.<\/p>\n<p>A casa \u00e9 um dos \u00fanicos dois edif\u00edcios em mandarim a ser inclu\u00eddo no Registro Nacional de Lugares Hist\u00f3ricos, de acordo com Tracy Arpen, cujo tio -av\u00f4 construiu a casa. O outro \u00e9 o <a href=\"https:\/\/www.mandarinmuseum.org\/visit\/store-and-post-office\" rel=\"nofollow noopener\" target=\"_blank\">Loja e correios de mandarim<\/a>.<\/p>\n<p>&#8220;\u00c9 reconhecido nacionalmente como uma estrutura hist\u00f3rica&#8221;, disse Arpen, vice -conselheiro geral aposentado de Jacksonville. \u201cN\u00e3o foi projetado por um grande arquiteto &#8211; era uma esp\u00e9cie de coisa caseira; N\u00e3o h\u00e1 duas janelas da casa do mesmo tamanho porque foram constru\u00eddas a partir de resgate. Mas \u00e9 meio \u00fanico, e foi uma das \u00faltimas estruturas restantes da fazenda que datam do final do s\u00e9culo XIX. \u201d<\/p>\n<p>Mas o atual propriet\u00e1rio da casa se op\u00f5e \u00e0 preserva\u00e7\u00e3o.<\/p>\n<p>A Bordan Development LLC declarou em uma avalia\u00e7\u00e3o estrutural de que o custo para reparar a casa excede em muito seu valor e &#8220;deve ser demolido no local se n\u00e3o for realocado&#8221;, de acordo com um relat\u00f3rio do Departamento de Planejamento da Cidade.<\/p>\n<p>Funcion\u00e1rios do Bordan Development n\u00e3o foram encontrados para comentar esta semana.<\/p>\n<p>O <a href=\"https:\/\/www.jacksonville.gov\/departments\/planning-and-development\/community-planning-division\/historic-preservation-commission\" rel=\"nofollow noopener\" target=\"_blank\">Comiss\u00e3o de Preserva\u00e7\u00e3o Hist\u00f3rica de Jacksonville<\/a> Em janeiro, introduziu um projeto de lei que poderia salvar a fazenda. O projeto de lei, solicitando status de refer\u00eancia local para a C\u00e2mara, est\u00e1 programado para uma audi\u00eancia p\u00fablica \u00e0s 16h30 na quarta -feira antes do comit\u00ea de uso e zoneamento da terra do Conselho da Cidade. <\/p>\n<p>Arpen estar\u00e1 l\u00e1 para tentar salvar a estrutura.<\/p>\n<h3 class=\"wp-block-heading\">Hist\u00f3ria da fazenda<\/h3>\n<p>A casa de dois andares de madeira foi constru\u00edda em 1880 na O&#8217;Connor Road, fora do que hoje \u00e9 a Marbon Road, no sul de Mandarin. O agricultor Henry Arpen e sua esposa, Emmaline, se mudaram para um terreno de 17 acres que j\u00e1 fez parte da concess\u00e3o de terras espanholas de Joseph Hagins, uma das primeiras propriedades privadas da Fl\u00f3rida.<\/p>\n<p>A casa antecede a era da ferrovia na Fl\u00f3rida. Os materiais de constru\u00e7\u00e3o pr\u00e9-fabricados e produzidos em massa, como janelas, n\u00e3o foram facilmente obtidos pelos construtores de casas do final do s\u00e9culo XIX. A hist\u00f3ria oral local indica que a casa de Arpen foi constru\u00edda usando materiais recuperados de uma barca\u00e7a destru\u00edda que havia encadeado no rio St. Johns, de acordo com um <a href=\"https:\/\/news.wjct.org\/first-coast\/2019-09-27\/henry-c-arpen-house-in-mandarin-joins-national-register-of-historic-places\" rel=\"nofollow noopener\" target=\"_blank\">WJCT News Story<\/a> em 2019.<\/p>\n<p><strong>Leia mais<\/strong>: <a href=\"https:\/\/jaxtoday.org\/2025\/02\/04\/advocates-try-to-save-civil-rights-landmark-in-st-johns-county\/\">Os advogados tentam salvar o marco dos direitos civis no Condado de St. Johns<\/a><\/p>\n<p>Esse m\u00e9todo de constru\u00e7\u00e3o do que \u00e9 frequentemente denominado uma casa no estilo de cracker da Fl\u00f3rida foi uma das raz\u00f5es pelas quais a casa atende a quatro dos sete crit\u00e9rios a serem designados como um marco local, de acordo com um relat\u00f3rio do Departamento de Planejamento da Cidade.<\/p>\n<p>&#8220;Embora considerados um estilo simplista, os edif\u00edcios de estilo vernacular de quadro s\u00e3o importantes porque representam exemplos de fuga de como os construtores rurais e leigos utilizavam historicamente diretores de constru\u00e7\u00e3o simples e testados pelo tempo, bem como materiais de constru\u00e7\u00e3o locais dispon\u00edveis na \u00e9poca&#8221;, afirma a conta .<\/p>\n<figure class=\"wp-block-image size-full\"><figcaption class=\"wp-element-caption\">Uma fotografia sem data da fazenda Henry C. Arpen quando estava na O&#8217;Connor Road, no sul de mandarim, antes de ser transferida para o local atual. | Cidade de Jacksonville<\/figcaption><\/figure>\n<p>Quando o edif\u00edcio recebeu designa\u00e7\u00e3o de registro nacional em 2019, ele foi listado em &#8220;Excelente estado, mantendo a integridade de seus recursos externos e interiores&#8221;, afirma o projeto. Mas logo ap\u00f3s essa designa\u00e7\u00e3o, o local de 17 acres na O&#8217;Connor Road foi rezonado do status residencial rural para um, permitindo mais edif\u00edcios por acre.<\/p>\n<p>O desenvolvedor prop\u00f4s uma subdivis\u00e3o de 33 resid\u00eancias, comprometendo-se a preservar a casa, movendo-a para um novo local fora do desenvolvimento ou \u201cpromessa de mud\u00e1-lo para o lote 1 dentro do desenvolvimento\u201d e assumir\u00e1 todos os custos razo\u00e1veis, afirma o projeto de lei do Conselho da Cidade.<\/p>\n<p>Mas em 2022, o propriet\u00e1rio do edif\u00edcio &#8220;removeu ilegalmente a chamin\u00e9&#8221; sem um certificado de adequa\u00e7\u00e3o necess\u00e1rio e, em seguida, &#8220;a moveu ilegalmente sem uma permiss\u00e3o da cidade necess\u00e1ria&#8221; a cerca de 2.000 p\u00e9s de leste, para sua localiza\u00e7\u00e3o atual na Linjohn Road, afirma o projeto de lei.<\/p>\n<p>Desde ent\u00e3o, o lar e seu interior foram expostos a dois anos de &#8220;clima e atividade n\u00e3o regulamentada&#8221;, e o propriet\u00e1rio indicou que sua integridade estrutural foi comprometida durante a realoca\u00e7\u00e3o, de acordo com o relat\u00f3rio do Departamento de Planejamento.<\/p>\n<p>&#8220;Quando eles se mudaram de casa e a colocaram em um trailer para serem movidos, arrancaram a chamin\u00e9 e n\u00e3o se incomodaram em corrigir o buraco no telhado&#8221;, disse Arpen. \u201cDesde ent\u00e3o, tem sido um caso cl\u00e1ssico de demoli\u00e7\u00e3o por neglig\u00eancia. Eles apenas deixaram a coisa se deteriorar. \u00c9 recuper\u00e1vel, mas sem d\u00favida seria muito mais caro reabilitar do que teria sido se eles tivessem se mudado prontamente com tudo. \u201d<\/p>\n<h3 class=\"wp-block-heading\">Pedido de demoli\u00e7\u00e3o<\/h3>\n<p>Em 8 de outubro, o propriet\u00e1rio solicitou uma permiss\u00e3o para demolir a casa em viola\u00e7\u00e3o ao zoneamento, e descri\u00e7\u00e3o e compromissos por escrito para preservar a estrutura hist\u00f3rica, afirma o projeto.<\/p>\n<p>A Comiss\u00e3o de Preserva\u00e7\u00e3o Hist\u00f3rica de Jacksonville teve que revisar o pedido de demoli\u00e7\u00e3o porque a C\u00e2mara est\u00e1 no Registro Hist\u00f3rico Nacional, disse Arpen. A Comiss\u00e3o negou a solicita\u00e7\u00e3o em dezembro e tamb\u00e9m recomendou o lar para uma potencial designa\u00e7\u00e3o de refer\u00eancia local.<\/p>\n<p>O propriet\u00e1rio est\u00e1 apelando a nega\u00e7\u00e3o ao conselho da cidade.<\/p>\n<p>A revis\u00e3o do departamento de planejamento do pedido de refer\u00eancia local afirma que a casa \u00e9 uma de um pequeno n\u00famero de casas hist\u00f3ricas restantes na comunidade de Loretto e &#8220;mant\u00e9m elementos suficientes que mostram seu significado arquitet\u00f4nico&#8221; como um exemplo que desaparece de como os construtores rurais usavam materiais de constru\u00e7\u00e3o locais como pinheiro amarelo do sul e cipreste.<\/p>\n<p>Arpen disse que a casa de seu tio -av\u00f4 \u00e9 um dos dois \u00fanicos edif\u00edcios em mandarim a ser inclu\u00eddo no Registro Nacional de Lugares Hist\u00f3ricos. O outro \u00e9 o <a href=\"https:\/\/www.mandarinmuseum.org\/visit\/store-and-post-office\" rel=\"nofollow noopener\" target=\"_blank\">Loja e correios de mandarim<\/a>.<\/p>\n<\/div>\n<p><br \/>\n<br \/><a href=\"https:\/\/jaxtoday.org\/2025\/02\/18\/farmhouse-landmark-mandarin\/\">Source link <\/a><\/p>","protected":false},"excerpt":{"rendered":"<p>Uma fazenda com telhado de lata de 145 anos, em mandarim, provocou uma luta entre os preservacionistas que querem salvar a casa e um propriet\u00e1rio que deseja demolir. O Henry&hellip;<\/p>","protected":false},"author":1,"featured_media":104198,"comment_status":"closed","ping_status":"open","sticky":false,"template":"","format":"standard","meta":{"content-type":"","footnotes":""},"categories":[1],"tags":[],"class_list":["post-104197","post","type-post","status-publish","format-standard","has-post-thumbnail","hentry","category-uncategorized"],"_links":{"self":[{"href":"https:\/\/tvbrazilusa.com\/pt\/wp-json\/wp\/v2\/posts\/104197","targetHints":{"allow":["GET"]}}],"collection":[{"href":"https:\/\/tvbrazilusa.com\/pt\/wp-json\/wp\/v2\/posts"}],"about":[{"href":"https:\/\/tvbrazilusa.com\/pt\/wp-json\/wp\/v2\/types\/post"}],"author":[{"embeddable":true,"href":"https:\/\/tvbrazilusa.com\/pt\/wp-json\/wp\/v2\/users\/1"}],"replies":[{"embeddable":true,"href":"https:\/\/tvbrazilusa.com\/pt\/wp-json\/wp\/v2\/comments?post=104197"}],"version-history":[{"count":1,"href":"https:\/\/tvbrazilusa.com\/pt\/wp-json\/wp\/v2\/posts\/104197\/revisions"}],"predecessor-version":[{"id":104199,"href":"https:\/\/tvbrazilusa.com\/pt\/wp-json\/wp\/v2\/posts\/104197\/revisions\/104199"}],"wp:featuredmedia":[{"embeddable":true,"href":"https:\/\/tvbrazilusa.com\/pt\/wp-json\/wp\/v2\/media\/104198"}],"wp:attachment":[{"href":"https:\/\/tvbrazilusa.com\/pt\/wp-json\/wp\/v2\/media?parent=104197"}],"wp:term":[{"taxonomy":"category","embeddable":true,"href":"https:\/\/tvbrazilusa.com\/pt\/wp-json\/wp\/v2\/categories?post=104197"},{"taxonomy":"post_tag","embeddable":true,"href":"https:\/\/tvbrazilusa.com\/pt\/wp-json\/wp\/v2\/tags?post=104197"}],"curies":[{"name":"wp","href":"https:\/\/api.w.org\/{rel}","templated":true}]}}