{"id":104203,"date":"2025-02-18T17:49:32","date_gmt":"2025-02-18T17:49:32","guid":{"rendered":"https:\/\/tvbrazilusa.com\/2025\/02\/18\/ex-ministra-de-lula-contratou-empresa-suspeita-de-desvio-em-livros\/"},"modified":"2025-02-18T17:49:34","modified_gmt":"2025-02-18T17:49:34","slug":"ex-ministra-de-lula-contratou-empresa-suspeita-de-desvio-em-livros","status":"publish","type":"post","link":"https:\/\/tvbrazilusa.com\/pt\/2025\/02\/18\/ex-ministra-de-lula-contratou-empresa-suspeita-de-desvio-em-livros\/","title":{"rendered":"Ex-ministra de Lula contratou empresa suspeita de desvio em livros"},"content":{"rendered":"<p> <script async src=\"https:\/\/pagead2.googlesyndication.com\/pagead\/js\/adsbygoogle.js?client=ca-pub-8864793242727901\"\r\n     crossorigin=\"anonymous\"><\/script><br \/>\n<\/p>\n<div id=\"taboola-read-more\" style=\"display:block; width:100%\">\n<p>Uma empresa contratada pela deputada Daniela do Waguinho (Uni\u00e3o Brasil-RJ) na campanha de 2022 foi mencionada na opera\u00e7\u00e3o Errata, conduzida pela Pol\u00edcia Federal (PF). A investiga\u00e7\u00e3o tem como objetivo esclarecer poss\u00edveis irregularidades na aquisi\u00e7\u00e3o de livros did\u00e1ticos pela prefeitura de Belford Roxo (RJ) durante a administra\u00e7\u00e3o do prefeito Waguinho (Republicanos-RJ), marido da parlamentar.\n<\/p>\n<p>Daniela conquistou a reelei\u00e7\u00e3o como deputada federal em 2022, com 213,7 mil votos. No entanto, no ano seguinte, n\u00e3o assumiu imediatamente sua posi\u00e7\u00e3o na C\u00e2mara dos Deputados, pois aceitou um convite de Lula (PT) para comandar o Minist\u00e9rio do Turismo. Sete meses depois, o presidente a demitiu, com o objetivo de ampliar sua base pol\u00edtica no Congresso.<\/p>\n<h2 class=\"wp-block-heading\">PF investiga um montante de R$ 100 milh\u00f5es em contratos firmados pela prefeitura de Belford Roxo entre 2017 e 2024<\/h2>\n<p>A Pol\u00edcia Federal investiga um montante de R$ 100 milh\u00f5es em contratos firmados pela prefeitura de Belford Roxo entre 2017 e 2024. A maior parte desses contratos ocorreu durante a gest\u00e3o de Waguinho \u00e0 frente do munic\u00edpio.\n<\/p>\n<p>\u00a0<\/p>\n<p>Informa\u00e7\u00f5es do Conselho de Controle de Atividades Financeiras (Coaf), obtidas pela opera\u00e7\u00e3o Errata, apontam que a Lastro Ind\u00fastrias Gr\u00e1ficas recebeu aproximadamente R$ 5,7 milh\u00f5es da Editora Soler. Esta \u00faltima, uma das fornecedoras de livros did\u00e1ticos para a prefeitura, foi alvo de busca e apreens\u00e3o.\n<\/p>\n<p>De acordo com a PF, a Editora Soler n\u00e3o mantinha funcion\u00e1rios desde 2016, mas celebrou contratos no valor de R$ 53 milh\u00f5es com a administra\u00e7\u00e3o do marido de Daniela entre 2019 e 2023. A Lastro Ind\u00fastrias Gr\u00e1ficas, por sua vez, aparece na presta\u00e7\u00e3o de contas da campanha de Daniela, tendo recebido R$ 64 mil.\n<\/p>\n<p>A empresa Rubra Editora e Gr\u00e1fica tamb\u00e9m foi mencionada na investiga\u00e7\u00e3o da PF. Assim como a Lastro, tinha Jo\u00e3o Morani Veiga como s\u00f3cio, que foi alvo de busca na opera\u00e7\u00e3o Errata. O Coaf informou que Veiga sacou pelo menos R$ 900 mil em esp\u00e9cie das contas da empresa.\n<\/p>\n<p>A Rubra foi a principal beneficiada pela campanha de Daniela em 2022, com um total de R$ 561 mil recebidos no per\u00edodo eleitoral.\n<\/p>\n<p>\u00a0<\/p>\n<p>Atualmente, tanto a Lastro quanto a Rubra t\u00eam Filipe de Souza Pegado como s\u00f3cio. A Rubra tamb\u00e9m obteve R$ 2 milh\u00f5es do fundo municipal de Sa\u00fade e outros R$ 3 milh\u00f5es da prefeitura de Belford Roxo.\n<\/p>\n<p>A Rubra utilizava um escrit\u00f3rio de\u00a0<em>coworking<\/em>\u00a0em um pr\u00e9dio comercial no bairro de Botafogo,\u00a0<strong><a href=\"https:\/\/revistaoeste.com\/tag\/rio-de-janeiro\" target=\"_blank\" rel=\"noopener noreferrer\">Rio de Janeiro<\/a><\/strong>, como endere\u00e7o. No local, informaram que o espa\u00e7o servia apenas para o recebimento de correspond\u00eancias e que a empresa nunca teve uma sede f\u00edsica ali.\n<\/p>\n<h2 class=\"wp-block-heading\">Daniela e Waguinho declararam apoio a Lula em 2022<\/h2>\n<p>A nomea\u00e7\u00e3o de Daniela para o Minist\u00e9rio do Turismo ocorreu depois Waguinho, ent\u00e3o prefeito de Belford Roxo, declarar apoio a Lula no segundo turno das elei\u00e7\u00f5es de 2022. Esse apoio foi concedido mesmo depois de um per\u00edodo de alian\u00e7a com Jair Bolsonaro (PL).\n<\/p>\n<p>O ingresso de Daniela no minist\u00e9rio integrou a cota do Uni\u00e3o Brasil no governo, que buscava consolidar alian\u00e7as no Congresso. No entanto, sua perman\u00eancia no cargo foi breve.\n<\/p>\n<p>\u00a0<\/p>\n<p>Alguns meses depois, a ministra pediu desfilia\u00e7\u00e3o do Uni\u00e3o Brasil, e alegou sofrer \u201cass\u00e9dio\u201d da dire\u00e7\u00e3o nacional do partido. Esse movimento gerou desconforto entre os dirigentes da sigla, que passaram a pressionar por outro nome na composi\u00e7\u00e3o do governo.\n<\/p>\n<p>Daniela permaneceu sete meses no cargo e, em julho de 2023, foi substitu\u00edda por Celso Sabino (Uni\u00e3o Brasil-PA). Assim, retomou seu mandato na C\u00e2mara dos Deputados. Em setembro, tornou-se vice-l\u00edder do governo Lula no Congresso.\n<\/p>\n<p>Natural de Italva, Rio de Janeiro, Daniela nasceu em 1976. Em 2003, trabalhou na Secretaria Municipal de Educa\u00e7\u00e3o do Rio de Janeiro. Depois, atuou na Secretaria de Assist\u00eancia Social e Cidadania da mesma cidade. Entre 2017 e 2018, ocupou o cargo de secret\u00e1ria de Assist\u00eancia Social e Cidadania de Belford Roxo. Em 2018, foi eleita deputada federal e, em 2022, garantiu sua reelei\u00e7\u00e3o.\n<\/p>\n<div id=\"hd80s9wa1h892edh8192\" class=\"entry-content break-word select-none\">\n<h2 class=\"wp-block-heading\">A opera\u00e7\u00e3o investiga um esquema de conluio entre agentes p\u00fablicos e fornecedores de livros<\/h2>\n<p>A opera\u00e7\u00e3o Errata investiga um esquema de conluio entre fornecedores de livros e agentes p\u00fablicos. A PF afirma que as fraudes ocorreram mediante pagamentos superfaturados, sustentados por documenta\u00e7\u00e3o falsa, destinados a empresas contratadas para fornecer material did\u00e1tico.\n<\/p>\n<p>A Pol\u00edcia Federal destacou que os desvios de recursos p\u00fablicos inclu\u00edram pagamentos de vantagens indevidas por parte das fornecedoras de material did\u00e1tico a agentes p\u00fablicos de Belford Roxo. Esses agentes utilizaram mecanismos de lavagem de dinheiro para ocultar e disfar\u00e7ar a origem il\u00edcita dos valores recebidos.\n<\/p>\n<p>Em nota, a deputada refutou qualquer v\u00ednculo com as empresas e pessoas mencionadas na investiga\u00e7\u00e3o.\n<\/p>\n<p>\u201cQuanto \u00e0s gr\u00e1ficas, os servi\u00e7os contratados na \u00e9poca da campanha foram todos retirados nos parques gr\u00e1ficos indicados pelas empresas contratadas\u201d, declarou Daniela.\n<\/p>\n<\/div>\n<p>Fonte: Revista Oeste<\/p>\n<\/p><\/div>\n<p><br \/>\n<br \/><a href=\"https:\/\/diariodobrasilnoticias.com.br\/noticia\/ex-ministra-de-lula-contratou-empresa-suspeita-de-desvio-em-livros-67b4a9c816066\">Source link <\/a><\/p>","protected":false},"excerpt":{"rendered":"<p>Uma empresa contratada pela deputada Daniela do Waguinho (Uni\u00e3o Brasil-RJ) na campanha de 2022 foi mencionada na opera\u00e7\u00e3o Errata, conduzida pela Pol\u00edcia Federal (PF). A investiga\u00e7\u00e3o tem como objetivo esclarecer&hellip;<\/p>","protected":false},"author":1,"featured_media":104204,"comment_status":"closed","ping_status":"open","sticky":false,"template":"","format":"standard","meta":{"content-type":"","footnotes":""},"categories":[16],"tags":[123,2448,5313,1267],"class_list":["post-104203","post","type-post","status-publish","format-standard","has-post-thumbnail","hentry","category-noticias","tag-brasil","tag-diario","tag-noticia","tag-noticias"],"_links":{"self":[{"href":"https:\/\/tvbrazilusa.com\/pt\/wp-json\/wp\/v2\/posts\/104203","targetHints":{"allow":["GET"]}}],"collection":[{"href":"https:\/\/tvbrazilusa.com\/pt\/wp-json\/wp\/v2\/posts"}],"about":[{"href":"https:\/\/tvbrazilusa.com\/pt\/wp-json\/wp\/v2\/types\/post"}],"author":[{"embeddable":true,"href":"https:\/\/tvbrazilusa.com\/pt\/wp-json\/wp\/v2\/users\/1"}],"replies":[{"embeddable":true,"href":"https:\/\/tvbrazilusa.com\/pt\/wp-json\/wp\/v2\/comments?post=104203"}],"version-history":[{"count":1,"href":"https:\/\/tvbrazilusa.com\/pt\/wp-json\/wp\/v2\/posts\/104203\/revisions"}],"predecessor-version":[{"id":104205,"href":"https:\/\/tvbrazilusa.com\/pt\/wp-json\/wp\/v2\/posts\/104203\/revisions\/104205"}],"wp:featuredmedia":[{"embeddable":true,"href":"https:\/\/tvbrazilusa.com\/pt\/wp-json\/wp\/v2\/media\/104204"}],"wp:attachment":[{"href":"https:\/\/tvbrazilusa.com\/pt\/wp-json\/wp\/v2\/media?parent=104203"}],"wp:term":[{"taxonomy":"category","embeddable":true,"href":"https:\/\/tvbrazilusa.com\/pt\/wp-json\/wp\/v2\/categories?post=104203"},{"taxonomy":"post_tag","embeddable":true,"href":"https:\/\/tvbrazilusa.com\/pt\/wp-json\/wp\/v2\/tags?post=104203"}],"curies":[{"name":"wp","href":"https:\/\/api.w.org\/{rel}","templated":true}]}}