{"id":104212,"date":"2025-02-18T18:14:13","date_gmt":"2025-02-18T18:14:13","guid":{"rendered":"https:\/\/tvbrazilusa.com\/2025\/02\/18\/confira-o-que-dizem-os-testes-de-dna-da-jovem-que-afirma-ser-madeleine-mccann\/"},"modified":"2025-02-18T18:14:14","modified_gmt":"2025-02-18T18:14:14","slug":"confira-o-que-dizem-os-testes-de-dna-da-jovem-que-afirma-ser-madeleine-mccann","status":"publish","type":"post","link":"https:\/\/tvbrazilusa.com\/pt\/2025\/02\/18\/confira-o-que-dizem-os-testes-de-dna-da-jovem-que-afirma-ser-madeleine-mccann\/","title":{"rendered":"Confira o que dizem os testes de DNA da jovem que afirma ser Madeleine McCann"},"content":{"rendered":"<p> <script async src=\"https:\/\/pagead2.googlesyndication.com\/pagead\/js\/adsbygoogle.js?client=ca-pub-8864793242727901\"\r\n     crossorigin=\"anonymous\"><\/script><br \/>\n<\/p>\n<div id=\"taboola-read-more\" style=\"display:block; width:100%\">\n<p data-start=\"0\" data-end=\"466\">Julia Wendell, a jovem polonesa que em 2023 atraiu a aten\u00e7\u00e3o internacional ao afirmar ser Madeleine McCann, apresentou um relat\u00f3rio de DNA que, segundo um especialista em bioqu\u00edmica, poderia indicar uma conex\u00e3o biol\u00f3gica com Gerry McCann, o pai da menina desaparecida em 2007. De acordo com a an\u00e1lise, h\u00e1 uma coincid\u00eancia gen\u00e9tica de 69,23% entre Wendell e Gerry McCann, o que, segundo o doutor Monte Miller, representa uma \u201ccoincid\u00eancia perfeita entre pai e filho\u201d.\n<\/p>\n<p data-start=\"468\" data-end=\"861\">Conforme detalha o portal brit\u00e2nico\u00a0<em data-start=\"504\" data-end=\"516\">MailOnline<\/em>, o doutor Miller utilizou amostras gen\u00e9ticas extra\u00eddas pela pol\u00edcia da sala onde Madeleine desapareceu, em Praia da Luz (Portugal). Embora os pais da menina tenham se recusado a fornecer amostras diretas, o especialista garante que os resultados mostram um padr\u00e3o gen\u00e9tico que \u201ccoincide bastante bem\u201d e que poderia indicar uma conex\u00e3o familiar.<\/p>\n<p data-start=\"863\" data-end=\"907\"><strong data-start=\"863\" data-end=\"907\">Julia Wendell e sua afirma\u00e7\u00e3o inabal\u00e1vel<\/strong>\n<\/p>\n<p data-start=\"909\" data-end=\"1368\">Julia Wendell, de 23 anos, \u00e9 uma aspirante a musicista e modelo origin\u00e1ria de Bresl\u00e1via, cidade no sudoeste da Pol\u00f4nia. Em fevereiro de 2023, Wendell se tornou uma figura viral ao criar uma conta no Instagram com o nome @IAmMadeleineMcCann, onde afirmou ser a menina brit\u00e2nica desaparecida. Suas declara\u00e7\u00f5es geraram uma onda de aten\u00e7\u00e3o midi\u00e1tica e controv\u00e9rsia, especialmente ap\u00f3s ela aparecer no programa norte-americano\u00a0<em data-start=\"1331\" data-end=\"1341\">Dr. Phil<\/em>, insistindo em sua teoria.\n<\/p>\n<p data-start=\"1370\" data-end=\"1729\">Durante sua participa\u00e7\u00e3o no programa, Wendell afirmou que compartilhava semelhan\u00e7as f\u00edsicas com Madeleine, como uma risada e um covinha semelhantes, al\u00e9m de um defeito ocular que, segundo ela, havia \u201cdesaparecido\u201d. No entanto, ela n\u00e3o apresentou provas conclusivas que comprovassem suas afirma\u00e7\u00f5es, o que gerou crescente desconfian\u00e7a em rela\u00e7\u00e3o ao seu relato.\n<\/p>\n<p data-start=\"1731\" data-end=\"2078\">Wendell tamb\u00e9m mencionou que n\u00e3o se lembra de grande parte de sua inf\u00e2ncia e que nunca viu seu certificado de nascimento, o que alimentou suas d\u00favidas sobre sua identidade. Segundo suas declara\u00e7\u00f5es, seu primeiro recorde \u00e9 de umas f\u00e9rias em um lugar quente, com praias e pr\u00e9dios de cores claras, mas ela afirma que n\u00e3o v\u00ea sua fam\u00edlia nesse recorde.\n<\/p>\n<p data-start=\"2080\" data-end=\"2118\"><strong data-start=\"2080\" data-end=\"2118\">A resposta de sua fam\u00edlia polonesa<\/strong>\n<\/p>\n<p data-start=\"2120\" data-end=\"2657\">A fam\u00edlia de Wendell rejeitou categoricamente suas afirma\u00e7\u00f5es. Sua m\u00e3e, Dorota Wandelt-Cholewinski, e seu padrasto, Piotr Cholewinski, qualificaram as declara\u00e7\u00f5es de Julia como infundadas. Segundo o\u00a0<em data-start=\"2319\" data-end=\"2331\">MailOnline<\/em>, Wendell cresceu em um ambiente confort\u00e1vel em Bresl\u00e1via, onde frequentou uma escola particular antes de se transferir para uma escola p\u00fablica. Sua m\u00e3e, uma empres\u00e1ria de sucesso que comanda uma rede de lojas de roupas, e seu padrasto, que trabalha no setor financeiro, lhe proporcionaram uma vida est\u00e1vel e uma boa educa\u00e7\u00e3o.\n<\/p>\n<p data-start=\"2659\" data-end=\"3017\">Um antigo colega de escola de Wendell comentou que, desde sua adolesc\u00eancia, Julia demonstrava comportamentos incomuns, incluindo a afirma\u00e7\u00e3o de que n\u00e3o era filha biol\u00f3gica de sua m\u00e3e e que poderia ser uma crian\u00e7a desaparecida na Pol\u00f4nia. Essas declara\u00e7\u00f5es, segundo o amigo, n\u00e3o s\u00e3o novas e refletem um padr\u00e3o de confus\u00e3o e instabilidade emocional em Wendell.\n<\/p>\n<p data-start=\"3019\" data-end=\"3067\"><strong data-start=\"3019\" data-end=\"3067\">As inconsist\u00eancias nas afirma\u00e7\u00f5es de Wendell<\/strong>\n<\/p>\n<p data-start=\"3069\" data-end=\"3355\">Apesar das novas provas de DNA, as afirma\u00e7\u00f5es de Wendell t\u00eam sido alvo de ceticismo desde o in\u00edcio. De acordo com o\u00a0<em data-start=\"3185\" data-end=\"3197\">MailOnline<\/em>, Wendell mudou sua vers\u00e3o em v\u00e1rias ocasi\u00f5es, chegando at\u00e9 a afirmar que poderia ser outras meninas desaparecidas antes de focar no caso de Madeleine McCann.\n<\/p>\n<p data-start=\"3357\" data-end=\"3748\">Em uma entrevista com a BBC no ano passado, Wendell se desculpou com os McCann por suas declara\u00e7\u00f5es, admitindo que lamentava ter causado dor \u00e0 fam\u00edlia. No entanto, esta semana ela voltou a ser o centro das aten\u00e7\u00f5es ao publicar os resultados de seu teste de DNA em uma nova conta nas redes sociais, @AmIJuliaWandelt, onde reiterou que Kate e Gerry McCann se recusaram a participar da an\u00e1lise.\n<\/p>\n<p data-start=\"3750\" data-end=\"3777\"><strong data-start=\"3750\" data-end=\"3777\">O caso Madeleine McCann<\/strong>\n<\/p>\n<p data-start=\"3779\" data-end=\"4152\">Madeleine McCann desapareceu no dia 3 de maio de 2007, quando tinha tr\u00eas anos, durante umas f\u00e9rias familiares em Praia da Luz. Seu desaparecimento se tornou um dos casos mais midi\u00e1ticos de pessoas desaparecidas na hist\u00f3ria recente, gerando investiga\u00e7\u00f5es internacionais e teorias de todos os tipos. Se estivesse viva, Madeleine teria agora 20 anos, tr\u00eas a menos que Wendell.\n<\/p>\n<p data-start=\"4154\" data-end=\"4444\" data-is-last-node=\"\">O caso segue sendo um mist\u00e9rio sem solu\u00e7\u00e3o, e as autoridades continuam investigando poss\u00edveis pistas. Enquanto isso, as declara\u00e7\u00f5es de Wendell reacenderam o interesse p\u00fablico, embora tamb\u00e9m tenham gerado cr\u00edticas pela falta de provas contundentes e pelo impacto emocional na fam\u00edlia McCann.\n<\/p>\n<p data-start=\"4154\" data-end=\"4444\" data-is-last-node=\"\">\u00a0\n<\/p>\n<p data-start=\"4154\" data-end=\"4444\" data-is-last-node=\"\">Fonte: Gazeta Brasil              <\/p>\n<\/div>\n<p><br \/>\n<br \/><a href=\"https:\/\/diariodobrasilnoticias.com.br\/noticia\/confira-o-que-dizem-os-testes-de-dna-da-jovem-que-afirma-ser-madeleine-mccann-67b4b206128d1\">Source link <\/a><\/p>","protected":false},"excerpt":{"rendered":"<p>Julia Wendell, a jovem polonesa que em 2023 atraiu a aten\u00e7\u00e3o internacional ao afirmar ser Madeleine McCann, apresentou um relat\u00f3rio de DNA que, segundo um especialista em bioqu\u00edmica, poderia indicar&hellip;<\/p>","protected":false},"author":1,"featured_media":104213,"comment_status":"closed","ping_status":"open","sticky":false,"template":"","format":"standard","meta":{"content-type":"","footnotes":""},"categories":[16],"tags":[123,2448,5313,1267],"class_list":["post-104212","post","type-post","status-publish","format-standard","has-post-thumbnail","hentry","category-noticias","tag-brasil","tag-diario","tag-noticia","tag-noticias"],"_links":{"self":[{"href":"https:\/\/tvbrazilusa.com\/pt\/wp-json\/wp\/v2\/posts\/104212","targetHints":{"allow":["GET"]}}],"collection":[{"href":"https:\/\/tvbrazilusa.com\/pt\/wp-json\/wp\/v2\/posts"}],"about":[{"href":"https:\/\/tvbrazilusa.com\/pt\/wp-json\/wp\/v2\/types\/post"}],"author":[{"embeddable":true,"href":"https:\/\/tvbrazilusa.com\/pt\/wp-json\/wp\/v2\/users\/1"}],"replies":[{"embeddable":true,"href":"https:\/\/tvbrazilusa.com\/pt\/wp-json\/wp\/v2\/comments?post=104212"}],"version-history":[{"count":1,"href":"https:\/\/tvbrazilusa.com\/pt\/wp-json\/wp\/v2\/posts\/104212\/revisions"}],"predecessor-version":[{"id":104214,"href":"https:\/\/tvbrazilusa.com\/pt\/wp-json\/wp\/v2\/posts\/104212\/revisions\/104214"}],"wp:featuredmedia":[{"embeddable":true,"href":"https:\/\/tvbrazilusa.com\/pt\/wp-json\/wp\/v2\/media\/104213"}],"wp:attachment":[{"href":"https:\/\/tvbrazilusa.com\/pt\/wp-json\/wp\/v2\/media?parent=104212"}],"wp:term":[{"taxonomy":"category","embeddable":true,"href":"https:\/\/tvbrazilusa.com\/pt\/wp-json\/wp\/v2\/categories?post=104212"},{"taxonomy":"post_tag","embeddable":true,"href":"https:\/\/tvbrazilusa.com\/pt\/wp-json\/wp\/v2\/tags?post=104212"}],"curies":[{"name":"wp","href":"https:\/\/api.w.org\/{rel}","templated":true}]}}