{"id":104221,"date":"2025-02-18T18:44:21","date_gmt":"2025-02-18T18:44:21","guid":{"rendered":"https:\/\/tvbrazilusa.com\/2025\/02\/18\/apesar-do-desempenho-ruim-da-economia-governo-lula-deve-dobrar-a-meta-afirma-professora-da-ufrj\/"},"modified":"2025-02-18T18:44:23","modified_gmt":"2025-02-18T18:44:23","slug":"apesar-do-desempenho-ruim-da-economia-governo-lula-deve-dobrar-a-meta-afirma-professora-da-ufrj","status":"publish","type":"post","link":"https:\/\/tvbrazilusa.com\/pt\/2025\/02\/18\/apesar-do-desempenho-ruim-da-economia-governo-lula-deve-dobrar-a-meta-afirma-professora-da-ufrj\/","title":{"rendered":"Apesar do desempenho ruim da economia, governo Lula deve dobrar a meta, afirma professora da UFRJ"},"content":{"rendered":"<p> <script async src=\"https:\/\/pagead2.googlesyndication.com\/pagead\/js\/adsbygoogle.js?client=ca-pub-8864793242727901\"\r\n     crossorigin=\"anonymous\"><\/script><br \/>\n<\/p>\n<div id=\"taboola-read-more\" style=\"display:block; width:100%\">\n<p>Apesar do crescimento do Produto Interno Bruto (PIB) acima do esperado, a economia brasileira n\u00e3o anda bem. De acordo com a professora Margarida Gutierrez, doutora em Economia e professora adjunta do Instituto de P\u00f3s-gradua\u00e7\u00e3o e Pesquisa em Administra\u00e7\u00e3o (Coppead) da Universidade Federal do Rio de Janeiro (UFRJ), isso \u00e9 resultado direto de uma p\u00e9ssima constru\u00e7\u00e3o de pol\u00edtica econ\u00f4mica pelo governo Lula.\n<\/p>\n<p>A configura\u00e7\u00e3o atual combina aumento de impostos e de gastos, disse ela no evento Smart Summit, no Rio de Janeiro, na \u00faltima quinta-feira, 13. Essa combina\u00e7\u00e3o retira renda do setor privado, \u201cque \u00e9 o que sustenta o crescimento de uma economia\u201d, e a consequ\u00eancia \u00e9 uma paralisa\u00e7\u00e3o dos investimentos em produ\u00e7\u00e3o, consumo e contrata\u00e7\u00f5es.<\/p>\n<p>Ou seja, os gastos do governo est\u00e3o crescendo, mas o mesmo n\u00e3o acontece com a entrada de receitas \u2014 o aumento de impostos n\u00e3o compensa, j\u00e1 que a produtividade do pa\u00eds fica sufocada e a infla\u00e7\u00e3o sobe. O resultado \u00e9 o aumento do endividamento p\u00fablico. A rela\u00e7\u00e3o d\u00edvida\/PIB, que era de 72% em 2022, tem proje\u00e7\u00e3o de chegar a 86% em 2026.\n<\/p>\n<p>Em resumo, diz Margarida, \u201co mix de pol\u00edtica econ\u00f4mica \u00e9 muito ruim, nefasto, e tem consequ\u00eancias muito ruins\u201d. Uma delas \u00e9 o aumento da taxa de juro real, que hoje est\u00e1 em 7,6%, descontada a infla\u00e7\u00e3o.\n<\/p>\n<p>Os juros que incidem sobre a d\u00edvida p\u00fablica do Brasil s\u00e3o os mais altos do mundo, explica a professora da UFRJ. \u201c\u00c9 juros de cheque especial, isso j\u00e1 faz a d\u00edvida explodir por si s\u00f3.\u201d\n<\/p>\n<h2 class=\"wp-block-heading\"><strong>O falso crescimento econ\u00f4mico do Brasil<\/strong><\/h2>\n<p>Al\u00e9m do crescimento do PIB, o Brasil passa por uma queda no n\u00famero de desempregados. Mas, de novo, os n\u00fameros n\u00e3o representam uma realidade positiva na conjuntura total.\u00a0\n<\/p>\n<p>\u201cA gente fala de pleno emprego, de sal\u00e1rio m\u00e9dio real crescendo, mas o sal\u00e1rio m\u00e9dio no Brasil \u00e9 de R$ 3,8 mil\u201d, diz Margarida. \u201c\u00c9 uma economia em pleno emprego, o mercado de trabalho est\u00e1 bombando, mas a capacidade de consumo \u00e9 baixa.\u201d\u00a0\n<\/p>\n<p>Enquanto a realidade das fam\u00edlias \u00e9 cada vez mais restrita, a Uni\u00e3o \u201ctem um problema fiscal grav\u00edssimo\u201d, mesmo com a economia crescendo muito. Isso porque, al\u00e9m do juro real, as contas p\u00fablicas tamb\u00e9m registram d\u00e9ficit prim\u00e1rio. Isto \u00e9, a diferen\u00e7a entre receitas e despesas do governo, sem contabilizar a incid\u00eancia de juros, \u00e9 negativa.\u00a0\n<\/p>\n<p>A professora e pesquisadora explica que 70% do or\u00e7amento prim\u00e1rio do governo \u00e9 concentrado em tr\u00eas despesas: pessoal, INSS e o Benef\u00edcio de Presta\u00e7\u00e3o Continuada (BPC). Os outros 30% v\u00e3o para as despesas restantes, como sa\u00fade, educa\u00e7\u00e3o e abono salarial.\n<\/p>\n<p>\u201cA gente diz que o Estado tem que aumentar gastos em educa\u00e7\u00e3o\u201d, diz Margarida Gutierrez, \u201cmas a gente tem que reduzir o resto\u201d. \u00c9 invi\u00e1vel aumentar todas as despesas em um pa\u00eds onde 80% dos gastos p\u00fablicos s\u00e3o indexados \u2014 ou seja, crescem sozinhos \u2014, al\u00e9m de serem obrigat\u00f3rios. Ali\u00e1s, 94% dos gastos p\u00fablicos s\u00e3o obrigat\u00f3rios, completa a professora. \u201cN\u00e3o se encontra essas caracter\u00edsticas em nenhum lugar do mundo.\u201d\n<\/p>\n<h2 class=\"wp-block-heading\"><strong>Governo Lula n\u00e3o parece interessado em mudar<\/strong><\/h2>\n<p>Margarida costuma dizer que \u201cse aumento de gasto p\u00fablico garantisse crescimento, n\u00e3o existiria pa\u00eds pobre no mundo\u201d. A frase, tradicionalmente repetida por ela aos alunos, ainda n\u00e3o fez sentido para os planejadores econ\u00f4micos do governo. Segundo a professora, uma revers\u00e3o do quadro fiscal problem\u00e1tico deveria come\u00e7ar pelo respeito ao arcabou\u00e7o fiscal, que j\u00e1 foi violado de \u201cmaneiras enormes\u201d.\u00a0\n<\/p>\n<p>Fonte: Revista Oeste<\/p>\n<\/p><\/div>\n<p><br \/>\n<br \/><a href=\"https:\/\/diariodobrasilnoticias.com.br\/noticia\/apesar-do-desempenho-ruim-da-economia-governo-lula-deve-dobrar-a-meta-afirma-professora-da-ufrj-67b4b445683dd\">Source link <\/a><\/p>","protected":false},"excerpt":{"rendered":"<p>Apesar do crescimento do Produto Interno Bruto (PIB) acima do esperado, a economia brasileira n\u00e3o anda bem. De acordo com a professora Margarida Gutierrez, doutora em Economia e professora adjunta&hellip;<\/p>","protected":false},"author":1,"featured_media":104222,"comment_status":"closed","ping_status":"open","sticky":false,"template":"","format":"standard","meta":{"content-type":"","footnotes":""},"categories":[16],"tags":[123,2448,5313,1267],"class_list":["post-104221","post","type-post","status-publish","format-standard","has-post-thumbnail","hentry","category-noticias","tag-brasil","tag-diario","tag-noticia","tag-noticias"],"_links":{"self":[{"href":"https:\/\/tvbrazilusa.com\/pt\/wp-json\/wp\/v2\/posts\/104221","targetHints":{"allow":["GET"]}}],"collection":[{"href":"https:\/\/tvbrazilusa.com\/pt\/wp-json\/wp\/v2\/posts"}],"about":[{"href":"https:\/\/tvbrazilusa.com\/pt\/wp-json\/wp\/v2\/types\/post"}],"author":[{"embeddable":true,"href":"https:\/\/tvbrazilusa.com\/pt\/wp-json\/wp\/v2\/users\/1"}],"replies":[{"embeddable":true,"href":"https:\/\/tvbrazilusa.com\/pt\/wp-json\/wp\/v2\/comments?post=104221"}],"version-history":[{"count":1,"href":"https:\/\/tvbrazilusa.com\/pt\/wp-json\/wp\/v2\/posts\/104221\/revisions"}],"predecessor-version":[{"id":104223,"href":"https:\/\/tvbrazilusa.com\/pt\/wp-json\/wp\/v2\/posts\/104221\/revisions\/104223"}],"wp:featuredmedia":[{"embeddable":true,"href":"https:\/\/tvbrazilusa.com\/pt\/wp-json\/wp\/v2\/media\/104222"}],"wp:attachment":[{"href":"https:\/\/tvbrazilusa.com\/pt\/wp-json\/wp\/v2\/media?parent=104221"}],"wp:term":[{"taxonomy":"category","embeddable":true,"href":"https:\/\/tvbrazilusa.com\/pt\/wp-json\/wp\/v2\/categories?post=104221"},{"taxonomy":"post_tag","embeddable":true,"href":"https:\/\/tvbrazilusa.com\/pt\/wp-json\/wp\/v2\/tags?post=104221"}],"curies":[{"name":"wp","href":"https:\/\/api.w.org\/{rel}","templated":true}]}}