{"id":104224,"date":"2025-02-18T18:56:31","date_gmt":"2025-02-18T18:56:31","guid":{"rendered":"https:\/\/tvbrazilusa.com\/2025\/02\/18\/no-planalto-lula-poe-frigobares-e-lustradores-por-r-106-mil\/"},"modified":"2025-02-18T18:56:33","modified_gmt":"2025-02-18T18:56:33","slug":"no-planalto-lula-poe-frigobares-e-lustradores-por-r-106-mil","status":"publish","type":"post","link":"https:\/\/tvbrazilusa.com\/pt\/2025\/02\/18\/no-planalto-lula-poe-frigobares-e-lustradores-por-r-106-mil\/","title":{"rendered":"No Planalto, Lula p\u00f5e frigobares e lustradores por R$ 106 mil"},"content":{"rendered":"<p> <script async src=\"https:\/\/pagead2.googlesyndication.com\/pagead\/js\/adsbygoogle.js?client=ca-pub-8864793242727901\"\r\n     crossorigin=\"anonymous\"><\/script><br \/>\n<\/p>\n<div>\n<figure class=\"post-image\">\n<\/figure>\n<p>            <span style=\"font-size: 12px\">Ricardo Stuckert\/PR <\/span><\/p>\n<p>            <!-- end metas --><br \/>\n            <!-- ADS --><\/p>\n<div id=\"taboola-read-more\" style=\"display:block; width:100%\">\n<p>O governo Lula (PT) vai ter um gasto de R$ 1,7 milh\u00e3o em compra de m\u00f3veis e eletrodom\u00e9sticos para o Pal\u00e1cio do Planalto. O objetivo, segundo as informa\u00e7\u00f5es, \u00e9 \u201cmodernizar e otimizar os espa\u00e7os de trabalho da Presid\u00eancia da Rep\u00fablica\u201d.\n<\/p>\n<p>A compra inclui 20 tipos de mobili\u00e1rio, totalizando 817 pe\u00e7as avaliadas em R$ 1,4 milh\u00e3o. J\u00e1 os eletrodom\u00e9sticos totalizam 293 unidades divididas em 17 itens, avaliados em R$ 307 mil.<\/p>\n<p>Ser\u00e3o investidos R$ 44 mil em 18 frigobares e R$ 62 mil em 38 lustradores de sapatos, entre outros gastos. As informa\u00e7\u00f5es s\u00e3o da coluna de Paulo Cappelli, do Metr\u00f3poles.\n<\/p>\n<p>Dever\u00e3o ser adquiridas mesas de reuni\u00e3o redondas e retangulares, gaveteiros, cabideiros e escadas para \u201cmelhoria da sa\u00fade, do conforto e da efici\u00eancia no trabalho\u201d.\n<\/p>\n<p>Os editais de licita\u00e7\u00e3o foram lan\u00e7ados nesta segunda-feira (17). A sess\u00e3o p\u00fablica que vai escolher as empresas vencedoras ocorrer\u00e1 no pr\u00f3ximo dia 27.<\/p>\n<p>Fonte: Pleno News              <\/p>\n<\/div>\n<p>                        <!-- Scripts para conteudo --><\/p>\n<p>            <!-- .\/Scripts para conteudo --><br \/>\n            <!-- .\/Mat\u00e9ria --><\/p>\n<div class=\"row mt-3\">\n<div class=\"col-sm-6\">\n                <!-- Whatsapp channel 3--><br \/>\n                <a href=\"https:\/\/chat.whatsapp.com\/B8Qy6Erx4kb6yTzj3kaDco\" target=\"_blank\"><br \/>\n                  <img decoding=\"async\" src=\"https:\/\/diariodobrasilnoticias.com.br\/assets-site\/images\/bot_whatsapp.png\"\/><\/a>\n              <\/div>\n<div class=\"col-sm-6\">\n                <a href=\"https:\/\/t.me\/+_4gTmi5LKo03OTM5\" target=\"_blank\"><br \/>\n                  <img decoding=\"async\" src=\"https:\/\/diariodobrasilnoticias.com.br\/assets-site\/images\/bot_telegram.png\"\/><\/a>\n              <\/div>\n<\/p><\/div>\n<p>            <!-- end post-navigation --><\/p>\n<p>              <!-- end row --><\/p>\n<p>              <!-- end col-12-->\n                      <\/div>\n<p><br \/>\n<br \/><a href=\"https:\/\/diariodobrasilnoticias.com.br\/noticia\/no-planalto-lula-poe-frigobares-e-lustradores-por-r-106-mil-67b4b946ed9e6\">Source link <\/a><\/p>","protected":false},"excerpt":{"rendered":"<p>Ricardo Stuckert\/PR O governo Lula (PT) vai ter um gasto de R$ 1,7 milh\u00e3o em compra de m\u00f3veis e eletrodom\u00e9sticos para o Pal\u00e1cio do Planalto. O objetivo, segundo as informa\u00e7\u00f5es,&hellip;<\/p>","protected":false},"author":1,"featured_media":104225,"comment_status":"closed","ping_status":"open","sticky":false,"template":"","format":"standard","meta":{"content-type":"","footnotes":""},"categories":[16],"tags":[123,2448,5313,1267],"class_list":["post-104224","post","type-post","status-publish","format-standard","has-post-thumbnail","hentry","category-noticias","tag-brasil","tag-diario","tag-noticia","tag-noticias"],"_links":{"self":[{"href":"https:\/\/tvbrazilusa.com\/pt\/wp-json\/wp\/v2\/posts\/104224","targetHints":{"allow":["GET"]}}],"collection":[{"href":"https:\/\/tvbrazilusa.com\/pt\/wp-json\/wp\/v2\/posts"}],"about":[{"href":"https:\/\/tvbrazilusa.com\/pt\/wp-json\/wp\/v2\/types\/post"}],"author":[{"embeddable":true,"href":"https:\/\/tvbrazilusa.com\/pt\/wp-json\/wp\/v2\/users\/1"}],"replies":[{"embeddable":true,"href":"https:\/\/tvbrazilusa.com\/pt\/wp-json\/wp\/v2\/comments?post=104224"}],"version-history":[{"count":1,"href":"https:\/\/tvbrazilusa.com\/pt\/wp-json\/wp\/v2\/posts\/104224\/revisions"}],"predecessor-version":[{"id":104226,"href":"https:\/\/tvbrazilusa.com\/pt\/wp-json\/wp\/v2\/posts\/104224\/revisions\/104226"}],"wp:featuredmedia":[{"embeddable":true,"href":"https:\/\/tvbrazilusa.com\/pt\/wp-json\/wp\/v2\/media\/104225"}],"wp:attachment":[{"href":"https:\/\/tvbrazilusa.com\/pt\/wp-json\/wp\/v2\/media?parent=104224"}],"wp:term":[{"taxonomy":"category","embeddable":true,"href":"https:\/\/tvbrazilusa.com\/pt\/wp-json\/wp\/v2\/categories?post=104224"},{"taxonomy":"post_tag","embeddable":true,"href":"https:\/\/tvbrazilusa.com\/pt\/wp-json\/wp\/v2\/tags?post=104224"}],"curies":[{"name":"wp","href":"https:\/\/api.w.org\/{rel}","templated":true}]}}