{"id":104230,"date":"2025-02-18T19:20:54","date_gmt":"2025-02-18T19:20:54","guid":{"rendered":"https:\/\/tvbrazilusa.com\/2025\/02\/18\/fernandez-e-indiciado-por-agressao-e-ameacas-contra-a-ex-mulher\/"},"modified":"2025-02-18T19:20:56","modified_gmt":"2025-02-18T19:20:56","slug":"fernandez-e-indiciado-por-agressao-e-ameacas-contra-a-ex-mulher","status":"publish","type":"post","link":"https:\/\/tvbrazilusa.com\/pt\/2025\/02\/18\/fernandez-e-indiciado-por-agressao-e-ameacas-contra-a-ex-mulher\/","title":{"rendered":"Fern\u00e1ndez \u00e9 indiciado por agress\u00e3o e amea\u00e7as contra a ex-mulher"},"content":{"rendered":"<p> <script async src=\"https:\/\/pagead2.googlesyndication.com\/pagead\/js\/adsbygoogle.js?client=ca-pub-8864793242727901\"\r\n     crossorigin=\"anonymous\"><\/script><br \/>\n<\/p>\n<div id=\"taboola-read-more\" style=\"display:block; width:100%\">\n<p>O juiz federal Juli\u00e1n Ercolini indiciou na segunda-feira, 17, o ex-presidente argentino Alberto Fern\u00e1ndez, que se autodenominou como o primeiro l\u00edder feminista do pa\u00eds, pelos crimes de les\u00f5es leves agravadas por viol\u00eancia de g\u00eanero, les\u00f5es graves e amea\u00e7as coercitivas a ex-primeira-dama Fabiola Ya\u00f1ez.\n<\/p>\n<p>O processo \u00e9 referente a dois epis\u00f3dios espec\u00edficos de viol\u00eancia: um soco no olho direito da ex-esposa, ocorrido entre a noite de 21 de junho e a madrugada de 22 de junho de 2021, e um epis\u00f3dio em que ele agarrou o bra\u00e7o direito de Fabiola Ya\u00f1ez com for\u00e7a, provocando uma les\u00e3o que resultou em um hematoma.<\/p>\n<p>Ambos os epis\u00f3dios de viol\u00eancia dom\u00e9stica ocorreram na su\u00edte da Quinta de Olivos, resid\u00eancia oficial do presidente da Argentina.\n<\/p>\n<p>Segundo o juiz, Fern\u00e1ndez usou viol\u00eancia psicol\u00f3gica e f\u00edsica contra Ya\u00f1ez.\n<\/p>\n<p>Isso inclu\u00eda \u201cass\u00e9dio, intimida\u00e7\u00e3o, controle, indiferen\u00e7a, insultos, acusa\u00e7\u00f5es, desrespeito, nega\u00e7\u00e3o de palavras, desprezo e hostilidade\u201d, disse Ercolini.\n<\/p>\n<p>Para ele, o peronista tamb\u00e9m usou \u201ccondicionamento econ\u00f4mico\u201d para \u201cmanipular e continuar a exercer poder e controle\u201d sobre a ex-primeira-dama.\n<\/p>\n<p>Ao tentar coagir a ex-mulher a n\u00e3o apresentar queixa, Fern\u00e1ndez prometeu que \u201cno futuro nem ela nem seu filho passariam necessidade\u201d. Ele tamb\u00e9m amea\u00e7ou \u201carruin\u00e1-la\u201d e \u201cfazer qualquer coisa contra ela\u201d, caso ela insistisse em testemunhar contra ele.\n<\/p>\n<p>O juiz entendeu que as alega\u00e7\u00f5es e agress\u00f5es ocorreram \u201cdentro de um contexto de viol\u00eancia de g\u00eanero\u201d, ressaltando que a \u201crela\u00e7\u00e3o de poder assim\u00e9trica que existia ao longo do relacionamento\u201d.\n<\/p>\n<p>Fonte: O antagonista              <\/p>\n<\/div>\n<p><br \/>\n<br \/><a href=\"https:\/\/diariodobrasilnoticias.com.br\/noticia\/fernandez-e-indiciado-por-agressao-e-ameacas-contra-a-ex-mulher-67b4bcb1f2450\">Source link <\/a><\/p>","protected":false},"excerpt":{"rendered":"<p>O juiz federal Juli\u00e1n Ercolini indiciou na segunda-feira, 17, o ex-presidente argentino Alberto Fern\u00e1ndez, que se autodenominou como o primeiro l\u00edder feminista do pa\u00eds, pelos crimes de les\u00f5es leves agravadas&hellip;<\/p>","protected":false},"author":1,"featured_media":104231,"comment_status":"closed","ping_status":"open","sticky":false,"template":"","format":"standard","meta":{"content-type":"","footnotes":""},"categories":[16],"tags":[123,2448,5313,1267],"class_list":["post-104230","post","type-post","status-publish","format-standard","has-post-thumbnail","hentry","category-noticias","tag-brasil","tag-diario","tag-noticia","tag-noticias"],"_links":{"self":[{"href":"https:\/\/tvbrazilusa.com\/pt\/wp-json\/wp\/v2\/posts\/104230","targetHints":{"allow":["GET"]}}],"collection":[{"href":"https:\/\/tvbrazilusa.com\/pt\/wp-json\/wp\/v2\/posts"}],"about":[{"href":"https:\/\/tvbrazilusa.com\/pt\/wp-json\/wp\/v2\/types\/post"}],"author":[{"embeddable":true,"href":"https:\/\/tvbrazilusa.com\/pt\/wp-json\/wp\/v2\/users\/1"}],"replies":[{"embeddable":true,"href":"https:\/\/tvbrazilusa.com\/pt\/wp-json\/wp\/v2\/comments?post=104230"}],"version-history":[{"count":1,"href":"https:\/\/tvbrazilusa.com\/pt\/wp-json\/wp\/v2\/posts\/104230\/revisions"}],"predecessor-version":[{"id":104232,"href":"https:\/\/tvbrazilusa.com\/pt\/wp-json\/wp\/v2\/posts\/104230\/revisions\/104232"}],"wp:featuredmedia":[{"embeddable":true,"href":"https:\/\/tvbrazilusa.com\/pt\/wp-json\/wp\/v2\/media\/104231"}],"wp:attachment":[{"href":"https:\/\/tvbrazilusa.com\/pt\/wp-json\/wp\/v2\/media?parent=104230"}],"wp:term":[{"taxonomy":"category","embeddable":true,"href":"https:\/\/tvbrazilusa.com\/pt\/wp-json\/wp\/v2\/categories?post=104230"},{"taxonomy":"post_tag","embeddable":true,"href":"https:\/\/tvbrazilusa.com\/pt\/wp-json\/wp\/v2\/tags?post=104230"}],"curies":[{"name":"wp","href":"https:\/\/api.w.org\/{rel}","templated":true}]}}