{"id":104236,"date":"2025-02-18T19:38:21","date_gmt":"2025-02-18T19:38:21","guid":{"rendered":"https:\/\/tvbrazilusa.com\/2025\/02\/18\/nj-promete-limitar-os-cortes-de-financiamento-do-distrito-escolar-em-3-este-ano\/"},"modified":"2025-02-18T19:44:11","modified_gmt":"2025-02-18T19:44:11","slug":"nj-promete-limitar-os-cortes-de-financiamento-do-distrito-escolar-em-3-este-ano","status":"publish","type":"post","link":"https:\/\/tvbrazilusa.com\/pt\/2025\/02\/18\/nj-promete-limitar-os-cortes-de-financiamento-do-distrito-escolar-em-3-este-ano\/","title":{"rendered":"NJ promete limitar os cortes de financiamento do distrito escolar em 3% este ano"},"content":{"rendered":"<script async src=\"https:\/\/pagead2.googlesyndication.com\/pagead\/js\/adsbygoogle.js?client=ca-pub-8864793242727901\"\r\n     crossorigin=\"anonymous\"><\/script>\n<div>\n<p class=\"article__paragraph article__paragraph--left\" id=\"B4W7M5HY5NCMPH3P7WMYMS7XPU\">Os distritos escolares de Nova Jersey n\u00e3o ver\u00e3o seu <a href=\"https:\/\/www.nj.com\/education\/2024\/03\/10-biggest-winners-and-losers-in-njs-new-school-funding-plan.html\" target=\"_blank\" rel=\"\" title=\"https:\/\/www.nj.com\/education\/2024\/03\/10-biggest-winners-and-losers-in-njs-new-school-funding-plan.html\">Aux\u00edlio estatal<\/a> diminuiu em mais de 3% este ano, as autoridades estaduais anunciaram em um <a href=\"https:\/\/nj.gov\/education\/broadcasts\/2025\/feb\/18\/PlanningInformationRegardingStateSchoolAidforthe20252026SchoolYear.pdf\" target=\"_blank\" rel=\"\" title=\"https:\/\/nj.gov\/education\/broadcasts\/2025\/feb\/18\/PlanningInformationRegardingStateSchoolAidforthe20252026SchoolYear.pdf\">memorando<\/a> enviado ter\u00e7a -feira.<\/p>\n<p class=\"article__paragraph article__paragraph--left\" id=\"VYADBQ3H7ZG6FK45BPGMEACAHA\">O limite de cortes contrasta com o ano passado, quando alguns distritos escolares viram dois d\u00edgitos diminuindo \u00e0 medida que o estado implementou totalmente uma nova f\u00f3rmula de financiamento escolar.<\/p>\n<p class=\"article__paragraph article__paragraph--left\" id=\"YAJKVMTXH5ADVEZEXMO7HQJS4M\">O memorando enviado para os distritos escolares descreve na ter\u00e7a <a href=\"https:\/\/www.nj.com\/education\/2024\/07\/nj-schools-are-cutting-hundreds-of-jobs-this-summer-heres-why.html\" target=\"_blank\" rel=\"\" title=\"https:\/\/www.nj.com\/education\/2024\/07\/nj-schools-are-cutting-hundreds-of-jobs-this-summer-heres-why.html\">financiamento estatal<\/a> Ao criar seus or\u00e7amentos de 2026 anos fiscais.<\/p>\n<p class=\"article__paragraph article__paragraph--left\" id=\"KU7UUHRWCBE7ZHG3HW4TFS3HQU\">&#8220;Esse limite se aplicar\u00e1 \u00e0s quatro categorias de ajuda prim\u00e1ria &#8211; equaliza\u00e7\u00e3o, educa\u00e7\u00e3o especial, seguran\u00e7a e ajuda de transporte, conforme calculado sob a &#8216;Lei de Reforma de Financiamento da Escola de 2008&#8242;&#8221;, disse o memorando.<\/p>\n<p class=\"article__paragraph article__paragraph--left\" id=\"OBOAMKL54FC2LHYYVDFV36GBBM\">Outras categorias de ajuda, incluindo financiamento de op\u00e7\u00f5es, ajuda militar, aux\u00edlio \u00e0 estabiliza\u00e7\u00e3o vocacional do condado e ajuda de adequa\u00e7\u00e3o educacional, s\u00e3o determinados por fatores como matr\u00edculas e n\u00e3o est\u00e3o inclu\u00eddos no limite, disseram autoridades.<\/p>\n<p class=\"article__paragraph article__paragraph--left\" id=\"BCTWN3SAXRDMTMT22XCYG6RIEE\">N\u00e3o est\u00e1 claro se as categorias de ajuda exclu\u00eddas do limite de 3% podem significar redu\u00e7\u00f5es totais maiores para alguns distritos escolares. Os distritos escolares normalmente aprendem o quanto est\u00e3o programados para ficar sob o or\u00e7amento proposto pelo governador nas pr\u00f3ximas semanas.<\/p>\n<p class=\"article__paragraph article__paragraph--left\" id=\"SWF273JP6JDXPLGX57623LWP6M\">Gov. <a href=\"https:\/\/www.nj.com\/topic\/phil-murphy\/\" target=\"_blank\" rel=\"\">Phil Murphy<\/a>O escrit\u00f3rio e o Departamento de Educa\u00e7\u00e3o do Estado n\u00e3o responderam imediatamente a um pedido de coment\u00e1rio.<\/p>\n<p class=\"article__paragraph article__paragraph--left\" id=\"QXKH6NGDU5FZJIBNXO6RC7LGTU\"><a href=\"https:\/\/www.nj.com\/education\/2024\/03\/10-biggest-winners-and-losers-in-njs-new-school-funding-plan.html\" target=\"_blank\" rel=\"\" title=\"https:\/\/www.nj.com\/education\/2024\/03\/10-biggest-winners-and-losers-in-njs-new-school-funding-plan.html\">Financiamento escolar<\/a> H\u00e1 muito tempo tem sido uma quest\u00e3o controversa em Nova Jersey.<\/p>\n<p class=\"article__paragraph article__paragraph--left\" id=\"HU7O5WRXDRHMTMKVPOSKS43AAU\">Todos os distritos do estado recebem diferentes quantidades de aux\u00edlio estatal com base na inscri\u00e7\u00e3o, n\u00edveis de pobreza, base tribut\u00e1ria da comunidade e uma infinidade de outros fatores.<\/p>\n<p class=\"article__paragraph article__paragraph--left\" id=\"RE3IHLSAQVF7FCU3E4J7WZZREE\">Sob um <a href=\"https:\/\/www.nj.com\/education\/2017\/06\/nj_school_funding_formula_deal_budget_christie_swe.html\" target=\"_blank\" rel=\"\">F\u00f3rmula de financiamento escolar revisada fortemente emquela<\/a> promulgada sob o ent\u00e3o gov. <a href=\"https:\/\/www.nj.com\/topic\/@chris-christie\/\" target=\"_blank\" rel=\"\">Chris Christie<\/a>alguns distritos viram sua ajuda diminuir ao longo dos anos, \u00e0 medida que o estado ajustava os n\u00fameros para corresponder \u00e0 nova f\u00f3rmula.<\/p>\n<p class=\"article__paragraph article__paragraph--left\" id=\"TI7QSUXUJNH3ZJIF7MKNZN2GRM\">Embora a f\u00f3rmula tenha sido aprovada h\u00e1 mais de 15 anos, o or\u00e7amento de 2025 foi a primeira vez que foi totalmente financiado, disseram autoridades estaduais.<\/p>\n<p class=\"article__paragraph article__paragraph--left\" id=\"UT3JH7PY7JEQPCUP4ZTVDKOZGA\">Distritos com matr\u00edculas crescentes podem ver mais d\u00f3lares estaduais, enquanto os alunos que perdem podem obter menos aux\u00edlios estatais. Os distritos tamb\u00e9m podem obter ajuda se sua base tribut\u00e1ria estiver enfraquecendo ou perder a ajuda do Estado se houver crescimento na economia local.<\/p>\n<p class=\"article__paragraph article__paragraph--left\" id=\"NLJM54CVSRD5DBQ4U4WZXWERNU\">Alguns distritos escolares que enfrentam cortes dizem que a f\u00f3rmula \u00e9 injusta.<\/p>\n<p class=\"article__paragraph article__paragraph--left\" id=\"FDWTIUIZXJCGFNDFITSNXUTNXY\">Sob o plano de financiamento escolar de US $ 11,7 bilh\u00f5es, Murphy prop\u00f4s para o or\u00e7amento de 2025, 442 distritos escolares tiveram um aumento no aux\u00edlio estatal. Enquanto isso, <a href=\"https:\/\/www.nj.com\/education\/2024\/07\/nj-schools-are-cutting-hundreds-of-jobs-this-summer-heres-why.html\" target=\"_blank\" rel=\"\" title=\"https:\/\/www.nj.com\/education\/2024\/07\/nj-schools-are-cutting-hundreds-of-jobs-this-summer-heres-why.html\">140 distritos viram uma diminui\u00e7\u00e3o<\/a>com alguns milh\u00f5es de d\u00f3lares.<\/p>\n<p class=\"article__paragraph article__paragraph--left\" id=\"O66FJELLB5DETPYT3ITJBLVAMI\">Alguns desses distritos anunciaram demiss\u00f5es de professores, cortes para \u00f4nibus e o fechamento das escolas ap\u00f3s os cortes nos aux\u00edlios estatais.<\/p>\n<p class=\"article__paragraph article__paragraph--left\" id=\"Q4KKHF7PSRHWVEUEXYAUG7JN7Y\">Alguns distritos escolares perderam mais de 50% de seus aux\u00edlios estaduais, incluindo Runnemede no Condado de Camden, Bass River, no Condado de Burlington e Cape, pode apontar no Condado de Cape May. Alguns dos distritos que perderam mais dinheiro s\u00e3o distritos escolares n\u00e3o operacionais que pagam para enviar todos os seus alunos para escolas em cidades vizinhas.<\/p>\n<section class=\"Stories-By-Author-module_wrapper__ezbcK Stories-By-Author-module_nj__Ap1-Y\"\/>\n<p class=\"article__paragraph article__paragraph--left\" id=\"UQKC4ZDHEVAEZAQEHJSU7CK6OY\"><i>Nosso jornalismo precisa do seu apoio. Por favor, assine hoje o nj.com.<\/i><\/p>\n<p class=\"article__paragraph article__paragraph--left\" id=\"376ZWHWSVVHKJMQGSD67VPKXUI\"><i>Brianna Kudisch pode ser alcan\u00e7ada em <\/i><a href=\"https:\/\/www.nj.com\/education\/2025\/02\/mailto:bkudisch@njadvancemedia.com\" target=\"_blank\" rel=\"\"><i>bkudisch@njadvancemedia.com<\/i><\/a><i>.<\/i><\/p>\n<\/div>\n<p><br \/>\n<br \/><a href=\"https:\/\/www.nj.com\/education\/2025\/02\/nj-promises-to-cap-school-district-funding-cuts-at-3-this-year.html\">Source link <\/a><\/p>","protected":false},"excerpt":{"rendered":"<p>Os distritos escolares de Nova Jersey n\u00e3o ver\u00e3o seu Aux\u00edlio estatal diminuiu em mais de 3% este ano, as autoridades estaduais anunciaram em um memorando enviado ter\u00e7a -feira. O limite&hellip;<\/p>","protected":false},"author":1,"featured_media":104237,"comment_status":"closed","ping_status":"open","sticky":false,"template":"","format":"standard","meta":{"content-type":"","footnotes":""},"categories":[1],"tags":[],"class_list":["post-104236","post","type-post","status-publish","format-standard","has-post-thumbnail","hentry","category-uncategorized"],"_links":{"self":[{"href":"https:\/\/tvbrazilusa.com\/pt\/wp-json\/wp\/v2\/posts\/104236","targetHints":{"allow":["GET"]}}],"collection":[{"href":"https:\/\/tvbrazilusa.com\/pt\/wp-json\/wp\/v2\/posts"}],"about":[{"href":"https:\/\/tvbrazilusa.com\/pt\/wp-json\/wp\/v2\/types\/post"}],"author":[{"embeddable":true,"href":"https:\/\/tvbrazilusa.com\/pt\/wp-json\/wp\/v2\/users\/1"}],"replies":[{"embeddable":true,"href":"https:\/\/tvbrazilusa.com\/pt\/wp-json\/wp\/v2\/comments?post=104236"}],"version-history":[{"count":1,"href":"https:\/\/tvbrazilusa.com\/pt\/wp-json\/wp\/v2\/posts\/104236\/revisions"}],"predecessor-version":[{"id":104238,"href":"https:\/\/tvbrazilusa.com\/pt\/wp-json\/wp\/v2\/posts\/104236\/revisions\/104238"}],"wp:featuredmedia":[{"embeddable":true,"href":"https:\/\/tvbrazilusa.com\/pt\/wp-json\/wp\/v2\/media\/104237"}],"wp:attachment":[{"href":"https:\/\/tvbrazilusa.com\/pt\/wp-json\/wp\/v2\/media?parent=104236"}],"wp:term":[{"taxonomy":"category","embeddable":true,"href":"https:\/\/tvbrazilusa.com\/pt\/wp-json\/wp\/v2\/categories?post=104236"},{"taxonomy":"post_tag","embeddable":true,"href":"https:\/\/tvbrazilusa.com\/pt\/wp-json\/wp\/v2\/tags?post=104236"}],"curies":[{"name":"wp","href":"https:\/\/api.w.org\/{rel}","templated":true}]}}