{"id":104239,"date":"2025-02-18T19:50:21","date_gmt":"2025-02-18T19:50:21","guid":{"rendered":"https:\/\/tvbrazilusa.com\/2025\/02\/18\/silveira-passara-por-avaliacao-psiquiatrica\/"},"modified":"2025-02-18T19:50:24","modified_gmt":"2025-02-18T19:50:24","slug":"silveira-passara-por-avaliacao-psiquiatrica","status":"publish","type":"post","link":"https:\/\/tvbrazilusa.com\/pt\/2025\/02\/18\/silveira-passara-por-avaliacao-psiquiatrica\/","title":{"rendered":"Silveira passar\u00e1 por avalia\u00e7\u00e3o psiqui\u00e1trica"},"content":{"rendered":"<p> <script async src=\"https:\/\/pagead2.googlesyndication.com\/pagead\/js\/adsbygoogle.js?client=ca-pub-8864793242727901\"\r\n     crossorigin=\"anonymous\"><\/script><br \/>\n<\/p>\n<div>\n<figure class=\"post-image\">\n<\/figure>\n<p>            <span style=\"font-size: 12px\">Foto: Andr\u00e9 Ribeiro\/Futura Press\/Estad\u00e3o Conte\u00fado<\/span><\/p>\n<p>            <!-- end metas --><br \/>\n            <!-- ADS --><\/p>\n<div id=\"taboola-read-more\" style=\"display:block; width:100%\">\n<p>Na sexta-feira 21, o ex-deputado Daniel Silveira vai receber atendimento da psic\u00f3loga jur\u00eddica Elise Karam Trindade e do psiquiatra forense Hewdy Lobo Ribeiro, que avaliou Suzane von Richthofen e Ad\u00e9lio Bispo.\n<\/p>\n<p>A visita foi agendada na Col\u00f4nia Agr\u00edcola de Mag\u00e9, a pouco mais de 60 quil\u00f4metros da capital fluminense, depois de a Secretaria de Administra\u00e7\u00e3o Penitenci\u00e1ria do Rio de Janeiro (Seap-RJ) autorizar o pedido feito pelo advogado Paulo Faria, que atua na defesa de Silveira.<\/p>\n<p>No documento endere\u00e7ado \u00e0 Seap-RJ, a defesa disse que quer saber \u201ca real situa\u00e7\u00e3o psicol\u00f3gica e cl\u00ednica do custodiado, diante do grav\u00edssimo quadro de instabilidade emocional\u201d.\n<\/p>\n<p>\u201cSua sa\u00fade f\u00edsica e psicol\u00f3gica est\u00e1 em risco\u201d, afirmaram os advogados. \u201cDe acordo com os tratados internacionais assinados pelo Brasil, especialmente a Conven\u00e7\u00e3o Americana de Direitos Humanos e a Conven\u00e7\u00e3o Contra a Tortura e Outros Tratamentos ou Penais Cru\u00e9is, Desumanos ou Degradantes, a defesa vem requerer a autoriza\u00e7\u00e3o para entrada dos profissionais anteriormente qualificados.\u201d\n<\/p>\n<p>Fonte: Revista Oeste              <\/p>\n<\/div>\n<p>                        <!-- Scripts para conteudo --><\/p>\n<p>            <!-- .\/Scripts para conteudo --><br \/>\n            <!-- .\/Mat\u00e9ria --><\/p>\n<div class=\"row mt-3\">\n<div class=\"col-sm-6\">\n                <!-- Whatsapp channel 3--><br \/>\n                <a href=\"https:\/\/chat.whatsapp.com\/B8Qy6Erx4kb6yTzj3kaDco\" target=\"_blank\"><br \/>\n                  <img decoding=\"async\" src=\"https:\/\/diariodobrasilnoticias.com.br\/assets-site\/images\/bot_whatsapp.png\"\/><\/a>\n              <\/div>\n<div class=\"col-sm-6\">\n                <a href=\"https:\/\/t.me\/+_4gTmi5LKo03OTM5\" target=\"_blank\"><br \/>\n                  <img decoding=\"async\" src=\"https:\/\/diariodobrasilnoticias.com.br\/assets-site\/images\/bot_telegram.png\"\/><\/a>\n              <\/div>\n<\/p><\/div>\n<p>            <!-- end post-navigation --><\/p>\n<p>              <!-- end row --><\/p>\n<p>              <!-- end col-12-->\n                      <\/div>\n<p><br \/>\n<br \/><a href=\"https:\/\/diariodobrasilnoticias.com.br\/noticia\/silveira-passara-por-avaliacao-psiquiatrica-67b4c8e182ab9\">Source link <\/a><\/p>","protected":false},"excerpt":{"rendered":"<p>Foto: Andr\u00e9 Ribeiro\/Futura Press\/Estad\u00e3o Conte\u00fado Na sexta-feira 21, o ex-deputado Daniel Silveira vai receber atendimento da psic\u00f3loga jur\u00eddica Elise Karam Trindade e do psiquiatra forense Hewdy Lobo Ribeiro, que avaliou&hellip;<\/p>","protected":false},"author":1,"featured_media":104240,"comment_status":"closed","ping_status":"open","sticky":false,"template":"","format":"standard","meta":{"content-type":"","footnotes":""},"categories":[16],"tags":[123,2448,5313,1267],"class_list":["post-104239","post","type-post","status-publish","format-standard","has-post-thumbnail","hentry","category-noticias","tag-brasil","tag-diario","tag-noticia","tag-noticias"],"_links":{"self":[{"href":"https:\/\/tvbrazilusa.com\/pt\/wp-json\/wp\/v2\/posts\/104239","targetHints":{"allow":["GET"]}}],"collection":[{"href":"https:\/\/tvbrazilusa.com\/pt\/wp-json\/wp\/v2\/posts"}],"about":[{"href":"https:\/\/tvbrazilusa.com\/pt\/wp-json\/wp\/v2\/types\/post"}],"author":[{"embeddable":true,"href":"https:\/\/tvbrazilusa.com\/pt\/wp-json\/wp\/v2\/users\/1"}],"replies":[{"embeddable":true,"href":"https:\/\/tvbrazilusa.com\/pt\/wp-json\/wp\/v2\/comments?post=104239"}],"version-history":[{"count":1,"href":"https:\/\/tvbrazilusa.com\/pt\/wp-json\/wp\/v2\/posts\/104239\/revisions"}],"predecessor-version":[{"id":104241,"href":"https:\/\/tvbrazilusa.com\/pt\/wp-json\/wp\/v2\/posts\/104239\/revisions\/104241"}],"wp:featuredmedia":[{"embeddable":true,"href":"https:\/\/tvbrazilusa.com\/pt\/wp-json\/wp\/v2\/media\/104240"}],"wp:attachment":[{"href":"https:\/\/tvbrazilusa.com\/pt\/wp-json\/wp\/v2\/media?parent=104239"}],"wp:term":[{"taxonomy":"category","embeddable":true,"href":"https:\/\/tvbrazilusa.com\/pt\/wp-json\/wp\/v2\/categories?post=104239"},{"taxonomy":"post_tag","embeddable":true,"href":"https:\/\/tvbrazilusa.com\/pt\/wp-json\/wp\/v2\/tags?post=104239"}],"curies":[{"name":"wp","href":"https:\/\/api.w.org\/{rel}","templated":true}]}}