{"id":104242,"date":"2025-02-18T20:02:03","date_gmt":"2025-02-18T20:02:03","guid":{"rendered":"https:\/\/tvbrazilusa.com\/2025\/02\/18\/apos-aparecer-a-frente-de-lula-em-pesquisa-bolsonaro-confirma-candidatura\/"},"modified":"2025-02-18T20:02:06","modified_gmt":"2025-02-18T20:02:06","slug":"apos-aparecer-a-frente-de-lula-em-pesquisa-bolsonaro-confirma-candidatura","status":"publish","type":"post","link":"https:\/\/tvbrazilusa.com\/pt\/2025\/02\/18\/apos-aparecer-a-frente-de-lula-em-pesquisa-bolsonaro-confirma-candidatura\/","title":{"rendered":"Ap\u00f3s aparecer \u00e0 frente de Lula em pesquisa, Bolsonaro confirma candidatura"},"content":{"rendered":"<p> <script async src=\"https:\/\/pagead2.googlesyndication.com\/pagead\/js\/adsbygoogle.js?client=ca-pub-8864793242727901\"\r\n     crossorigin=\"anonymous\"><\/script><br \/>\n<\/p>\n<div>\n<figure class=\"post-image\">\n<\/figure>\n<p>            <span style=\"font-size: 12px\">Igo Estrela\/Metr\u00f3poles @igoestrela<\/span><\/p>\n<p>            <!-- end metas --><br \/>\n            <!-- ADS --><\/p>\n<div id=\"taboola-read-more\" style=\"display:block; width:100%\">\n<p>O ex-presidente Jair Bolsonaro refor\u00e7ou a senadores que n\u00e3o abrir\u00e1 m\u00e3o da sua pr\u00e9-candidatura \u00e0 Presid\u00eancia em 2026. Ele encontrou parlamentares de oposi\u00e7\u00e3o num almo\u00e7o nesta ter\u00e7a-feira (18\/2), no Senado.\n<\/p>\n<p>Segundo interlocutores, Bolsonaro ficou empoderado ap\u00f3s o resultado do levantamento do Paran\u00e1 Pesquisas, que indicou vit\u00f3ria do ex-presidente num eventual segundo turno contra o presidente Lula. A pesquisa indicou 45,1% de inten\u00e7\u00e3o de voto para o ex-mandat\u00e1rio, ante 40,2% do petista.<\/p>\n<p>Senadores que participaram da reuni\u00e3o apontam que a divulga\u00e7\u00e3o do resultado da pesquisa impediu a defesa de outras candidaturas. Entre os nomes da oposi\u00e7\u00e3o presentes no almo\u00e7o, estavam senadores de partidos como Uni\u00e3o Brasil, que tem o governador Ronaldo Caiado (GO) como pr\u00e9-candidato, e do Republicanos, do governador Tarc\u00edsio de Freitas (SP), tamb\u00e9m presidenci\u00e1vel.\n<\/p>\n<p>Atualmente, Bolsonaro est\u00e1 ineleg\u00edvel at\u00e9 2030 por decis\u00e3o do Tribunal Superior Eleitoral (TSE). A Corte reconheceu a pr\u00e1tica de abuso de poder pol\u00edtico e uso indevido dos meios de comunica\u00e7\u00e3o durante reuni\u00e3o realizada no Pal\u00e1cio da Alvorada com embaixadores estrangeiros.\n<\/p>\n<p>Fonte: Metr\u00f3poles              <\/p>\n<\/div>\n<p>                        <!-- Scripts para conteudo --><\/p>\n<p>            <!-- .\/Scripts para conteudo --><br \/>\n            <!-- .\/Mat\u00e9ria --><\/p>\n<div class=\"row mt-3\">\n<div class=\"col-sm-6\">\n                <!-- Whatsapp channel 3--><br \/>\n                <a href=\"https:\/\/chat.whatsapp.com\/B8Qy6Erx4kb6yTzj3kaDco\" target=\"_blank\"><br \/>\n                  <img decoding=\"async\" src=\"https:\/\/diariodobrasilnoticias.com.br\/assets-site\/images\/bot_whatsapp.png\"\/><\/a>\n              <\/div>\n<div class=\"col-sm-6\">\n                <a href=\"https:\/\/t.me\/+_4gTmi5LKo03OTM5\" target=\"_blank\"><br \/>\n                  <img decoding=\"async\" src=\"https:\/\/diariodobrasilnoticias.com.br\/assets-site\/images\/bot_telegram.png\"\/><\/a>\n              <\/div>\n<\/p><\/div>\n<p>            <!-- end post-navigation --><\/p>\n<p>              <!-- end row --><\/p>\n<p>              <!-- end col-12-->\n                      <\/div>\n<p><br \/>\n<br \/><a href=\"https:\/\/diariodobrasilnoticias.com.br\/noticia\/apos-aparecer-a-frente-de-lula-em-pesquisa-bolsonaro-confirma-candidatura-67b4ca0fa95fb\">Source link <\/a><\/p>","protected":false},"excerpt":{"rendered":"<p>Igo Estrela\/Metr\u00f3poles @igoestrela O ex-presidente Jair Bolsonaro refor\u00e7ou a senadores que n\u00e3o abrir\u00e1 m\u00e3o da sua pr\u00e9-candidatura \u00e0 Presid\u00eancia em 2026. Ele encontrou parlamentares de oposi\u00e7\u00e3o num almo\u00e7o nesta ter\u00e7a-feira&hellip;<\/p>","protected":false},"author":1,"featured_media":104243,"comment_status":"closed","ping_status":"open","sticky":false,"template":"","format":"standard","meta":{"content-type":"","footnotes":""},"categories":[16],"tags":[123,2448,5313,1267],"class_list":["post-104242","post","type-post","status-publish","format-standard","has-post-thumbnail","hentry","category-noticias","tag-brasil","tag-diario","tag-noticia","tag-noticias"],"_links":{"self":[{"href":"https:\/\/tvbrazilusa.com\/pt\/wp-json\/wp\/v2\/posts\/104242","targetHints":{"allow":["GET"]}}],"collection":[{"href":"https:\/\/tvbrazilusa.com\/pt\/wp-json\/wp\/v2\/posts"}],"about":[{"href":"https:\/\/tvbrazilusa.com\/pt\/wp-json\/wp\/v2\/types\/post"}],"author":[{"embeddable":true,"href":"https:\/\/tvbrazilusa.com\/pt\/wp-json\/wp\/v2\/users\/1"}],"replies":[{"embeddable":true,"href":"https:\/\/tvbrazilusa.com\/pt\/wp-json\/wp\/v2\/comments?post=104242"}],"version-history":[{"count":1,"href":"https:\/\/tvbrazilusa.com\/pt\/wp-json\/wp\/v2\/posts\/104242\/revisions"}],"predecessor-version":[{"id":104244,"href":"https:\/\/tvbrazilusa.com\/pt\/wp-json\/wp\/v2\/posts\/104242\/revisions\/104244"}],"wp:featuredmedia":[{"embeddable":true,"href":"https:\/\/tvbrazilusa.com\/pt\/wp-json\/wp\/v2\/media\/104243"}],"wp:attachment":[{"href":"https:\/\/tvbrazilusa.com\/pt\/wp-json\/wp\/v2\/media?parent=104242"}],"wp:term":[{"taxonomy":"category","embeddable":true,"href":"https:\/\/tvbrazilusa.com\/pt\/wp-json\/wp\/v2\/categories?post=104242"},{"taxonomy":"post_tag","embeddable":true,"href":"https:\/\/tvbrazilusa.com\/pt\/wp-json\/wp\/v2\/tags?post=104242"}],"curies":[{"name":"wp","href":"https:\/\/api.w.org\/{rel}","templated":true}]}}