{"id":104245,"date":"2025-02-18T20:13:24","date_gmt":"2025-02-18T20:13:24","guid":{"rendered":"https:\/\/tvbrazilusa.com\/2025\/02\/18\/renault-e-empresa-chinesa-se-associam-para-a-producao-de-veiculos-eletricos-no-brasil\/"},"modified":"2025-02-18T20:13:26","modified_gmt":"2025-02-18T20:13:26","slug":"renault-e-empresa-chinesa-se-associam-para-a-producao-de-veiculos-eletricos-no-brasil","status":"publish","type":"post","link":"https:\/\/tvbrazilusa.com\/pt\/2025\/02\/18\/renault-e-empresa-chinesa-se-associam-para-a-producao-de-veiculos-eletricos-no-brasil\/","title":{"rendered":"Renault e empresa chinesa se associam para a produ\u00e7\u00e3o de ve\u00edculos el\u00e9tricos no Brasil"},"content":{"rendered":"<p> <script async src=\"https:\/\/pagead2.googlesyndication.com\/pagead\/js\/adsbygoogle.js?client=ca-pub-8864793242727901\"\r\n     crossorigin=\"anonymous\"><\/script><br \/>\n<\/p>\n<div id=\"taboola-read-more\" style=\"display:block; width:100%\">\n<p>A Renault, montadora francesa, e o grupo chin\u00eas Zhejiang Geely Holding assinaram um acordo para a produ\u00e7\u00e3o e a comercializa\u00e7\u00e3o conjunta de ve\u00edculos el\u00e9tricos e de baixo carbono no Brasil.\n<\/p>\n<p>O an\u00fancio foi feito nesta segunda-feira, 17, relata O Estado de S. Paulo. O fechamento da parceria depende da aprova\u00e7\u00e3o de autoridades e de um contrato definitivo.<\/p>\n<p>O Geely poder\u00e1 acessar o Complexo Industrial Ayrton Senna (CAS), localizado em S\u00e3o Jos\u00e9 dos Pinhais, no Paran\u00e1.\n<\/p>\n<p>Est\u00e3o inclu\u00eddas entre os locais de acesso as \u00e1reas de produ\u00e7\u00e3o, vendas e servi\u00e7os da Renault no Brasil. A companhia chinesa se tornar\u00e1, em contrapartida, acionista minorit\u00e1ria na opera\u00e7\u00e3o brasileira da Renault.\n<\/p>\n<p>\u201cA Renault do Brasil se tornar\u00e1 uma distribuidora do portf\u00f3lio de ve\u00edculos do Geely Holding no pa\u00eds, por meio do seu ecossistema de distribui\u00e7\u00e3o existente\u201d, declara nota da empresa.\n<\/p>\n<p>\u201cPor meio desta parceria, ambas as empresas ser\u00e3o capazes de expandir seus poderes de marca e se tornar\u00e3o players centrais no Brasil, mercado que representa 44% das vendas automotivas na Am\u00e9rica Latina.\u201d\n<\/p>\n<p>O grupo Geely, que possui diversas marcas de carros pelo mundo, \u00e9 tamb\u00e9m propriet\u00e1rio da fabricante chinesa de carros el\u00e9tricos Zeekr e da sueca Volvo.\n<\/p>\n<p>Renault e a produ\u00e7\u00e3o de ve\u00edculos el\u00e9tricos<br \/>A Renault inaugurou o CAS em 4 de dezembro de 1998. O conjunto de f\u00e1bricas, localizado no Paran\u00e1, se tornou polo exportador para a Am\u00e9rica Latina, com mais de 1 milh\u00e3o de ve\u00edculos exportados.\n<\/p>\n<p>No Brasil, ao longo dos \u00faltimos 25 anos, foram produzidos mais de 3,5 milh\u00f5es de ve\u00edculos, segundo informa\u00e7\u00f5es divulgadas pela montadora.\n<\/p>\n<p>A empresa francesa, no Brasil, ingressou na produ\u00e7\u00e3o de ve\u00edculos el\u00e9tricos. Em seu site, ela se coloca como a pioneira em ve\u00edculos 100% el\u00e9tricos no Brasil.\n<\/p>\n<p>Fonte: Revista Oeste              <\/p>\n<\/div>\n<p><br \/>\n<br \/><a href=\"https:\/\/diariodobrasilnoticias.com.br\/noticia\/renault-e-empresa-chinesa-se-associam-para-a-producao-de-veiculos-eletricos-no-brasil-67b4c97540ff8\">Source link <\/a><\/p>","protected":false},"excerpt":{"rendered":"<p>A Renault, montadora francesa, e o grupo chin\u00eas Zhejiang Geely Holding assinaram um acordo para a produ\u00e7\u00e3o e a comercializa\u00e7\u00e3o conjunta de ve\u00edculos el\u00e9tricos e de baixo carbono no Brasil.&hellip;<\/p>","protected":false},"author":1,"featured_media":104246,"comment_status":"closed","ping_status":"open","sticky":false,"template":"","format":"standard","meta":{"content-type":"","footnotes":""},"categories":[16],"tags":[123,2448,5313,1267],"class_list":["post-104245","post","type-post","status-publish","format-standard","has-post-thumbnail","hentry","category-noticias","tag-brasil","tag-diario","tag-noticia","tag-noticias"],"_links":{"self":[{"href":"https:\/\/tvbrazilusa.com\/pt\/wp-json\/wp\/v2\/posts\/104245","targetHints":{"allow":["GET"]}}],"collection":[{"href":"https:\/\/tvbrazilusa.com\/pt\/wp-json\/wp\/v2\/posts"}],"about":[{"href":"https:\/\/tvbrazilusa.com\/pt\/wp-json\/wp\/v2\/types\/post"}],"author":[{"embeddable":true,"href":"https:\/\/tvbrazilusa.com\/pt\/wp-json\/wp\/v2\/users\/1"}],"replies":[{"embeddable":true,"href":"https:\/\/tvbrazilusa.com\/pt\/wp-json\/wp\/v2\/comments?post=104245"}],"version-history":[{"count":1,"href":"https:\/\/tvbrazilusa.com\/pt\/wp-json\/wp\/v2\/posts\/104245\/revisions"}],"predecessor-version":[{"id":104247,"href":"https:\/\/tvbrazilusa.com\/pt\/wp-json\/wp\/v2\/posts\/104245\/revisions\/104247"}],"wp:featuredmedia":[{"embeddable":true,"href":"https:\/\/tvbrazilusa.com\/pt\/wp-json\/wp\/v2\/media\/104246"}],"wp:attachment":[{"href":"https:\/\/tvbrazilusa.com\/pt\/wp-json\/wp\/v2\/media?parent=104245"}],"wp:term":[{"taxonomy":"category","embeddable":true,"href":"https:\/\/tvbrazilusa.com\/pt\/wp-json\/wp\/v2\/categories?post=104245"},{"taxonomy":"post_tag","embeddable":true,"href":"https:\/\/tvbrazilusa.com\/pt\/wp-json\/wp\/v2\/tags?post=104245"}],"curies":[{"name":"wp","href":"https:\/\/api.w.org\/{rel}","templated":true}]}}