{"id":104248,"date":"2025-02-18T20:24:37","date_gmt":"2025-02-18T20:24:37","guid":{"rendered":"https:\/\/tvbrazilusa.com\/2025\/02\/18\/enquanto-nao-consegue-gerir-o-brasil-lula-critica-trump-nos-estados-unidos\/"},"modified":"2025-02-18T20:24:39","modified_gmt":"2025-02-18T20:24:39","slug":"enquanto-nao-consegue-gerir-o-brasil-lula-critica-trump-nos-estados-unidos","status":"publish","type":"post","link":"https:\/\/tvbrazilusa.com\/pt\/2025\/02\/18\/enquanto-nao-consegue-gerir-o-brasil-lula-critica-trump-nos-estados-unidos\/","title":{"rendered":"Enquanto n\u00e3o consegue gerir o Brasil, Lula critica Trump nos Estados Unidos"},"content":{"rendered":"<p> <script async src=\"https:\/\/pagead2.googlesyndication.com\/pagead\/js\/adsbygoogle.js?client=ca-pub-8864793242727901\"\r\n     crossorigin=\"anonymous\"><\/script><br \/>\n<\/p>\n<div id=\"taboola-read-more\" style=\"display:block; width:100%\">\n<p>Era t\u00e3o certo quanto dois e dois s\u00e3o quatro \u2013 e como a Terra n\u00e3o \u00e9 plana e cloroquina com ivermectina n\u00e3o servem para covid-19 -, Lula, nas cordas por causa da infla\u00e7\u00e3o, do d\u00e9ficit p\u00fablico, do isolamento pol\u00edtico, da Janja, do Pix, da Venezuela, do Hamas e de toda sua intermin\u00e1vel lista de m\u00e1s escolhas e m\u00e1 gest\u00e3o, tentar encontrar um inimigo para guerrear como forma de diversionismo divisionista.\n<\/p>\n<p>Internamente, com Jair Bolsonaro, n\u00e3o nas cordas, mas na lona, e uma oposi\u00e7\u00e3o mequetrefe, hoje limitada a tiktokers mais rasos que um pires, e a oportunistas de ocasi\u00e3o como Pablo Mar\u00e7al e Gusttavo Lima, o chef\u00e3o petista n\u00e3o conseguiu encontrar um alvo real, de carne e osso. Mercado, especuladores, empres\u00e1rios gananciosos e bl\u00e1 bl\u00e1 bl\u00e1 podem servir a um ou outro discurso de palanque, mas n\u00e3o ao embate permanente.<\/p>\n<p>Lula precisa de um oponente, e se poss\u00edvel que n\u00e3o agrade a muita gente. Neste sentido, Donald Trump \u00e9 o Golias ideal, para o Davi bananeiro cantar suas gl\u00f3rias de retirante pobre a combater o gigante opressor americano. Ap\u00f3s discursos iniciais de modera\u00e7\u00e3o e cautela por parte de autoridades do governo, o pai do Ronaldinho dos Neg\u00f3cios deu um cavalo de pau e passou a atacar, dia sim, outro tamb\u00e9m, o buf\u00e3o americano.\n<\/p>\n<p>Incoer\u00eancia e populismo<br \/>Sim. Lula tem certa raz\u00e3o. Por\u00e9m, ouvi-lo falar em Consenso de Washington, globaliza\u00e7\u00e3o, livre mercado, com\u00e9rcio internacional e outras ideias e pr\u00e1ticas liberais \u2013 que ele o PT sempre atacaram -, al\u00e9m de pat\u00e9tico, mostra o qu\u00e3o hip\u00f3critas e c\u00ednicos certos pol\u00edticos s\u00e3o quando entram em modo de desespero. Lula est\u00e1 a caminho de se tornar um fiasco nas elei\u00e7\u00f5es de 2026 e \u201cfar\u00e1 o diabo\u201d (lembram-se da Dilma?) para reverter a situa\u00e7\u00e3o.\n<\/p>\n<p>N\u00e3o tenham d\u00favidas: a alma mais honesta do pa\u00eds ir\u00e1 afrouxar ainda mais o controle de gastos, aumentar os programas assistenciais, liberar e baratear o cr\u00e9dito etc., ou seja, uma reedi\u00e7\u00e3o do que ele e o PT sempre fizeram. O enganoso sucesso imediato de medidas populistas (crescimento do PIB e aumento do consumo) sempre apresenta a fatura mais \u00e0 frente. Geralmente quando os (ir)respons\u00e1veis j\u00e1 deixaram o poder.\n<\/p>\n<p>Para al\u00e9m das medidas populistas de ordem macroecon\u00f4mica, politicamente, Lula ir\u00e1 buscar em Donald Trump um catalisador potente. Contudo, como sabido, a diferen\u00e7a entre rem\u00e9dio e veneno \u00e9 a dose. Se exagerar na verborragia poder\u00e1 despertar a ira do Nero republicano e, como ele mesmo disse, \u201cO Brasil precisa mais dos EUA do que n\u00f3s, deles\u201d. Al\u00e9m disso, no \u00e2mbito da reciprocidade tarif\u00e1ria, a margem de manobra \u00e9 m\u00ednima.\n<\/p>\n<p>Metralhadora girat\u00f3ria<br \/>J\u00e1 \u00e0s voltas com uma infla\u00e7\u00e3o alta e crescente, um poss\u00edvel aumento de impostos de importa\u00e7\u00e3o resultar\u00e1 em mais aumento de pre\u00e7os. Outro aspecto importante, para al\u00e9m destes dois pontos, \u00e9 a percep\u00e7\u00e3o de oportunismo eleitoral por parte do eleitorado, que de bobo, anda tendo cada vez mais nada, haja vista a pouca import\u00e2ncia das \u00faltimas medidas populistas anunciadas pelo governo, segundo as mais recentes pesquisas de opini\u00e3o.\n<\/p>\n<p>Nas \u00faltimas apari\u00e7\u00f5es p\u00fablicas, Lula investiu pesado contra Trump: \u201cUm dia ele quer ocupar o canal do Panam\u00e1, outro dia anexar a Groenl\u00e2ndia ou o Canad\u00e1. Depois, trata o povo palestino como se n\u00e3o fosse ningu\u00e9m. Ele tem meu respeito para governar os Estados Unidos. Mas ele n\u00e3o foi eleito para governar o mundo\u201d. E mais: \u201cN\u00e3o tem d\u00favida, haver\u00e1 reciprocidade do Brasil em qualquer atitude que tiver contra o Brasil.\u201d\n<\/p>\n<p>\u201cOs Estados Unidos sempre se colocaram como s\u00edmbolo da democracia, mas agora de repente elegem um presidente que faz quest\u00e3o de todo dia dizer uma anomalia. Agora est\u00e3o defendendo o protecionismo, os Estados Unidos para os americanos, tudo para os americanos. Me preocupo com isso, porque o que est\u00e1 em risco no mundo \u00e9 a democracia, e eles agora est\u00e3o negando tudo isso, eu acho muito delicado.\u201d\n<\/p>\n<p>Falta legitimidade<br \/>\u201cOs Estados Unidos, depois da Segunda Guerra, se comportaram, aos olhos do mundo, como s\u00edmbolo da democracia. O sonho americano\u2019. Era um pa\u00eds que dava oportunidade para todo mundo. Mas agora tem um novo discurso, a \u2018Am\u00e9rica para os americanos\u2019. Vamos taxar tudo que \u00e9 importado e mandar embora todos imigrantes, que foram para os EUA e ajudaram a construir aquela p\u00e1tria grande e a riqueza dos EUA.\u201d\n<\/p>\n<p>\u201cE a\u00ed eu fico pensando: cad\u00ea a democracia? Cad\u00ea o respeito ao livre tr\u00e2nsito do ser humano, se voc\u00ea tem livre tr\u00e2nsito do capital? Cad\u00ea o livre com\u00e9rcio que foi t\u00e3o apregoado? E a\u00ed come\u00e7a a amea\u00e7ar o mundo. Todo dia tem uma amea\u00e7a\u201d. Eis a\u00ed. O \u201ccara\u201d do Obama, que n\u00e3o consegue cuidar do Brasil, agora quer dar li\u00e7\u00e3o aos Estados Unidos. E ainda tem coragem de falar em democracia o amig\u00e3o de Ch\u00e1vez, Maduro e companhia.\n<\/p>\n<p>Repito: ele at\u00e9 est\u00e1 correto! Mas n\u00e3o tem legitimidade moral para chamar a aten\u00e7\u00e3o de Trump. Nem sobre gest\u00e3o nem sobre diplomacia, muito menos sobre democracia. Melhor se tomasse conta do pr\u00f3prio pa\u00eds. Mas vamos ver se suas bravatas chegam ao outro lado do Atl\u00e2ntico e, se chegarem, se causar\u00e3o alguma rea\u00e7\u00e3o. Independentemente disso, Lula continuar\u00e1 em busca de um factoide pol\u00edtico. Afinal, sempre viveu deles.\n<\/p>\n<p>Fonte: O Antagonista              <\/p>\n<\/div>\n<p><br \/>\n<br \/><a href=\"https:\/\/diariodobrasilnoticias.com.br\/noticia\/enquanto-nao-consegue-gerir-o-brasil-lula-critica-trump-nos-estados-unidos-67b4d54775c6c\">Source link <\/a><\/p>","protected":false},"excerpt":{"rendered":"<p>Era t\u00e3o certo quanto dois e dois s\u00e3o quatro \u2013 e como a Terra n\u00e3o \u00e9 plana e cloroquina com ivermectina n\u00e3o servem para covid-19 -, Lula, nas cordas por&hellip;<\/p>","protected":false},"author":1,"featured_media":104249,"comment_status":"closed","ping_status":"open","sticky":false,"template":"","format":"standard","meta":{"content-type":"","footnotes":""},"categories":[16],"tags":[123,2448,5313,1267],"class_list":["post-104248","post","type-post","status-publish","format-standard","has-post-thumbnail","hentry","category-noticias","tag-brasil","tag-diario","tag-noticia","tag-noticias"],"_links":{"self":[{"href":"https:\/\/tvbrazilusa.com\/pt\/wp-json\/wp\/v2\/posts\/104248","targetHints":{"allow":["GET"]}}],"collection":[{"href":"https:\/\/tvbrazilusa.com\/pt\/wp-json\/wp\/v2\/posts"}],"about":[{"href":"https:\/\/tvbrazilusa.com\/pt\/wp-json\/wp\/v2\/types\/post"}],"author":[{"embeddable":true,"href":"https:\/\/tvbrazilusa.com\/pt\/wp-json\/wp\/v2\/users\/1"}],"replies":[{"embeddable":true,"href":"https:\/\/tvbrazilusa.com\/pt\/wp-json\/wp\/v2\/comments?post=104248"}],"version-history":[{"count":1,"href":"https:\/\/tvbrazilusa.com\/pt\/wp-json\/wp\/v2\/posts\/104248\/revisions"}],"predecessor-version":[{"id":104250,"href":"https:\/\/tvbrazilusa.com\/pt\/wp-json\/wp\/v2\/posts\/104248\/revisions\/104250"}],"wp:featuredmedia":[{"embeddable":true,"href":"https:\/\/tvbrazilusa.com\/pt\/wp-json\/wp\/v2\/media\/104249"}],"wp:attachment":[{"href":"https:\/\/tvbrazilusa.com\/pt\/wp-json\/wp\/v2\/media?parent=104248"}],"wp:term":[{"taxonomy":"category","embeddable":true,"href":"https:\/\/tvbrazilusa.com\/pt\/wp-json\/wp\/v2\/categories?post=104248"},{"taxonomy":"post_tag","embeddable":true,"href":"https:\/\/tvbrazilusa.com\/pt\/wp-json\/wp\/v2\/tags?post=104248"}],"curies":[{"name":"wp","href":"https:\/\/api.w.org\/{rel}","templated":true}]}}