{"id":104257,"date":"2025-02-18T20:52:29","date_gmt":"2025-02-18T20:52:29","guid":{"rendered":"https:\/\/tvbrazilusa.com\/2025\/02\/18\/nunes-se-manifesta-a-favor-da-reducao-da-maioridade-penal-sabem-o-que-estao-fazendo\/"},"modified":"2025-02-18T20:52:31","modified_gmt":"2025-02-18T20:52:31","slug":"nunes-se-manifesta-a-favor-da-reducao-da-maioridade-penal-sabem-o-que-estao-fazendo","status":"publish","type":"post","link":"https:\/\/tvbrazilusa.com\/pt\/2025\/02\/18\/nunes-se-manifesta-a-favor-da-reducao-da-maioridade-penal-sabem-o-que-estao-fazendo\/","title":{"rendered":"Nunes se manifesta a favor da redu\u00e7\u00e3o da maioridade penal: &#8216;Sabem o que est\u00e3o fazendo&#8217;"},"content":{"rendered":"<p> <script async src=\"https:\/\/pagead2.googlesyndication.com\/pagead\/js\/adsbygoogle.js?client=ca-pub-8864793242727901\"\r\n     crossorigin=\"anonymous\"><\/script><br \/>\n<\/p>\n<div id=\"taboola-read-more\" style=\"display:block; width:100%\">\n<p>O prefeito de S\u00e3o Paulo, Ricardo Nunes (MDB), defendeu nesta ter\u00e7a-feira (18\/2) a redu\u00e7\u00e3o da maioridade penal e afirmou que pessoas com 16 anos \u201cj\u00e1 sabem o que est\u00e3o fazendo\u201d.\n<\/p>\n<p><strong>\u201cPrecisamos ter a redu\u00e7\u00e3o da maioridade penal. \u00c9 preciso voltar a discutir esse tema. Hoje quem tem 16 anos j\u00e1 sabe muito bem o que est\u00e1 fazendo da vida, sabe muito bem quais s\u00e3o as consequ\u00eancias dos seus atos e tem que pagar e responder por isso\u201d, afirmou Nunes durante agenda p\u00fablica em que entregou apartamentos na zona sul de S\u00e3o Paulo.<\/strong><\/p>\n<p>Nunes foi questionado sobre os recentes casos de viol\u00eancia na capital e a sensa\u00e7\u00e3o de inseguran\u00e7a da popula\u00e7\u00e3o.\n<\/p>\n<p>Na \u00faltima quinta-feira (13\/2), um ciclista foi baleado e morto durante um assalto em frente ao Parque do Povo, no Itaim Bibi, bairro nobre da cidade. J\u00e1 no s\u00e1bado (15\/2), uma mulher de 67 anos foi agredida por dois assaltantes quando caminhava no Parque Continental, na zona oeste de S\u00e3o Paulo.\n<\/p>\n<p><strong>\u201cRigidez na legisla\u00e7\u00e3o\u201d<\/strong><br \/>\u201cA gente precisa ter, por parte do Congresso Nacional, mais rigidez na legisla\u00e7\u00e3o. Temos que ser implac\u00e1veis contra a bandidagem. Lugar de bandido \u00e9 na cadeia e n\u00e3o atrapalhando e eliminando a vida das pessoas\u201d, afirmou o prefeito, citando tamb\u00e9m n\u00fameros de redu\u00e7\u00e3o de roubos na cidade e a quantidade de foragidos capturados pelo programa Smart Sampa.\n<\/p>\n<p>A redu\u00e7\u00e3o da maioridade penal \u00e9 criticada por especialistas em direitos humanos, que apontam que a medida pode gerar encarceramento em massa de adolescentes e dificultar a ressocializa\u00e7\u00e3o dos jovens.\n<\/p>\n<p>Fonte: Metr\u00f3poles              <\/p>\n<\/div>\n<p><br \/>\n<br \/><a href=\"https:\/\/diariodobrasilnoticias.com.br\/noticia\/nunes-se-manifesta-a-favor-da-reducao-da-maioridade-penal-sabem-o-que-estao-fazendo-67b4d69c13764\">Source link <\/a><\/p>","protected":false},"excerpt":{"rendered":"<p>O prefeito de S\u00e3o Paulo, Ricardo Nunes (MDB), defendeu nesta ter\u00e7a-feira (18\/2) a redu\u00e7\u00e3o da maioridade penal e afirmou que pessoas com 16 anos \u201cj\u00e1 sabem o que est\u00e3o fazendo\u201d.&hellip;<\/p>","protected":false},"author":1,"featured_media":104258,"comment_status":"closed","ping_status":"open","sticky":false,"template":"","format":"standard","meta":{"content-type":"","footnotes":""},"categories":[16],"tags":[123,2448,5313,1267],"class_list":["post-104257","post","type-post","status-publish","format-standard","has-post-thumbnail","hentry","category-noticias","tag-brasil","tag-diario","tag-noticia","tag-noticias"],"_links":{"self":[{"href":"https:\/\/tvbrazilusa.com\/pt\/wp-json\/wp\/v2\/posts\/104257","targetHints":{"allow":["GET"]}}],"collection":[{"href":"https:\/\/tvbrazilusa.com\/pt\/wp-json\/wp\/v2\/posts"}],"about":[{"href":"https:\/\/tvbrazilusa.com\/pt\/wp-json\/wp\/v2\/types\/post"}],"author":[{"embeddable":true,"href":"https:\/\/tvbrazilusa.com\/pt\/wp-json\/wp\/v2\/users\/1"}],"replies":[{"embeddable":true,"href":"https:\/\/tvbrazilusa.com\/pt\/wp-json\/wp\/v2\/comments?post=104257"}],"version-history":[{"count":1,"href":"https:\/\/tvbrazilusa.com\/pt\/wp-json\/wp\/v2\/posts\/104257\/revisions"}],"predecessor-version":[{"id":104259,"href":"https:\/\/tvbrazilusa.com\/pt\/wp-json\/wp\/v2\/posts\/104257\/revisions\/104259"}],"wp:featuredmedia":[{"embeddable":true,"href":"https:\/\/tvbrazilusa.com\/pt\/wp-json\/wp\/v2\/media\/104258"}],"wp:attachment":[{"href":"https:\/\/tvbrazilusa.com\/pt\/wp-json\/wp\/v2\/media?parent=104257"}],"wp:term":[{"taxonomy":"category","embeddable":true,"href":"https:\/\/tvbrazilusa.com\/pt\/wp-json\/wp\/v2\/categories?post=104257"},{"taxonomy":"post_tag","embeddable":true,"href":"https:\/\/tvbrazilusa.com\/pt\/wp-json\/wp\/v2\/tags?post=104257"}],"curies":[{"name":"wp","href":"https:\/\/api.w.org\/{rel}","templated":true}]}}