{"id":104266,"date":"2025-02-18T21:15:06","date_gmt":"2025-02-18T21:15:06","guid":{"rendered":"https:\/\/tvbrazilusa.com\/2025\/02\/18\/urgente-incendio-atinge-parte-dos-estudios-globo-e-causa-tensao-na-emissora\/"},"modified":"2025-02-18T21:15:07","modified_gmt":"2025-02-18T21:15:07","slug":"urgente-incendio-atinge-parte-dos-estudios-globo-e-causa-tensao-na-emissora","status":"publish","type":"post","link":"https:\/\/tvbrazilusa.com\/pt\/2025\/02\/18\/urgente-incendio-atinge-parte-dos-estudios-globo-e-causa-tensao-na-emissora\/","title":{"rendered":"URGENTE: Inc\u00eandio atinge parte dos Est\u00fadios Globo e causa tens\u00e3o na emissora"},"content":{"rendered":"<p> <script async src=\"https:\/\/pagead2.googlesyndication.com\/pagead\/js\/adsbygoogle.js?client=ca-pub-8864793242727901\"\r\n     crossorigin=\"anonymous\"><\/script><br \/>\n<\/p>\n<div id=\"taboola-read-more\" style=\"display:block; width:100%\">\n<p>Na tarde desta ter\u00e7a-feira (18\/2), parte dos Est\u00fadios Globo sofreu com um forte inc\u00eandio, no Rio de Janeiro. N\u00e3o \u00e9 a primeira vez que o acidente ocorre no complexo, onde novelas s\u00e3o gravadas e programas de entretenimento. Do lado de fora do antigo Projac, localizado na Curicica, era poss\u00edvel ver o fogo e a fuma\u00e7a, causando grande preocupa\u00e7\u00e3o nos moradores e carros que passavam pela regi\u00e3o na Zona Oeste. O portal LeoDias procurou a assessoria da emissora que adiantou que n\u00e3o h\u00e1 feridos.\n<\/p>\n<p>O foco do fogo que se alastrou foi no MG4, conjunto de 3 novos est\u00fadios da Globo, sendo assim o mesmo precisou ser esvaziado \u00e0s pressas. L\u00e1 ficam os cen\u00e1rios de \u201cDona de Mim\u201d, pr\u00f3xima aposta na teledramaturgia com Clara Moneke como protagonista.<\/p>\n<p><strong>Comunicado<\/strong><br \/>\u201cInc\u00eandio sem feridos em cen\u00e1rio da novela .Dona de Mim\u2019. Est\u00e1 sendo combatido pelo 12\u00ba Batalh\u00e3o do Corpo de Bombeiros, com o apoio da Brigada da Globo, um inc\u00eandio na cidade cenogr\u00e1fica de Dona de Mim, pr\u00f3xima novela das sete da TV Globo, nos Est\u00fadios Globo, no Rio de Janeiro. N\u00e3o havia grava\u00e7\u00e3o no local no momento e n\u00e3o h\u00e1 feridos\u201d.\n<\/p>\n<p>O Corpo de Bombeiros confirmou que cerca de 40 militares das 7 unidades est\u00e3o atuando na ocorr\u00eancia, contando com apoio de 13 viaturas e tamb\u00e9m os drones da corpora\u00e7\u00e3o com c\u00e2mera t\u00e9rmica.\n<\/p>\n<p>N\u00e3o \u00e9 a primeira vez\u2026<br \/>Infelizmente, outro inc\u00eandio j\u00e1 atingiu o ve\u00edculo de comunica\u00e7\u00e3o, dando o que falar anteriormente. No ano de 2022, parte do cen\u00e1rio da novela \u201cTodas as Flores\u201d, foi destru\u00eddo. As chamas de grandes propor\u00e7\u00f5es dominaram a loja fict\u00edcia intitulada Rhodes. A mesma era loca\u00e7\u00e3o importante para as cenas da trama escrita por Jo\u00e3o Emanuel Carneiro, com Regina Cas\u00e9 e Let\u00edcia Colin como protagonistas. Quando o susto veio \u00e0 tona, a Globo se manifestou: \u201cN\u00e3o havia profissionais no local no momento do inc\u00eandio e n\u00e3o houve feridos. O fogo foi controlado pela Brigada de Inc\u00eandio da Globo e por bombeiros do 12\u00ba Batalh\u00e3o do Corpo de Bombeiros, que ainda est\u00e3o no local. As causas ainda est\u00e3o sendo apuradas\u201d.\n<\/p>\n<p>Fonte: Portal Leo Dias              <\/p>\n<\/div>\n<p><br \/>\n<br \/><a href=\"https:\/\/diariodobrasilnoticias.com.br\/noticia\/urgente-incendio-atinge-parte-dos-estudios-globo-e-causa-tensao-na-emissora-67b4d7d550440\">Source link <\/a><\/p>","protected":false},"excerpt":{"rendered":"<p>Na tarde desta ter\u00e7a-feira (18\/2), parte dos Est\u00fadios Globo sofreu com um forte inc\u00eandio, no Rio de Janeiro. N\u00e3o \u00e9 a primeira vez que o acidente ocorre no complexo, onde&hellip;<\/p>","protected":false},"author":1,"featured_media":104267,"comment_status":"closed","ping_status":"open","sticky":false,"template":"","format":"standard","meta":{"content-type":"","footnotes":""},"categories":[16],"tags":[123,2448,5313,1267],"class_list":["post-104266","post","type-post","status-publish","format-standard","has-post-thumbnail","hentry","category-noticias","tag-brasil","tag-diario","tag-noticia","tag-noticias"],"_links":{"self":[{"href":"https:\/\/tvbrazilusa.com\/pt\/wp-json\/wp\/v2\/posts\/104266","targetHints":{"allow":["GET"]}}],"collection":[{"href":"https:\/\/tvbrazilusa.com\/pt\/wp-json\/wp\/v2\/posts"}],"about":[{"href":"https:\/\/tvbrazilusa.com\/pt\/wp-json\/wp\/v2\/types\/post"}],"author":[{"embeddable":true,"href":"https:\/\/tvbrazilusa.com\/pt\/wp-json\/wp\/v2\/users\/1"}],"replies":[{"embeddable":true,"href":"https:\/\/tvbrazilusa.com\/pt\/wp-json\/wp\/v2\/comments?post=104266"}],"version-history":[{"count":1,"href":"https:\/\/tvbrazilusa.com\/pt\/wp-json\/wp\/v2\/posts\/104266\/revisions"}],"predecessor-version":[{"id":104268,"href":"https:\/\/tvbrazilusa.com\/pt\/wp-json\/wp\/v2\/posts\/104266\/revisions\/104268"}],"wp:featuredmedia":[{"embeddable":true,"href":"https:\/\/tvbrazilusa.com\/pt\/wp-json\/wp\/v2\/media\/104267"}],"wp:attachment":[{"href":"https:\/\/tvbrazilusa.com\/pt\/wp-json\/wp\/v2\/media?parent=104266"}],"wp:term":[{"taxonomy":"category","embeddable":true,"href":"https:\/\/tvbrazilusa.com\/pt\/wp-json\/wp\/v2\/categories?post=104266"},{"taxonomy":"post_tag","embeddable":true,"href":"https:\/\/tvbrazilusa.com\/pt\/wp-json\/wp\/v2\/tags?post=104266"}],"curies":[{"name":"wp","href":"https:\/\/api.w.org\/{rel}","templated":true}]}}