{"id":104269,"date":"2025-02-18T21:26:48","date_gmt":"2025-02-18T21:26:48","guid":{"rendered":"https:\/\/tvbrazilusa.com\/2025\/02\/18\/nova-lei-permite-que-idosos-gastem-muito-menos-ao-adquirir-carros\/"},"modified":"2025-02-18T21:26:51","modified_gmt":"2025-02-18T21:26:51","slug":"nova-lei-permite-que-idosos-gastem-muito-menos-ao-adquirir-carros","status":"publish","type":"post","link":"https:\/\/tvbrazilusa.com\/pt\/2025\/02\/18\/nova-lei-permite-que-idosos-gastem-muito-menos-ao-adquirir-carros\/","title":{"rendered":"Nova lei permite que idosos gastem muito menos ao adquirir carros"},"content":{"rendered":"<p> <script async src=\"https:\/\/pagead2.googlesyndication.com\/pagead\/js\/adsbygoogle.js?client=ca-pub-8864793242727901\"\r\n     crossorigin=\"anonymous\"><\/script><br \/>\n<\/p>\n<div id=\"taboola-read-more\" style=\"display:block; width:100%\">\n<p>No Brasil de 2024, uma proposta legislativa busca transformar o mercado automotivo ao oferecer isen\u00e7\u00e3o do Imposto sobre Produtos Industrializados (IPI) para pessoas com 60 anos ou mais. A ideia, que surgiu atrav\u00e9s do Projeto de Lei 2937\/2020, ainda aguarda delibera\u00e7\u00e3o na C\u00e2mara dos Deputados. Se aprovada, a medida permitir\u00e1 que idosos adquiram ve\u00edculos novos a cada cinco anos sem a carga tribut\u00e1ria do IPI.\n<\/p>\n<p>Al\u00e9m de beneficiar financeiramente os idosos, a proposta visa dar um impulso consider\u00e1vel ao setor automotivo, estimulando a circula\u00e7\u00e3o de ve\u00edculos novos. Este impacto poderia se traduzir em mais empregos e avan\u00e7os na ind\u00fastria, fortalecendo um dos pilares econ\u00f4micos do Brasil.<\/p>\n<p><strong>Como a isen\u00e7\u00e3o de IPI poder\u00e1 impactar o setor automotivo?<\/strong><br \/>Com a poss\u00edvel isen\u00e7\u00e3o de IPI para idosos, espera-se um incremento significativo nas vendas de autom\u00f3veis novos. Atualmente, o mercado brasileiro j\u00e1 contempla algumas isen\u00e7\u00f5es fiscais espec\u00edficas, voltadas para pessoas com defici\u00eancia e condi\u00e7\u00f5es m\u00e9dicas especiais.\n<\/p>\n<p>Expandir a isen\u00e7\u00e3o para incluir idosos n\u00e3o s\u00f3 aliviaria financeiramente este grupo, como representaria um reconhecimento de sua import\u00e2ncia social, al\u00e9m de potencializar a produ\u00e7\u00e3o e o consumo no setor automotivo. Este ciclo de demandas geraria novas oportunidades de emprego e inova\u00e7\u00e3o tecnol\u00f3gica.\n<\/p>\n<p>Quais grupos j\u00e1 s\u00e3o beneficiados por isen\u00e7\u00f5es de IPI?<br \/>No presente cen\u00e1rio, a isen\u00e7\u00e3o do IPI beneficia primariamente pessoas com defici\u00eancia e determinadas condi\u00e7\u00f5es de sa\u00fade, como hepatite C. A proposta de inclus\u00e3o de idosos como benefici\u00e1rios dessa isen\u00e7\u00e3o almeja ampliar os benef\u00edcios da legisla\u00e7\u00e3o existente ao abordar uma necessidade crescente em uma sociedade que envelhece.\n<\/p>\n<ul>\n<li>Aumentar a mobilidade e autonomia para idosos.<\/li>\n<li>Promover maior integra\u00e7\u00e3o desses indiv\u00edduos na vida econ\u00f4mica e social.<\/li>\n<li>Fomentar uma transforma\u00e7\u00e3o na percep\u00e7\u00e3o do envelhecimento, promovendo apoio governamental sustent\u00e1vel.<\/li>\n<\/ul>\n<p><strong>Como acompanhar o desenvolvimento do Projeto de Lei?<\/strong><br \/>Aqueles interessados em acompanhar o progresso do projeto de isen\u00e7\u00e3o de IPI para idosos devem se manter informados atrav\u00e9s dos canais oficiais da C\u00e2mara dos Deputados. Monitorar as atividades legislativas \u00e9 essencial para exercer a cidadania ativa, participando em debates que influenciam a sociedade.\n<\/p>\n<p>Essa atividade permite que o p\u00fablico influencie decis\u00f5es que impactam diretamente a vida dos idosos, garantindo que as pol\u00edticas sejam desenvolvidas de maneira abrangente e inclusiva.\n<\/p>\n<p><strong>Quais seriam as consequ\u00eancias da aprova\u00e7\u00e3o da Isen\u00e7\u00e3o?<\/strong><br \/>A aprova\u00e7\u00e3o dessa iniciativa legislativa pode levar a v\u00e1rias consequ\u00eancias positivas. Primeiramente, ela daria mais autonomia aos idosos, permitindo que eles adquirissem ve\u00edculos novos com mais facilidade financeira. Essa mobilidade melhorada poderia representar um salto na qualidade de vida para muitos.\n<\/p>\n<p>No n\u00edvel macro, o setor automotivo poderia experimentar um renascimento com o aumento nas vendas. Esse efeito multiplicador, enraizado em um mix de pol\u00edticas sociais e crescimento econ\u00f4mico, exemplifica como legisla\u00e7\u00f5es bem-feitas t\u00eam o potencial de transformar tanto a vida individual quanto o ambiente econ\u00f4mico.\n<\/p>\n<p>Fonte: Terra Not\u00edcias              <\/p>\n<\/div>\n<p><br \/>\n<br \/><a href=\"https:\/\/diariodobrasilnoticias.com.br\/noticia\/nova-lei-permite-que-idosos-gastem-muito-menos-ao-adquirir-carros-67b4d73f1ad87\">Source link <\/a><\/p>","protected":false},"excerpt":{"rendered":"<p>No Brasil de 2024, uma proposta legislativa busca transformar o mercado automotivo ao oferecer isen\u00e7\u00e3o do Imposto sobre Produtos Industrializados (IPI) para pessoas com 60 anos ou mais. A ideia,&hellip;<\/p>","protected":false},"author":1,"featured_media":104270,"comment_status":"closed","ping_status":"open","sticky":false,"template":"","format":"standard","meta":{"content-type":"","footnotes":""},"categories":[16],"tags":[123,2448,5313,1267],"class_list":["post-104269","post","type-post","status-publish","format-standard","has-post-thumbnail","hentry","category-noticias","tag-brasil","tag-diario","tag-noticia","tag-noticias"],"_links":{"self":[{"href":"https:\/\/tvbrazilusa.com\/pt\/wp-json\/wp\/v2\/posts\/104269","targetHints":{"allow":["GET"]}}],"collection":[{"href":"https:\/\/tvbrazilusa.com\/pt\/wp-json\/wp\/v2\/posts"}],"about":[{"href":"https:\/\/tvbrazilusa.com\/pt\/wp-json\/wp\/v2\/types\/post"}],"author":[{"embeddable":true,"href":"https:\/\/tvbrazilusa.com\/pt\/wp-json\/wp\/v2\/users\/1"}],"replies":[{"embeddable":true,"href":"https:\/\/tvbrazilusa.com\/pt\/wp-json\/wp\/v2\/comments?post=104269"}],"version-history":[{"count":1,"href":"https:\/\/tvbrazilusa.com\/pt\/wp-json\/wp\/v2\/posts\/104269\/revisions"}],"predecessor-version":[{"id":104271,"href":"https:\/\/tvbrazilusa.com\/pt\/wp-json\/wp\/v2\/posts\/104269\/revisions\/104271"}],"wp:featuredmedia":[{"embeddable":true,"href":"https:\/\/tvbrazilusa.com\/pt\/wp-json\/wp\/v2\/media\/104270"}],"wp:attachment":[{"href":"https:\/\/tvbrazilusa.com\/pt\/wp-json\/wp\/v2\/media?parent=104269"}],"wp:term":[{"taxonomy":"category","embeddable":true,"href":"https:\/\/tvbrazilusa.com\/pt\/wp-json\/wp\/v2\/categories?post=104269"},{"taxonomy":"post_tag","embeddable":true,"href":"https:\/\/tvbrazilusa.com\/pt\/wp-json\/wp\/v2\/tags?post=104269"}],"curies":[{"name":"wp","href":"https:\/\/api.w.org\/{rel}","templated":true}]}}