{"id":104287,"date":"2025-02-18T22:19:09","date_gmt":"2025-02-18T22:19:09","guid":{"rendered":"https:\/\/tvbrazilusa.com\/2025\/02\/18\/segundo-bolsonaro-a-lei-da-ficha-limpa-e-um-instrumento-para-perseguir-a-direita\/"},"modified":"2025-02-18T22:19:10","modified_gmt":"2025-02-18T22:19:10","slug":"segundo-bolsonaro-a-lei-da-ficha-limpa-e-um-instrumento-para-perseguir-a-direita","status":"publish","type":"post","link":"https:\/\/tvbrazilusa.com\/pt\/2025\/02\/18\/segundo-bolsonaro-a-lei-da-ficha-limpa-e-um-instrumento-para-perseguir-a-direita\/","title":{"rendered":"Segundo Bolsonaro, a Lei da Ficha Limpa \u00e9 um instrumento para perseguir a direita"},"content":{"rendered":"<p> <script async src=\"https:\/\/pagead2.googlesyndication.com\/pagead\/js\/adsbygoogle.js?client=ca-pub-8864793242727901\"\r\n     crossorigin=\"anonymous\"><\/script><br \/>\n<\/p>\n<div id=\"taboola-read-more\" style=\"display:block; width:100%\">\n<p>\u00c0s v\u00e9speras de uma resposta da Procuradoria-Geral da Rep\u00fablica (PGR), sobre a investiga\u00e7\u00e3o de um suposto plano de golpe articulado durante o mandato de Jair Bolsonaro (PL), o ex-presidente afirmou nesta ter\u00e7a-feira (18) que a Lei da Ficha Limpa \u201c\u00e9 usada para perseguir a direita\u201d.\n<\/p>\n<p>\u201cN\u00e3o \u00e9 anistia o meu caso, o meu caso \u00e9 mudar a Lei da Ficha Limpa. O pessoal est\u00e1 entendendo que a Lei da Ficha Limpa \u00e9 usada para perseguir a direita, s\u00f3 isso\u201d, disse Bolsonaro ap\u00f3s um almo\u00e7o com parlamentares l\u00edderes da oposi\u00e7\u00e3o.<\/p>\n<p>Indiciado em tr\u00eas crimes diferentes e ineleg\u00edvel at\u00e9 2030, o ex-presidente pode ser denunciado pela Procuradoria-Geral da Rep\u00fablica nas pr\u00f3ximas semanas.\n<\/p>\n<p>Como tentativa de reverter a situa\u00e7\u00e3o jur\u00eddica do ex-mandat\u00e1rio, a oposi\u00e7\u00e3o no Congresso Nacional quer mudan\u00e7as na norma da Ficha Limpa, para tentar torn\u00e1-lo eleg\u00edvel novamente.\n<\/p>\n<p>Um projeto de lei complementar apresentado pelo deputado Bibo Nunes (PL-RS), por exemplo, diminui o tempo que um candidato precisa ficar sem disputar elei\u00e7\u00f5es.\n<\/p>\n<p>Como compara\u00e7\u00e3o ao cen\u00e1rio brasileiro, o ex-presidente citou que os Estados Unidos n\u00e3o tem Lei da Ficha Limpa, \u201cse tivesse, o Trump estaria ineleg\u00edvel\u201d, argumentou.\n<\/p>\n<p>De acordo com uma apura\u00e7\u00e3o da CNN, o Supremo Tribunal Federal (STF), tende a barrar eventuais mudan\u00e7as na norma, que venham a ser, eventualmente, aprovadas pelo Congresso. Ministros do Supremo veem pouca chance de Bolsonaro conseguir reverter a situa\u00e7\u00e3o para poder disputar a pr\u00f3xima elei\u00e7\u00e3o presidencial.\n<\/p>\n<p>Fonte: CNN Brasil              <\/p>\n<\/div>\n<p><br \/>\n<br \/><a href=\"https:\/\/diariodobrasilnoticias.com.br\/noticia\/segundo-bolsonaro-a-lei-da-ficha-limpa-e-um-instrumento-para-perseguir-a-direita-67b4e2fd0ab75\">Source link <\/a><\/p>","protected":false},"excerpt":{"rendered":"<p>\u00c0s v\u00e9speras de uma resposta da Procuradoria-Geral da Rep\u00fablica (PGR), sobre a investiga\u00e7\u00e3o de um suposto plano de golpe articulado durante o mandato de Jair Bolsonaro (PL), o ex-presidente afirmou&hellip;<\/p>","protected":false},"author":1,"featured_media":104288,"comment_status":"closed","ping_status":"open","sticky":false,"template":"","format":"standard","meta":{"content-type":"","footnotes":""},"categories":[16],"tags":[123,2448,5313,1267],"class_list":["post-104287","post","type-post","status-publish","format-standard","has-post-thumbnail","hentry","category-noticias","tag-brasil","tag-diario","tag-noticia","tag-noticias"],"_links":{"self":[{"href":"https:\/\/tvbrazilusa.com\/pt\/wp-json\/wp\/v2\/posts\/104287","targetHints":{"allow":["GET"]}}],"collection":[{"href":"https:\/\/tvbrazilusa.com\/pt\/wp-json\/wp\/v2\/posts"}],"about":[{"href":"https:\/\/tvbrazilusa.com\/pt\/wp-json\/wp\/v2\/types\/post"}],"author":[{"embeddable":true,"href":"https:\/\/tvbrazilusa.com\/pt\/wp-json\/wp\/v2\/users\/1"}],"replies":[{"embeddable":true,"href":"https:\/\/tvbrazilusa.com\/pt\/wp-json\/wp\/v2\/comments?post=104287"}],"version-history":[{"count":1,"href":"https:\/\/tvbrazilusa.com\/pt\/wp-json\/wp\/v2\/posts\/104287\/revisions"}],"predecessor-version":[{"id":104289,"href":"https:\/\/tvbrazilusa.com\/pt\/wp-json\/wp\/v2\/posts\/104287\/revisions\/104289"}],"wp:featuredmedia":[{"embeddable":true,"href":"https:\/\/tvbrazilusa.com\/pt\/wp-json\/wp\/v2\/media\/104288"}],"wp:attachment":[{"href":"https:\/\/tvbrazilusa.com\/pt\/wp-json\/wp\/v2\/media?parent=104287"}],"wp:term":[{"taxonomy":"category","embeddable":true,"href":"https:\/\/tvbrazilusa.com\/pt\/wp-json\/wp\/v2\/categories?post=104287"},{"taxonomy":"post_tag","embeddable":true,"href":"https:\/\/tvbrazilusa.com\/pt\/wp-json\/wp\/v2\/tags?post=104287"}],"curies":[{"name":"wp","href":"https:\/\/api.w.org\/{rel}","templated":true}]}}