{"id":10429,"date":"2024-07-28T05:03:16","date_gmt":"2024-07-28T05:03:16","guid":{"rendered":"https:\/\/tvbrazilusa.com\/2024\/07\/28\/republicanos-de-wisconsin-pedem-aos-eleitores-que-retirem-o-poder-do-governador-de-gastar-dinheiro-federal\/"},"modified":"2024-07-28T06:06:00","modified_gmt":"2024-07-28T06:06:00","slug":"republicanos-de-wisconsin-pedem-aos-eleitores-que-retirem-o-poder-do-governador-de-gastar-dinheiro-federal","status":"publish","type":"post","link":"https:\/\/tvbrazilusa.com\/pt\/2024\/07\/28\/republicanos-de-wisconsin-pedem-aos-eleitores-que-retirem-o-poder-do-governador-de-gastar-dinheiro-federal\/","title":{"rendered":"Republicanos de Wisconsin pedem aos eleitores que retirem o poder do governador de gastar dinheiro federal"},"content":{"rendered":"<script async src=\"https:\/\/pagead2.googlesyndication.com\/pagead\/js\/adsbygoogle.js?client=ca-pub-8864793242727901\"\r\n     crossorigin=\"anonymous\"><\/script>\n<div id=\"\">\n<p class=\"dist__Box-sc-1fnzlkn-0 dist__TextBase-sc-1fnzlkn-3 CGHCP htMUPQ article-text\">Os republicanos de Wisconsin est\u00e3o pedindo aos eleitores que retirem o poder do governador de gastar unilateralmente dinheiro federal, uma rea\u00e7\u00e3o aos bilh\u00f5es de d\u00f3lares que flu\u00edram para o estado durante a pandemia de COVID-19.<\/p>\n<p class=\"dist__Box-sc-1fnzlkn-0 dist__TextBase-sc-1fnzlkn-3 CGHCP htMUPQ article-text\">O governador democrata Tony Evers estava livre para gastar a maior parte desse dinheiro como quisesse, direcionando a maior parte para pequenas empresas e desenvolvimento econ\u00f4mico, irritando os republicanos que argumentavam que o Legislativo deveria ter supervis\u00e3o. <\/p>\n<p class=\"dist__Box-sc-1fnzlkn-0 dist__TextBase-sc-1fnzlkn-3 CGHCP htMUPQ article-text\">\u00c9 o que aconteceria sob um par de emendas constitucionais relacionadas para aprova\u00e7\u00e3o do eleitor na elei\u00e7\u00e3o prim\u00e1ria de 13 de agosto. As mudan\u00e7as se aplicariam a Evers e a todos os futuros governadores e cobririam qualquer dinheiro federal para o estado que venha sem requisitos de gastos espec\u00edficos, geralmente em resposta a desastres ou outras emerg\u00eancias.<\/p>\n<p class=\"dist__Box-sc-1fnzlkn-0 dist__TextBase-sc-1fnzlkn-3 CGHCP htMUPQ article-text\">Democratas e outros oponentes est\u00e3o se mobilizando contra as emendas, chamando-as de uma tomada de poder legislativo que prejudicaria a capacidade dos governadores de responder rapidamente a um futuro desastre natural, crise econ\u00f4mica ou emerg\u00eancia de sa\u00fade.<\/p>\n<p class=\"dist__Box-sc-1fnzlkn-0 dist__TextBase-sc-1fnzlkn-3 CGHCP htMUPQ article-text\">Se as emendas forem aprovadas, o governo de Wisconsin \u201cse tornar\u00e1 ainda mais disfuncional\u201d, disse Julie Keown-Bomar, diretora executiva do Wisconsin Farmers Union. <\/p>\n<p class=\"dist__Box-sc-1fnzlkn-0 dist__TextBase-sc-1fnzlkn-3 CGHCP htMUPQ article-text\">\u201cOs moradores de Wisconsin est\u00e3o muito cansados \u200b\u200bde andar no trem da loucura partid\u00e1ria, mas \u00e9 crucial que compare\u00e7amos \u00e0s urnas e votemos &#39;n\u00e3o&#39; a \u200b\u200bessas mudan\u00e7as, pois elas s\u00f3 nos far\u00e3o sair ainda mais dos trilhos\u201d, disse ela em um comunicado.<\/p>\n<p class=\"dist__Box-sc-1fnzlkn-0 dist__TextBase-sc-1fnzlkn-3 CGHCP htMUPQ article-text\">Mas os republicanos e outros apoiadores dizem que \u00e9 uma verifica\u00e7\u00e3o necess\u00e1ria do poder atual do governador, que eles dizem ser muito amplo.<\/p>\n<p class=\"dist__Box-sc-1fnzlkn-0 dist__TextBase-sc-1fnzlkn-3 CGHCP htMUPQ article-text\">As mudan\u00e7as aumentam \u201ca responsabiliza\u00e7\u00e3o, a efici\u00eancia e a transpar\u00eancia\u201d, disse o senador estadual republicano Howard Marklein, co-patrocinador da iniciativa, em uma audi\u00eancia legislativa.<\/p>\n<p class=\"dist__Box-sc-1fnzlkn-0 dist__TextBase-sc-1fnzlkn-3 CGHCP htMUPQ article-text\">As duas quest\u00f5es, que foram propostas como uma \u00fanica emenda e ent\u00e3o separadas na vota\u00e7\u00e3o, passaram pela Legislatura controlada pelo GOP duas vezes, conforme exigido por lei. A aprova\u00e7\u00e3o do eleitor \u00e9 necess\u00e1ria antes que elas sejam adicionadas \u00e0 constitui\u00e7\u00e3o estadual. O governador n\u00e3o tem poder de veto sobre emendas constitucionais.<\/p>\n<p class=\"dist__Box-sc-1fnzlkn-0 dist__TextBase-sc-1fnzlkn-3 CGHCP htMUPQ article-text\">A vota\u00e7\u00e3o antecipada presencial para a elei\u00e7\u00e3o de 13 de agosto come\u00e7a na ter\u00e7a-feira em todo o estado e vai at\u00e9 11 de agosto. Os locais e hor\u00e1rios para vota\u00e7\u00e3o antecipada variam. <\/p>\n<p class=\"dist__Box-sc-1fnzlkn-0 dist__TextBase-sc-1fnzlkn-3 CGHCP htMUPQ article-text\">Os republicanos de Wisconsin t\u00eam cada vez mais <a href=\"https:\/\/apnews.com\/article\/politics-wisconsin-state-government-tony-evers-f218aea6be02b7ae932114efe8c94cc0\">virou-se para os eleitores<\/a> para aprovar emendas constitucionais como uma forma de contornar os vetos de Evers. Na metade de seu segundo mandato, Evers vetou mais projetos de lei do que qualquer governador na hist\u00f3ria de Wisconsin.<\/p>\n<p class=\"dist__Box-sc-1fnzlkn-0 dist__TextBase-sc-1fnzlkn-3 CGHCP htMUPQ article-text\">Em abril, os eleitores aprovaram emendas para proibir o uso de dinheiro privado para realizar elei\u00e7\u00f5es e reafirmar que apenas funcion\u00e1rios eleitorais podem trabalhar nas urnas. Em novembro, uma emenda na c\u00e9dula busca esclarecer que apenas cidad\u00e3os dos EUA podem votar em elei\u00e7\u00f5es locais.<\/p>\n<p class=\"dist__Box-sc-1fnzlkn-0 dist__TextBase-sc-1fnzlkn-3 CGHCP htMUPQ article-text\">Os republicanos colocaram essa quest\u00e3o na c\u00e9dula prim\u00e1ria de agosto, a primeira vez que uma emenda constitucional foi inclu\u00edda naquela elei\u00e7\u00e3o, onde a participa\u00e7\u00e3o foi muito menor do que em novembro.<\/p>\n<p class=\"dist__Box-sc-1fnzlkn-0 dist__TextBase-sc-1fnzlkn-3 CGHCP htMUPQ article-text\">O esfor\u00e7o para conter o poder de gasto do governador tamb\u00e9m ocorre em meio a lutas cont\u00ednuas entre republicanos e Evers sobre a extens\u00e3o da autoridade legislativa. Evers em julho <a href=\"https:\/\/apnews.com\/article\/wisconsin-governor-republicans-conservation-62c6bea0ded016d356cbd3a4491ae0e1\">ganhou um caso<\/a> na Suprema Corte de Wisconsin que desafiou o poder que o comit\u00ea or\u00e7ament\u00e1rio do Legislativo controlado pelo Partido Republicano tinha sobre os gastos do programa de conserva\u00e7\u00e3o.<\/p>\n<p class=\"dist__Box-sc-1fnzlkn-0 dist__TextBase-sc-1fnzlkn-3 CGHCP htMUPQ article-text\">Os governadores de Wisconsin receberam o poder de decidir como gastar o dinheiro federal pela Legislatura em 1931, durante a Grande Depress\u00e3o. <a href=\"https:\/\/docs.legis.wisconsin.gov\/misc\/lrb\/lrb_reports\/2021_enrolled_joint_resolution_14_6_3.pdf\">de acordo com um relat\u00f3rio<\/a> do Gabinete de Refer\u00eancia Legislativa.<\/p>\n<p class=\"dist__Box-sc-1fnzlkn-0 dist__TextBase-sc-1fnzlkn-3 CGHCP htMUPQ article-text\">\u201cOs tempos mudaram e o fluxo de d\u00f3lares federais exige uma abordagem diferente\u201d, disse o deputado republicano Robert Wittke, que patrocinou a emenda, em uma audi\u00eancia p\u00fablica.<\/p>\n<p class=\"dist__Box-sc-1fnzlkn-0 dist__TextBase-sc-1fnzlkn-3 CGHCP htMUPQ article-text\">Foi um poder que foi questionado durante a Grande Recess\u00e3o em 2008, outra \u00e9poca em que o estado recebeu um grande fluxo de ajuda federal.<\/p>\n<p class=\"dist__Box-sc-1fnzlkn-0 dist__TextBase-sc-1fnzlkn-3 CGHCP htMUPQ article-text\">Mas os apelos por mudan\u00e7as se intensificaram durante a pandemia da COVID-19, quando o governo federal entregou a Wisconsin US$ 5,7 bilh\u00f5es em aux\u00edlio entre mar\u00e7o de 2020 e junho de 2022 em al\u00edvio federal ao coronav\u00edrus. Apenas US$ 1,1 bilh\u00e3o veio com restri\u00e7\u00f5es sobre como poderia ser gasto. <\/p>\n<p class=\"dist__Box-sc-1fnzlkn-0 dist__TextBase-sc-1fnzlkn-3 CGHCP htMUPQ article-text\">A maior parte do dinheiro foi usada para subs\u00eddios de recupera\u00e7\u00e3o de pequenas empresas e governos locais, comprando suprimentos de sa\u00fade de emerg\u00eancia e pagando prestadores de servi\u00e7os de sa\u00fade para compensar os custos da pandemia.<\/p>\n<p class=\"dist__Box-sc-1fnzlkn-0 dist__TextBase-sc-1fnzlkn-3 CGHCP htMUPQ article-text\">Os republicanos pressionaram por mais supervis\u00e3o, mas Evers vetou um projeto de lei republicano em 2021 que exigiria que o governador enviasse um plano ao comit\u00ea de or\u00e7amento do Legislativo para aprova\u00e7\u00e3o.<\/p>\n<p class=\"dist__Box-sc-1fnzlkn-0 dist__TextBase-sc-1fnzlkn-3 CGHCP htMUPQ article-text\">Os republicanos aumentaram a press\u00e3o por mudan\u00e7as ap\u00f3s a divulga\u00e7\u00e3o de uma auditoria apartid\u00e1ria em 2022 que descobriu <a href=\"https:\/\/apnews.com\/article\/health-wisconsin-covid-government-and-politics-tony-evers-27f5fdc25b060df09bdb4931b1f0696e\">Evers n\u00e3o era transparente<\/a> sobre como ele decidiu para onde direcionar o dinheiro.<\/p>\n<p class=\"dist__Box-sc-1fnzlkn-0 dist__TextBase-sc-1fnzlkn-3 CGHCP htMUPQ article-text\">Uma emenda especifica que a Legislatura n\u00e3o pode delegar seu poder de decidir como o dinheiro \u00e9 gasto. A segunda pro\u00edbe o governador de gastar dinheiro federal sem aprova\u00e7\u00e3o legislativa.<\/p>\n<p class=\"dist__Box-sc-1fnzlkn-0 dist__TextBase-sc-1fnzlkn-3 CGHCP htMUPQ article-text\">Se aprovado, o Legislativo poderia aprovar regras que governassem como o dinheiro federal seria manuseado. Isso daria a eles a capacidade de mudar as regras com base em quem est\u00e1 servindo como governador ou no prop\u00f3sito do dinheiro federal.<\/p>\n<p class=\"dist__Box-sc-1fnzlkn-0 dist__TextBase-sc-1fnzlkn-3 CGHCP htMUPQ article-text\">Por exemplo, o Legislativo poderia permitir que os governadores gastassem dinheiro para aux\u00edlio a desastres sem aprova\u00e7\u00e3o, mas exigir que o restante do dinheiro fosse submetido primeiro aos legisladores.<\/p>\n<p class=\"dist__Box-sc-1fnzlkn-0 dist__TextBase-sc-1fnzlkn-3 CGHCP htMUPQ article-text\">Opondo-se \u00e0s medidas est\u00e3o grupos de direitos de voto, o Partido Democrata de Wisconsin e uma s\u00e9rie de outras organiza\u00e7\u00f5es liberais, incluindo aquelas que lutaram para anular os mapas legislativos elaborados pelos republicanos, a Liga das Mulheres Eleitoras de Wisconsin e a Wisconsin Faith Voices for Justice.<\/p>\n<p class=\"dist__Box-sc-1fnzlkn-0 dist__TextBase-sc-1fnzlkn-3 CGHCP htMUPQ article-text\">Wisconsin Manufacturers and Commerce, o maior grupo de lobby empresarial do estado, e o Badger Institute, um think tank conservador, foram os \u00fanicos grupos que se registraram em apoio na Assembleia Legislativa.<\/p>\n<\/div>\n<p>Copyright 2024 The Associated Press. Todos os direitos reservados. Este material n\u00e3o pode ser publicado, transmitido, reescrito ou redistribu\u00eddo sem permiss\u00e3o.<\/p>\n<p><br \/>\n<br \/><a href=\"https:\/\/www.clickorlando.com\/news\/politics\/2024\/07\/28\/wisconsin-republicans-ask-voters-to-take-away-governors-power-to-spend-federal-money\/\">Source link <\/a><\/p>","protected":false},"excerpt":{"rendered":"<p>Os republicanos de Wisconsin est\u00e3o pedindo aos eleitores que retirem o poder do governador de gastar unilateralmente dinheiro federal, uma rea\u00e7\u00e3o aos bilh\u00f5es de d\u00f3lares que flu\u00edram para o estado&hellip;<\/p>","protected":false},"author":1,"featured_media":10430,"comment_status":"closed","ping_status":"open","sticky":false,"template":"","format":"standard","meta":{"content-type":"","footnotes":""},"categories":[1],"tags":[1404,1408,1223,1411,93,3209],"class_list":["post-10429","post","type-post","status-publish","format-standard","has-post-thumbnail","hentry","category-uncategorized","tag-eleicao-presidencial-dos-estados-unidos-de-2024","tag-eleicoes","tag-negocios","tag-noticias-dos-eua","tag-politica","tag-tony-evers"],"_links":{"self":[{"href":"https:\/\/tvbrazilusa.com\/pt\/wp-json\/wp\/v2\/posts\/10429","targetHints":{"allow":["GET"]}}],"collection":[{"href":"https:\/\/tvbrazilusa.com\/pt\/wp-json\/wp\/v2\/posts"}],"about":[{"href":"https:\/\/tvbrazilusa.com\/pt\/wp-json\/wp\/v2\/types\/post"}],"author":[{"embeddable":true,"href":"https:\/\/tvbrazilusa.com\/pt\/wp-json\/wp\/v2\/users\/1"}],"replies":[{"embeddable":true,"href":"https:\/\/tvbrazilusa.com\/pt\/wp-json\/wp\/v2\/comments?post=10429"}],"version-history":[{"count":1,"href":"https:\/\/tvbrazilusa.com\/pt\/wp-json\/wp\/v2\/posts\/10429\/revisions"}],"predecessor-version":[{"id":10431,"href":"https:\/\/tvbrazilusa.com\/pt\/wp-json\/wp\/v2\/posts\/10429\/revisions\/10431"}],"wp:featuredmedia":[{"embeddable":true,"href":"https:\/\/tvbrazilusa.com\/pt\/wp-json\/wp\/v2\/media\/10430"}],"wp:attachment":[{"href":"https:\/\/tvbrazilusa.com\/pt\/wp-json\/wp\/v2\/media?parent=10429"}],"wp:term":[{"taxonomy":"category","embeddable":true,"href":"https:\/\/tvbrazilusa.com\/pt\/wp-json\/wp\/v2\/categories?post=10429"},{"taxonomy":"post_tag","embeddable":true,"href":"https:\/\/tvbrazilusa.com\/pt\/wp-json\/wp\/v2\/tags?post=10429"}],"curies":[{"name":"wp","href":"https:\/\/api.w.org\/{rel}","templated":true}]}}