{"id":104313,"date":"2025-02-18T23:27:53","date_gmt":"2025-02-18T23:27:53","guid":{"rendered":"https:\/\/tvbrazilusa.com\/2025\/02\/18\/bolsonaro-camara-ja-tem-quorum-para-aprovar-a-anistia\/"},"modified":"2025-02-18T23:27:55","modified_gmt":"2025-02-18T23:27:55","slug":"bolsonaro-camara-ja-tem-quorum-para-aprovar-a-anistia","status":"publish","type":"post","link":"https:\/\/tvbrazilusa.com\/pt\/2025\/02\/18\/bolsonaro-camara-ja-tem-quorum-para-aprovar-a-anistia\/","title":{"rendered":"Bolsonaro: &#8216;C\u00e2mara j\u00e1 tem qu\u00f3rum para aprovar a anistia&#8217;"},"content":{"rendered":"<p> <script async src=\"https:\/\/pagead2.googlesyndication.com\/pagead\/js\/adsbygoogle.js?client=ca-pub-8864793242727901\"\r\n     crossorigin=\"anonymous\"><\/script><br \/>\n<\/p>\n<div id=\"taboola-read-more\" style=\"display:block; width:100%\">\n<p>O ex-presidente Jair Bolsonaro (PL) considera que a C\u00e2mara dos Deputados tem qu\u00f3rum suficiente para aprovar a proposta de emenda \u00e0 Constitui\u00e7\u00e3o (PEC) que trata da anistia aos condenados pelo ataques do 8 de Janeiro.\n<\/p>\n<p>Nesta ter\u00e7a-feira (18\/2), o ex-presidente esteve no Senado Federal para um almo\u00e7o com l\u00edderes da oposi\u00e7\u00e3o no Congresso Nacional e falou com a imprensa ao fim da reuni\u00e3o.<\/p>\n<p><strong>\u201cHoje, conversando com parlamentares, como do PSD, sinto que a maioria votaria favor\u00e1vel [\u00e0 anistia]. Eu acho que na C\u00e2mara j\u00e1 tem qu\u00f3rum para aprovar a anistia\u201d, afirmou o ex-presidente a jornalistas ap\u00f3s a reuni\u00e3o.<\/strong>\n<\/p>\n<p>Questionado se os presidentes das Casas Legislativas se comprometeram em pautar a PEC, Bolsonaro ressaltou que eles teriam afirmado que cumpririam o regimento. \u201cEu n\u00e3o fiz pedido espec\u00edfico, o pedido \u00e9 seguir o regimento\u201d, disse.\n<\/p>\n<p>Quanto \u00e0 possibilidade de estender a anistia \u00e0 inelegibilidade a que est\u00e1 submetido, Bolsonaro afirmou que a penalidade s\u00f3 poderia ser revertida por meio de altera\u00e7\u00e3o da Lei da Ficha Limpa. \u201cO pessoal est\u00e1 entendendo que a Lei da Ficha Limpa \u00e9 usada para perseguir a direita\u201c, alegou.\n<\/p>\n<p>A PEC da Anistia aos condenados pelo 8 de Janeiro est\u00e1 parada na C\u00e2mara dos Deputados. Ao fim do ano passado, o ent\u00e3o presidente da Casa Baixa, Arthur Lira (PP-AL), anunciou a instala\u00e7\u00e3o de comiss\u00e3o especial para analisar a mat\u00e9ria. O colegiado, entretanto, ainda n\u00e3o saiu do papel.\n<\/p>\n<p>Parlamentares de oposi\u00e7\u00e3o t\u00eam se movimentado para pautar o tema. Na \u00faltima semana, deputados levaram a esposa de um dos condenados pelo vandalismo para uma reuni\u00e3o com o presidente da C\u00e2mara, Hugo Motta (Republicanos-PB).\n<\/p>\n<p>A ida do ex-presidente ao Senado Federal se d\u00e1 em meio \u00e0 expectativa quanto \u00e0 den\u00fancia da Procuradoria-Geral da Rep\u00fablica (PGR) contra ele. O \u00f3rg\u00e3o definir\u00e1, nos pr\u00f3ximos dias, se denuncia, arquiva ou pede dilig\u00eancias no \u00e2mbito das investiga\u00e7\u00f5es que tratam de uma suposta trama para decretar golpe de Estado em 2022.\n<\/p>\n<p>A Pol\u00edcia Federal (PF) indiciou o ex-presidente e mais 39 pessoas por participa\u00e7\u00e3o em uma suposta trama golpista. O plano supostamente inclu\u00eda a decreta\u00e7\u00e3o de golpe de Estado em 2022 e a morte ou pris\u00e3o do presidente Luiz In\u00e1cio Lula da Silva (PT) e do ministro Alexandre de Moraes.\n<\/p>\n<p>Fonte: Metr\u00f3poles              <\/p>\n<\/div>\n<p><br \/>\n<br \/><a href=\"https:\/\/diariodobrasilnoticias.com.br\/noticia\/bolsonaro-camara-ja-tem-quorum-para-aprovar-a-anistia-67b4f44e87e95\">Source link <\/a><\/p>","protected":false},"excerpt":{"rendered":"<p>O ex-presidente Jair Bolsonaro (PL) considera que a C\u00e2mara dos Deputados tem qu\u00f3rum suficiente para aprovar a proposta de emenda \u00e0 Constitui\u00e7\u00e3o (PEC) que trata da anistia aos condenados pelo&hellip;<\/p>","protected":false},"author":1,"featured_media":104314,"comment_status":"closed","ping_status":"open","sticky":false,"template":"","format":"standard","meta":{"content-type":"","footnotes":""},"categories":[16],"tags":[123,2448,5313,1267],"class_list":["post-104313","post","type-post","status-publish","format-standard","has-post-thumbnail","hentry","category-noticias","tag-brasil","tag-diario","tag-noticia","tag-noticias"],"_links":{"self":[{"href":"https:\/\/tvbrazilusa.com\/pt\/wp-json\/wp\/v2\/posts\/104313","targetHints":{"allow":["GET"]}}],"collection":[{"href":"https:\/\/tvbrazilusa.com\/pt\/wp-json\/wp\/v2\/posts"}],"about":[{"href":"https:\/\/tvbrazilusa.com\/pt\/wp-json\/wp\/v2\/types\/post"}],"author":[{"embeddable":true,"href":"https:\/\/tvbrazilusa.com\/pt\/wp-json\/wp\/v2\/users\/1"}],"replies":[{"embeddable":true,"href":"https:\/\/tvbrazilusa.com\/pt\/wp-json\/wp\/v2\/comments?post=104313"}],"version-history":[{"count":1,"href":"https:\/\/tvbrazilusa.com\/pt\/wp-json\/wp\/v2\/posts\/104313\/revisions"}],"predecessor-version":[{"id":104315,"href":"https:\/\/tvbrazilusa.com\/pt\/wp-json\/wp\/v2\/posts\/104313\/revisions\/104315"}],"wp:featuredmedia":[{"embeddable":true,"href":"https:\/\/tvbrazilusa.com\/pt\/wp-json\/wp\/v2\/media\/104314"}],"wp:attachment":[{"href":"https:\/\/tvbrazilusa.com\/pt\/wp-json\/wp\/v2\/media?parent=104313"}],"wp:term":[{"taxonomy":"category","embeddable":true,"href":"https:\/\/tvbrazilusa.com\/pt\/wp-json\/wp\/v2\/categories?post=104313"},{"taxonomy":"post_tag","embeddable":true,"href":"https:\/\/tvbrazilusa.com\/pt\/wp-json\/wp\/v2\/tags?post=104313"}],"curies":[{"name":"wp","href":"https:\/\/api.w.org\/{rel}","templated":true}]}}