{"id":104319,"date":"2025-02-18T23:51:12","date_gmt":"2025-02-18T23:51:12","guid":{"rendered":"https:\/\/tvbrazilusa.com\/2025\/02\/18\/ladroes-levam-miloes-em-joias-em-assalto-a-joalheria-no-centro-historico-de-ouro-preto\/"},"modified":"2025-02-18T23:51:13","modified_gmt":"2025-02-18T23:51:13","slug":"ladroes-levam-miloes-em-joias-em-assalto-a-joalheria-no-centro-historico-de-ouro-preto","status":"publish","type":"post","link":"https:\/\/tvbrazilusa.com\/pt\/2025\/02\/18\/ladroes-levam-miloes-em-joias-em-assalto-a-joalheria-no-centro-historico-de-ouro-preto\/","title":{"rendered":"Ladr\u00f5es levam mil\u00f5es em joias em assalto \u00e0 joalheria no centro hist\u00f3rico de Ouro Preto"},"content":{"rendered":"<p> <script async src=\"https:\/\/pagead2.googlesyndication.com\/pagead\/js\/adsbygoogle.js?client=ca-pub-8864793242727901\"\r\n     crossorigin=\"anonymous\"><\/script><br \/>\n<\/p>\n<div id=\"taboola-read-more\" style=\"display:block; width:100%\">\n<p>Uma joalheria foi roubada, na manh\u00e3 desta ter\u00e7a-feira (18), em um assalto que aconteceu no centro hist\u00f3rico de Ouro Preto, cidade da regi\u00e3o Central de Minas Gerais a 96 km de Belo Horizonte. Segundo a PM (Pol\u00edcia Militar), R$ 2 milh\u00f5es foram levados em produtos.\n<\/p>\n<p>De acordo com a PM, um grupo n\u00e3o identificado invadiu uma joalheria que fica na Pra\u00e7a Tiradentes, bem em frente a Est\u00e1tua de Tiradentes.<\/p>\n<p>C\u00e2meras de seguran\u00e7a registraram a a\u00e7\u00e3o dos criminosos. O dono da joalheria confirmou um preju\u00edzo de R$ 2 milh\u00f5es em joias.\n<\/p>\n<p>O ve\u00edculo utilizado no crime foi encontrado na regi\u00e3o de Ouro Preto. At\u00e9 o momento ningu\u00e9m foi preso.\n<\/p>\n<p>Fonte: R7              <\/p>\n<\/div>\n<p><br \/>\n<br \/><a href=\"https:\/\/diariodobrasilnoticias.com.br\/noticia\/ladroes-levam-miloes-em-joias-em-assalto-a-joalheria-no-centro-historico-de-ouro-preto-67b501ccb2438\">Source link <\/a><\/p>","protected":false},"excerpt":{"rendered":"<p>Uma joalheria foi roubada, na manh\u00e3 desta ter\u00e7a-feira (18), em um assalto que aconteceu no centro hist\u00f3rico de Ouro Preto, cidade da regi\u00e3o Central de Minas Gerais a 96 km&hellip;<\/p>","protected":false},"author":1,"featured_media":104320,"comment_status":"closed","ping_status":"open","sticky":false,"template":"","format":"standard","meta":{"content-type":"","footnotes":""},"categories":[16],"tags":[123,2448,5313,1267],"class_list":["post-104319","post","type-post","status-publish","format-standard","has-post-thumbnail","hentry","category-noticias","tag-brasil","tag-diario","tag-noticia","tag-noticias"],"_links":{"self":[{"href":"https:\/\/tvbrazilusa.com\/pt\/wp-json\/wp\/v2\/posts\/104319","targetHints":{"allow":["GET"]}}],"collection":[{"href":"https:\/\/tvbrazilusa.com\/pt\/wp-json\/wp\/v2\/posts"}],"about":[{"href":"https:\/\/tvbrazilusa.com\/pt\/wp-json\/wp\/v2\/types\/post"}],"author":[{"embeddable":true,"href":"https:\/\/tvbrazilusa.com\/pt\/wp-json\/wp\/v2\/users\/1"}],"replies":[{"embeddable":true,"href":"https:\/\/tvbrazilusa.com\/pt\/wp-json\/wp\/v2\/comments?post=104319"}],"version-history":[{"count":1,"href":"https:\/\/tvbrazilusa.com\/pt\/wp-json\/wp\/v2\/posts\/104319\/revisions"}],"predecessor-version":[{"id":104321,"href":"https:\/\/tvbrazilusa.com\/pt\/wp-json\/wp\/v2\/posts\/104319\/revisions\/104321"}],"wp:featuredmedia":[{"embeddable":true,"href":"https:\/\/tvbrazilusa.com\/pt\/wp-json\/wp\/v2\/media\/104320"}],"wp:attachment":[{"href":"https:\/\/tvbrazilusa.com\/pt\/wp-json\/wp\/v2\/media?parent=104319"}],"wp:term":[{"taxonomy":"category","embeddable":true,"href":"https:\/\/tvbrazilusa.com\/pt\/wp-json\/wp\/v2\/categories?post=104319"},{"taxonomy":"post_tag","embeddable":true,"href":"https:\/\/tvbrazilusa.com\/pt\/wp-json\/wp\/v2\/tags?post=104319"}],"curies":[{"name":"wp","href":"https:\/\/api.w.org\/{rel}","templated":true}]}}