{"id":104322,"date":"2025-02-19T00:09:08","date_gmt":"2025-02-19T00:09:08","guid":{"rendered":"https:\/\/tvbrazilusa.com\/2025\/02\/19\/macron-anuncia-viagem-de-lula-a-franca-em-junho\/"},"modified":"2025-02-19T00:09:09","modified_gmt":"2025-02-19T00:09:09","slug":"macron-anuncia-viagem-de-lula-a-franca-em-junho","status":"publish","type":"post","link":"https:\/\/tvbrazilusa.com\/pt\/2025\/02\/19\/macron-anuncia-viagem-de-lula-a-franca-em-junho\/","title":{"rendered":"Macron anuncia viagem de Lula \u00e0 Fran\u00e7a em junho"},"content":{"rendered":"<p> <script async src=\"https:\/\/pagead2.googlesyndication.com\/pagead\/js\/adsbygoogle.js?client=ca-pub-8864793242727901\"\r\n     crossorigin=\"anonymous\"><\/script><br \/>\n<\/p>\n<div id=\"taboola-read-more\" style=\"display:block; width:100%\">\n<p>O presidente da Fran\u00e7a, Emmanuel Macron, anunciou que Luiz In\u00e1cio Lula da Silva realizar\u00e1 uma visita de Estado \u00e0 Fran\u00e7a em junho deste ano. O an\u00fancio foi feito pelo pr\u00f3prio Macron em sua conta oficial no X nesta ter\u00e7a-feira, 18.\n<\/p>\n<p>O franc\u00eas revelou que conversou com Lula e abordou a necessidade de um esfor\u00e7o global em prol da paz na Ucr\u00e2nia. Macron destacou que ambos concordam que este objetivo s\u00f3 ser\u00e1 atingido \u201cpor meio de discuss\u00f5es que re\u00fanam R\u00fassia e Ucr\u00e2nia em torno da mesma mesa\u201d.<\/p>\n<p>O presidente franc\u00eas enfatizou que acredita na possibilidade de um acordo e conclamou a comunidade internacional a se engajar na busca por uma solu\u00e7\u00e3o. \u201cA paz \u00e9 poss\u00edvel e a comunidade internacional deve se mobilizar\u201d, afirmou Macron.\n<\/p>\n<p>Al\u00e9m da quest\u00e3o ucraniana, os dois presidentes trataram de temas clim\u00e1ticos e reafirmaram compromissos m\u00fatuos. \u201cTamb\u00e9m trabalharemos para que a COP de Bel\u00e9m seja um sucesso\u201d, garantiu Macron, em refer\u00eancia \u00e0 Confer\u00eancia das Na\u00e7\u00f5es Unidas sobre Mudan\u00e7a Clim\u00e1tica (COP 30), que ser\u00e1 sediada na cidade brasileira em 2025.\n<\/p>\n<p>O presidente franc\u00eas mencionou ainda que Brasil e Fran\u00e7a compartilham \u201cv\u00e1rias iniciativas em prol do clima, da biodiversidade, dos oceanos, da democracia, assim como do desenvolvimento econ\u00f4mico e agr\u00edcola\u201d.\n<\/p>\n<p>Por fim, o l\u00edder franc\u00eas confirmou oficialmente que Lula estar\u00e1 em Paris em junho para uma visita de Estado. \u201cO presidente Lula vir\u00e1 para uma visita de Estado \u00e0 Fran\u00e7a em junho pr\u00f3ximo\u201d, prometeu Macron.\n<\/p>\n<p>A viagem de Lula \u00e0 Fran\u00e7a ocorrer\u00e1 em retribui\u00e7\u00e3o \u00e0 visita de Macron ao Brasil, em mar\u00e7o de 2024. Na ocasi\u00e3o, o brasileiro condecorou o franc\u00eas com o Grande Colar da Ordem Nacional do Cruzeiro do Sul, a mais alta honraria brasileira atribu\u00edda a cidad\u00e3os estrangeiros.\n<\/p>\n<p>Em 2025, Lula deve fazer ao menos seis viagens internacionais. Segundo o Itamaraty, est\u00e3o previstas visitas ao Jap\u00e3o, Vietn\u00e3, Fran\u00e7a, Argentina, Estados Unidos e \u00c1frica do Sul.\n<\/p>\n<p>O petista pretende participar de reuni\u00f5es de organiza\u00e7\u00f5es das quais o Brasil faz parte, como o encontro anual do Mercosul, em Buenos Aires; a Assembleia-Geral da ONU, em Nova Iorque; e a reuni\u00e3o do G20, em Joanesburgo.\n<\/p>\n<p>No entanto, as viagens internacionais de Lula dependem de libera\u00e7\u00e3o m\u00e9dica. Em outubro de 2024, o presidente sofreu um acidente dom\u00e9stico, no qual caiu e bateu a cabe\u00e7a. Ele foi submetido a cirurgia para drenar um hematoma no Hospital S\u00edrio-Liban\u00eas, em S\u00e3o Paulo.\n<\/p>\n<p>Durante todo o seu terceiro mandato, Lula visitou 32 pa\u00edses \u2014 alguns deles duas vezes. Ao todo, o presidente passou 88 dias fora do Brasil em compromissos oficiais. Somente em 2023, seu primeiro ano no cargo, o petista visitou 23 pa\u00edses.\n<\/p>\n<p>No \u00faltimo ano, o presidente intensificou a agenda nacional para apoiar seus candidatos nas elei\u00e7\u00f5es municipais. Dessa forma, Lula n\u00e3o viajou tanto ao exterior quanto em 2023. O petista fez nove viagens e passou 26 dias fora do Brasil. Ao todo, 13 pa\u00edses foram visitados.\n<\/p>\n<p>Fonte: Revista Oeste              <\/p>\n<\/div>\n<p><br \/>\n<br \/><a href=\"https:\/\/diariodobrasilnoticias.com.br\/noticia\/macron-anuncia-viagem-de-lula-a-franca-em-junho-67b504096e6c3\">Source link <\/a><\/p>","protected":false},"excerpt":{"rendered":"<p>O presidente da Fran\u00e7a, Emmanuel Macron, anunciou que Luiz In\u00e1cio Lula da Silva realizar\u00e1 uma visita de Estado \u00e0 Fran\u00e7a em junho deste ano. O an\u00fancio foi feito pelo pr\u00f3prio&hellip;<\/p>","protected":false},"author":1,"featured_media":104323,"comment_status":"closed","ping_status":"open","sticky":false,"template":"","format":"standard","meta":{"content-type":"","footnotes":""},"categories":[16],"tags":[123,2448,5313,1267],"class_list":["post-104322","post","type-post","status-publish","format-standard","has-post-thumbnail","hentry","category-noticias","tag-brasil","tag-diario","tag-noticia","tag-noticias"],"_links":{"self":[{"href":"https:\/\/tvbrazilusa.com\/pt\/wp-json\/wp\/v2\/posts\/104322","targetHints":{"allow":["GET"]}}],"collection":[{"href":"https:\/\/tvbrazilusa.com\/pt\/wp-json\/wp\/v2\/posts"}],"about":[{"href":"https:\/\/tvbrazilusa.com\/pt\/wp-json\/wp\/v2\/types\/post"}],"author":[{"embeddable":true,"href":"https:\/\/tvbrazilusa.com\/pt\/wp-json\/wp\/v2\/users\/1"}],"replies":[{"embeddable":true,"href":"https:\/\/tvbrazilusa.com\/pt\/wp-json\/wp\/v2\/comments?post=104322"}],"version-history":[{"count":1,"href":"https:\/\/tvbrazilusa.com\/pt\/wp-json\/wp\/v2\/posts\/104322\/revisions"}],"predecessor-version":[{"id":104324,"href":"https:\/\/tvbrazilusa.com\/pt\/wp-json\/wp\/v2\/posts\/104322\/revisions\/104324"}],"wp:featuredmedia":[{"embeddable":true,"href":"https:\/\/tvbrazilusa.com\/pt\/wp-json\/wp\/v2\/media\/104323"}],"wp:attachment":[{"href":"https:\/\/tvbrazilusa.com\/pt\/wp-json\/wp\/v2\/media?parent=104322"}],"wp:term":[{"taxonomy":"category","embeddable":true,"href":"https:\/\/tvbrazilusa.com\/pt\/wp-json\/wp\/v2\/categories?post=104322"},{"taxonomy":"post_tag","embeddable":true,"href":"https:\/\/tvbrazilusa.com\/pt\/wp-json\/wp\/v2\/tags?post=104322"}],"curies":[{"name":"wp","href":"https:\/\/api.w.org\/{rel}","templated":true}]}}