{"id":104328,"date":"2025-02-19T00:33:25","date_gmt":"2025-02-19T00:33:25","guid":{"rendered":"https:\/\/tvbrazilusa.com\/2025\/02\/19\/a-posicao-de-barroso-em-relacao-a-possivel-denuncia-da-pgr-contra-bolsonaro\/"},"modified":"2025-02-19T00:33:27","modified_gmt":"2025-02-19T00:33:27","slug":"a-posicao-de-barroso-em-relacao-a-possivel-denuncia-da-pgr-contra-bolsonaro","status":"publish","type":"post","link":"https:\/\/tvbrazilusa.com\/pt\/2025\/02\/19\/a-posicao-de-barroso-em-relacao-a-possivel-denuncia-da-pgr-contra-bolsonaro\/","title":{"rendered":"A posi\u00e7\u00e3o de Barroso em rela\u00e7\u00e3o \u00e0 poss\u00edvel den\u00fancia da PGR contra Bolsonaro"},"content":{"rendered":"<p> <script async src=\"https:\/\/pagead2.googlesyndication.com\/pagead\/js\/adsbygoogle.js?client=ca-pub-8864793242727901\"\r\n     crossorigin=\"anonymous\"><\/script><br \/>\n<\/p>\n<div id=\"taboola-read-more\" style=\"display:block; width:100%\">\n<p>O presidente do Supremo Tribunal Federal (STF), Lu\u00eds Roberto Barroso, comentou a poss\u00edvel den\u00fancia da Procuradoria-Geral da Rep\u00fablica (PGR) contra Jair Bolsonaro, por suposta tentativa de golpe de Estado.\n<\/p>\n<p>Espera-se que o PGR, Paulo Gonet, apresente a acusa\u00e7\u00e3o ainda nesta semana.<\/p>\n<p>Por ora, o PGR deixar\u00e1 de fora outros casos aos quais Bolsonaro responde, entre eles, o das joias sauditas.\n<\/p>\n<p>\u201cUma decis\u00e3o do STF agora, improv\u00e1vel; uma iniciativa do PGR, bastante poss\u00edvel\u201d, disse Barroso, durante uma coletiva, nesta ter\u00e7a-feira, 18, pouco depois de deixar a recep\u00e7\u00e3o que fez ao presidente de Portugal, Marcelo Rebelo de Sousa, em resposta a uma pergunta da imprensa portuguesa, sobre se a acusa\u00e7\u00e3o seria apresentada antes do carnaval.\n<\/p>\n<p><strong>Barroso diz que STF vai julgar den\u00fancia da PGR contra Bolsonaro sem politiza\u00e7\u00e3o<\/strong>\n<\/p>\n<p>Barroso disse ontem que a poss\u00edvel den\u00fancia ser\u00e1 apreciada pela Corte \u201ccom seriedade, examinando provas\u201d.\n<\/p>\n<p>O ministro garantiu que n\u00e3o ser\u00e1 uma an\u00e1lise \u201cpolitizada\u201d. Dessa forma, o julgamento tamb\u00e9m n\u00e3o teria um vi\u00e9s parcial.\n<\/p>\n<p>\u201cSe o procurador-geral da Rep\u00fablica vier a oferecer den\u00fancia contra quem quer que seja, o Supremo vai apreci\u00e1-la como deve apreciar tudo na vida, com seriedade, examinando as provas\u201d, observou o magistrado. \u201cO processo penal, sobretudo, \u00e9 prova. Se tem prova, voc\u00ea decide num sentido, se n\u00e3o tem prova, voc\u00ea decide num outro.\u201d\n<\/p>\n<p>Fonte: Revista Oeste              <\/p>\n<\/div>\n<p><br \/>\n<br \/><a href=\"https:\/\/diariodobrasilnoticias.com.br\/noticia\/a-posicao-de-barroso-em-relacao-a-possivel-denuncia-da-pgr-contra-bolsonaro-67b506db67650\">Source link <\/a><\/p>","protected":false},"excerpt":{"rendered":"<p>O presidente do Supremo Tribunal Federal (STF), Lu\u00eds Roberto Barroso, comentou a poss\u00edvel den\u00fancia da Procuradoria-Geral da Rep\u00fablica (PGR) contra Jair Bolsonaro, por suposta tentativa de golpe de Estado. Espera-se&hellip;<\/p>","protected":false},"author":1,"featured_media":104329,"comment_status":"closed","ping_status":"open","sticky":false,"template":"","format":"standard","meta":{"content-type":"","footnotes":""},"categories":[16],"tags":[123,2448,5313,1267],"class_list":["post-104328","post","type-post","status-publish","format-standard","has-post-thumbnail","hentry","category-noticias","tag-brasil","tag-diario","tag-noticia","tag-noticias"],"_links":{"self":[{"href":"https:\/\/tvbrazilusa.com\/pt\/wp-json\/wp\/v2\/posts\/104328","targetHints":{"allow":["GET"]}}],"collection":[{"href":"https:\/\/tvbrazilusa.com\/pt\/wp-json\/wp\/v2\/posts"}],"about":[{"href":"https:\/\/tvbrazilusa.com\/pt\/wp-json\/wp\/v2\/types\/post"}],"author":[{"embeddable":true,"href":"https:\/\/tvbrazilusa.com\/pt\/wp-json\/wp\/v2\/users\/1"}],"replies":[{"embeddable":true,"href":"https:\/\/tvbrazilusa.com\/pt\/wp-json\/wp\/v2\/comments?post=104328"}],"version-history":[{"count":1,"href":"https:\/\/tvbrazilusa.com\/pt\/wp-json\/wp\/v2\/posts\/104328\/revisions"}],"predecessor-version":[{"id":104330,"href":"https:\/\/tvbrazilusa.com\/pt\/wp-json\/wp\/v2\/posts\/104328\/revisions\/104330"}],"wp:featuredmedia":[{"embeddable":true,"href":"https:\/\/tvbrazilusa.com\/pt\/wp-json\/wp\/v2\/media\/104329"}],"wp:attachment":[{"href":"https:\/\/tvbrazilusa.com\/pt\/wp-json\/wp\/v2\/media?parent=104328"}],"wp:term":[{"taxonomy":"category","embeddable":true,"href":"https:\/\/tvbrazilusa.com\/pt\/wp-json\/wp\/v2\/categories?post=104328"},{"taxonomy":"post_tag","embeddable":true,"href":"https:\/\/tvbrazilusa.com\/pt\/wp-json\/wp\/v2\/tags?post=104328"}],"curies":[{"name":"wp","href":"https:\/\/api.w.org\/{rel}","templated":true}]}}