{"id":104343,"date":"2025-02-19T01:28:03","date_gmt":"2025-02-19T01:28:03","guid":{"rendered":"https:\/\/tvbrazilusa.com\/2025\/02\/19\/pai-liberto-pelo-hamas-tera-os-corpos-da-esposa-e-filhos-entregues-a-ele\/"},"modified":"2025-02-19T01:28:05","modified_gmt":"2025-02-19T01:28:05","slug":"pai-liberto-pelo-hamas-tera-os-corpos-da-esposa-e-filhos-entregues-a-ele","status":"publish","type":"post","link":"https:\/\/tvbrazilusa.com\/pt\/2025\/02\/19\/pai-liberto-pelo-hamas-tera-os-corpos-da-esposa-e-filhos-entregues-a-ele\/","title":{"rendered":"Pai liberto pelo Hamas ter\u00e1 os corpos da esposa e filhos entregues a ele"},"content":{"rendered":"<p> <script async src=\"https:\/\/pagead2.googlesyndication.com\/pagead\/js\/adsbygoogle.js?client=ca-pub-8864793242727901\"\r\n     crossorigin=\"anonymous\"><\/script><br \/>\n<\/p>\n<div id=\"taboola-read-more\" style=\"display:block; width:100%\">\n<p>Os familiares de Yarden Bibas, libertado no \u00faltimo 1\u00ba de fevereiro na Faixa de Gaza, disseram estar \u201cchocados\u201d ap\u00f3s o Hamas anunciar que retiraria na pr\u00f3xima quinta-feira (13) os corpos sem vida de sua esposa, Shiri Silberman, e de seus dois filhos, Ariel e Kfir, capturados em 7 de outubro de 2023.\n<\/p>\n<p>\u2013 Nas \u00faltimas horas, ficamos chocados com o an\u00fancio do porta-voz do Hamas sobre o retorno de Shiri, Ariel e Kfir nesta quinta-feira, como parte da fase de libera\u00e7\u00e3o dos corpos dos ref\u00e9ns \u2013 disseram os parentes em uma mensagem compartilhada pelo F\u00f3rum de Familiares de Ref\u00e9ns e Desaparecidos.<\/p>\n<p>Os familiares disseram ainda que est\u00e3o cientes do an\u00fancio, mas ainda n\u00e3o receberam nenhuma confirma\u00e7\u00e3o oficial das mortes de Shiri e das crian\u00e7as.\n<\/p>\n<p>\u2013 At\u00e9 recebermos uma confirma\u00e7\u00e3o definitiva, nossa jornada n\u00e3o acabou \u2013 acrescentaram.\n<\/p>\n<p>O grupo terrorista Hamas confirmou nesta ter\u00e7a-feira (17) que entregar\u00e1 os corpos da fam\u00edlia Bibas na pr\u00f3xima quinta como parte de um acordo de cessar-fogo com Israel.\n<\/p>\n<p>As duas crian\u00e7as e sua m\u00e3e foram sequestradas junto com seu pai, Yarden Bibas, que foi libertado vivo em 1\u00ba de fevereiro ap\u00f3s 484 dias em cativeiro na Faixa de Gaza.\n<\/p>\n<p>Essa liberta\u00e7\u00e3o foi um dos momentos mais agridoces da tr\u00e9gua, j\u00e1 que, segundo os termos do acordo, o Hamas era obrigado a dar prioridade \u00e0s mulheres e crian\u00e7as vivas em suas liberta\u00e7\u00f5es semanais de ref\u00e9ns.\n<\/p>\n<p>O Hamas j\u00e1 havia afirmado em novembro de 2023, logo ap\u00f3s a primeira tr\u00e9gua da guerra, que os tr\u00eas haviam morrido em um ataque israelense ao enclave, mas Israel nunca confirmou suas mortes.\n<\/p>\n<p>A fam\u00edlia Bibas, de origem argentina e peruana, e principalmente o pequeno Kfir, que foi sequestrado antes de completar 9 meses de idade, se tornou um s\u00edmbolo dos israelenses capturados pelo Hamas em seus ataques de 7 de outubro de 2023.\n<\/p>\n<p>Kfir e Ariel s\u00e3o os \u00fanicos dois menores sequestrados que ainda est\u00e3o em Gaza. Os demais foram libertados durante a tr\u00e9gua anterior, em novembro de 2023, na qual o Hamas entregou 105 civis capturados.\n<\/p>\n<p>Junto com os corpos da fam\u00edlia de Yarden Bibas, o Hamas deve entregar os corpos de um quarto ref\u00e9m, cuja identidade ainda n\u00e3o foi tornada p\u00fablica.\n<\/p>\n<p>O primeiro-ministro israelense, Benjamin Netanyahu, realizou uma reuni\u00e3o com o gabinete de seguran\u00e7a de seu governo nesta segunda (17) para discutir como abordar a segunda fase do acordo com o Hamas, que incluiria a liberta\u00e7\u00e3o dos ref\u00e9ns restantes e um cessar-fogo definitivo em Gaza.\n<\/p>\n<p>Fonte: Pleno News              <\/p>\n<\/div>\n<p><br \/>\n<br \/><a href=\"https:\/\/diariodobrasilnoticias.com.br\/noticia\/pai-liberto-pelo-hamas-tera-os-corpos-da-esposa-e-filhos-entregues-a-ele-67b5095c4a0a4\">Source link <\/a><\/p>","protected":false},"excerpt":{"rendered":"<p>Os familiares de Yarden Bibas, libertado no \u00faltimo 1\u00ba de fevereiro na Faixa de Gaza, disseram estar \u201cchocados\u201d ap\u00f3s o Hamas anunciar que retiraria na pr\u00f3xima quinta-feira (13) os corpos&hellip;<\/p>","protected":false},"author":1,"featured_media":104344,"comment_status":"closed","ping_status":"open","sticky":false,"template":"","format":"standard","meta":{"content-type":"","footnotes":""},"categories":[16],"tags":[123,2448,5313,1267],"class_list":["post-104343","post","type-post","status-publish","format-standard","has-post-thumbnail","hentry","category-noticias","tag-brasil","tag-diario","tag-noticia","tag-noticias"],"_links":{"self":[{"href":"https:\/\/tvbrazilusa.com\/pt\/wp-json\/wp\/v2\/posts\/104343","targetHints":{"allow":["GET"]}}],"collection":[{"href":"https:\/\/tvbrazilusa.com\/pt\/wp-json\/wp\/v2\/posts"}],"about":[{"href":"https:\/\/tvbrazilusa.com\/pt\/wp-json\/wp\/v2\/types\/post"}],"author":[{"embeddable":true,"href":"https:\/\/tvbrazilusa.com\/pt\/wp-json\/wp\/v2\/users\/1"}],"replies":[{"embeddable":true,"href":"https:\/\/tvbrazilusa.com\/pt\/wp-json\/wp\/v2\/comments?post=104343"}],"version-history":[{"count":1,"href":"https:\/\/tvbrazilusa.com\/pt\/wp-json\/wp\/v2\/posts\/104343\/revisions"}],"predecessor-version":[{"id":104345,"href":"https:\/\/tvbrazilusa.com\/pt\/wp-json\/wp\/v2\/posts\/104343\/revisions\/104345"}],"wp:featuredmedia":[{"embeddable":true,"href":"https:\/\/tvbrazilusa.com\/pt\/wp-json\/wp\/v2\/media\/104344"}],"wp:attachment":[{"href":"https:\/\/tvbrazilusa.com\/pt\/wp-json\/wp\/v2\/media?parent=104343"}],"wp:term":[{"taxonomy":"category","embeddable":true,"href":"https:\/\/tvbrazilusa.com\/pt\/wp-json\/wp\/v2\/categories?post=104343"},{"taxonomy":"post_tag","embeddable":true,"href":"https:\/\/tvbrazilusa.com\/pt\/wp-json\/wp\/v2\/tags?post=104343"}],"curies":[{"name":"wp","href":"https:\/\/api.w.org\/{rel}","templated":true}]}}