{"id":104349,"date":"2025-02-19T01:52:42","date_gmt":"2025-02-19T01:52:42","guid":{"rendered":"https:\/\/tvbrazilusa.com\/2025\/02\/19\/clinica-tem-setor-interditado-por-reutilizar-agulhas-em-cirurgias\/"},"modified":"2025-02-19T01:52:43","modified_gmt":"2025-02-19T01:52:43","slug":"clinica-tem-setor-interditado-por-reutilizar-agulhas-em-cirurgias","status":"publish","type":"post","link":"https:\/\/tvbrazilusa.com\/pt\/2025\/02\/19\/clinica-tem-setor-interditado-por-reutilizar-agulhas-em-cirurgias\/","title":{"rendered":"Cl\u00ednica tem setor interditado por reutilizar agulhas em cirurgias"},"content":{"rendered":"<p> <script async src=\"https:\/\/pagead2.googlesyndication.com\/pagead\/js\/adsbygoogle.js?client=ca-pub-8864793242727901\"\r\n     crossorigin=\"anonymous\"><\/script><br \/>\n<\/p>\n<div id=\"taboola-read-more\" style=\"display:block; width:100%\">\n<p>Uma fiscaliza\u00e7\u00e3o do Conselho Regional de Enfermagem da Para\u00edba (Coren-PB) flagrou a reutiliza\u00e7\u00e3o de agulhas descart\u00e1veis em cirurgias card\u00edacas, em uma cl\u00ednica de Jo\u00e3o Pessoa. A a\u00e7\u00e3o aconteceu na segunda-feira (17) e resultou na interdi\u00e7\u00e3o \u00e9tica do Centro de Material e Esteriliza\u00e7\u00e3o da Cl\u00ednica Dom Rodrigo.\n<\/p>\n<p>Segundo o relat\u00f3rio de fiscaliza\u00e7\u00e3o do conselho, o local operava sem anota\u00e7\u00f5es t\u00e9cnicas respons\u00e1veis, registros adequados e escala de enfermagem regularizada. Tamb\u00e9m foram identificadas a aus\u00eancia de um enfermeiro respons\u00e1vel pelo Centro de Material e Esteriliza\u00e7\u00e3o (CME) e pelo centro cir\u00fargico, n\u00famero insuficiente de profissionais e inexist\u00eancia de uma Comiss\u00e3o de \u00c9tica de Enfermagem. A interdi\u00e7\u00e3o \u00e9tica impede os profissionais de trabalharem no setor.<\/p>\n<p>Em nota, a Cl\u00ednica Dom Rodrigo disse que a \u201cdecis\u00e3o que referenda a interdi\u00e7\u00e3o \u00e9 gen\u00e9rica e evasiva\u201d. A unidade afirmou ainda que tem profissionais comprometidos com a excel\u00eancia no atendimento, e que n\u00e3o hesitar\u00e1 quanto \u00e0 ado\u00e7\u00e3o das medidas legais cab\u00edveis para garantir o regular e integral funcionamento das atividades.\n<\/p>\n<p>A pr\u00e1tica de reutilizar itens descart\u00e1veis, proibida por normas sanit\u00e1rias, configura viola\u00e7\u00e3o que pode levar a infec\u00e7\u00f5es, principalmente em procedimentos de alta complexidade.\n<\/p>\n<p>A presidente do Coren-PB, Rayra Beserra, afirmou que a interdi\u00e7\u00e3o foi necess\u00e1ria diante das irregularidades. &#8220;Foi uma medida necess\u00e1ria diante de graves irregularidades que colocam em risco a vida dos pacientes e o exerc\u00edcio seguro da nossa profiss\u00e3o. N\u00e3o podemos permitir que pr\u00e1ticas inadequadas, como a reutiliza\u00e7\u00e3o de materiais descart\u00e1veis e a aus\u00eancia de profissionais habilitados, comprometam a integridade do cuidado&#8221;, destacou.\n<\/p>\n<p>Fonte: G1              <\/p>\n<\/div>\n<p><br \/>\n<br \/><a href=\"https:\/\/diariodobrasilnoticias.com.br\/noticia\/clinica-tem-setor-interditado-por-reutilizar-agulhas-em-cirurgias-67b50b3b0a809\">Source link <\/a><\/p>","protected":false},"excerpt":{"rendered":"<p>Uma fiscaliza\u00e7\u00e3o do Conselho Regional de Enfermagem da Para\u00edba (Coren-PB) flagrou a reutiliza\u00e7\u00e3o de agulhas descart\u00e1veis em cirurgias card\u00edacas, em uma cl\u00ednica de Jo\u00e3o Pessoa. A a\u00e7\u00e3o aconteceu na segunda-feira&hellip;<\/p>","protected":false},"author":1,"featured_media":104350,"comment_status":"closed","ping_status":"open","sticky":false,"template":"","format":"standard","meta":{"content-type":"","footnotes":""},"categories":[16],"tags":[123,2448,5313,1267],"class_list":["post-104349","post","type-post","status-publish","format-standard","has-post-thumbnail","hentry","category-noticias","tag-brasil","tag-diario","tag-noticia","tag-noticias"],"_links":{"self":[{"href":"https:\/\/tvbrazilusa.com\/pt\/wp-json\/wp\/v2\/posts\/104349","targetHints":{"allow":["GET"]}}],"collection":[{"href":"https:\/\/tvbrazilusa.com\/pt\/wp-json\/wp\/v2\/posts"}],"about":[{"href":"https:\/\/tvbrazilusa.com\/pt\/wp-json\/wp\/v2\/types\/post"}],"author":[{"embeddable":true,"href":"https:\/\/tvbrazilusa.com\/pt\/wp-json\/wp\/v2\/users\/1"}],"replies":[{"embeddable":true,"href":"https:\/\/tvbrazilusa.com\/pt\/wp-json\/wp\/v2\/comments?post=104349"}],"version-history":[{"count":1,"href":"https:\/\/tvbrazilusa.com\/pt\/wp-json\/wp\/v2\/posts\/104349\/revisions"}],"predecessor-version":[{"id":104351,"href":"https:\/\/tvbrazilusa.com\/pt\/wp-json\/wp\/v2\/posts\/104349\/revisions\/104351"}],"wp:featuredmedia":[{"embeddable":true,"href":"https:\/\/tvbrazilusa.com\/pt\/wp-json\/wp\/v2\/media\/104350"}],"wp:attachment":[{"href":"https:\/\/tvbrazilusa.com\/pt\/wp-json\/wp\/v2\/media?parent=104349"}],"wp:term":[{"taxonomy":"category","embeddable":true,"href":"https:\/\/tvbrazilusa.com\/pt\/wp-json\/wp\/v2\/categories?post=104349"},{"taxonomy":"post_tag","embeddable":true,"href":"https:\/\/tvbrazilusa.com\/pt\/wp-json\/wp\/v2\/tags?post=104349"}],"curies":[{"name":"wp","href":"https:\/\/api.w.org\/{rel}","templated":true}]}}