{"id":104366,"date":"2025-02-19T02:46:01","date_gmt":"2025-02-19T02:46:01","guid":{"rendered":"https:\/\/tvbrazilusa.com\/2025\/02\/19\/eduardo-bolsonaro-participa-do-cpac-dos-estados-unidos\/"},"modified":"2025-02-19T02:46:02","modified_gmt":"2025-02-19T02:46:02","slug":"eduardo-bolsonaro-participa-do-cpac-dos-estados-unidos","status":"publish","type":"post","link":"https:\/\/tvbrazilusa.com\/pt\/2025\/02\/19\/eduardo-bolsonaro-participa-do-cpac-dos-estados-unidos\/","title":{"rendered":"Eduardo Bolsonaro participa do CPAC dos Estados Unidos"},"content":{"rendered":"<p> <script async src=\"https:\/\/pagead2.googlesyndication.com\/pagead\/js\/adsbygoogle.js?client=ca-pub-8864793242727901\"\r\n     crossorigin=\"anonymous\"><\/script><br \/>\n<\/p>\n<div id=\"taboola-read-more\" style=\"display:block; width:100%\">\n<p>O deputado federal Eduardo Bolsonaro (PL-SP) est\u00e1 nos Estados Unidos para participar do CPAC, evento conservador que acontece esta semana em Washington, D.C. Ele dividir\u00e1 o palco com nomes como o ex-presidente Donald Trump.\n<\/p>\n<p>Em suas redes sociais, o parlamentar confirmou que participar\u00e1 da plen\u00e1ria Denunciando o complexo industrial de censura no Brasil.<\/p>\n<p>O CPAC (Conservative Political Action Conference) \u00e9 um dos maiores encontros conservadores do mundo e Eduardo Bolsonaro \u00e9 um dos nomes por tr\u00e1s do evento realizado anualmente no Brasil.\n<\/p>\n<p>Al\u00e9m de participar do CPAC dos EUA, ele tamb\u00e9m esteve no evento realizado em Buenos Aires, Argentina, no m\u00eas de dezembro de 2024.\n<\/p>\n<p>Fonte: Pleno News              <\/p>\n<\/div>\n<p><br \/>\n<br \/><a href=\"https:\/\/diariodobrasilnoticias.com.br\/noticia\/eduardo-bolsonaro-participa-do-cpac-dos-estados-unidos-67b508e540df3\">Source link <\/a><\/p>","protected":false},"excerpt":{"rendered":"<p>O deputado federal Eduardo Bolsonaro (PL-SP) est\u00e1 nos Estados Unidos para participar do CPAC, evento conservador que acontece esta semana em Washington, D.C. Ele dividir\u00e1 o palco com nomes como&hellip;<\/p>","protected":false},"author":1,"featured_media":104367,"comment_status":"closed","ping_status":"open","sticky":false,"template":"","format":"standard","meta":{"content-type":"","footnotes":""},"categories":[16],"tags":[123,2448,5313,1267],"class_list":["post-104366","post","type-post","status-publish","format-standard","has-post-thumbnail","hentry","category-noticias","tag-brasil","tag-diario","tag-noticia","tag-noticias"],"_links":{"self":[{"href":"https:\/\/tvbrazilusa.com\/pt\/wp-json\/wp\/v2\/posts\/104366","targetHints":{"allow":["GET"]}}],"collection":[{"href":"https:\/\/tvbrazilusa.com\/pt\/wp-json\/wp\/v2\/posts"}],"about":[{"href":"https:\/\/tvbrazilusa.com\/pt\/wp-json\/wp\/v2\/types\/post"}],"author":[{"embeddable":true,"href":"https:\/\/tvbrazilusa.com\/pt\/wp-json\/wp\/v2\/users\/1"}],"replies":[{"embeddable":true,"href":"https:\/\/tvbrazilusa.com\/pt\/wp-json\/wp\/v2\/comments?post=104366"}],"version-history":[{"count":1,"href":"https:\/\/tvbrazilusa.com\/pt\/wp-json\/wp\/v2\/posts\/104366\/revisions"}],"predecessor-version":[{"id":104368,"href":"https:\/\/tvbrazilusa.com\/pt\/wp-json\/wp\/v2\/posts\/104366\/revisions\/104368"}],"wp:featuredmedia":[{"embeddable":true,"href":"https:\/\/tvbrazilusa.com\/pt\/wp-json\/wp\/v2\/media\/104367"}],"wp:attachment":[{"href":"https:\/\/tvbrazilusa.com\/pt\/wp-json\/wp\/v2\/media?parent=104366"}],"wp:term":[{"taxonomy":"category","embeddable":true,"href":"https:\/\/tvbrazilusa.com\/pt\/wp-json\/wp\/v2\/categories?post=104366"},{"taxonomy":"post_tag","embeddable":true,"href":"https:\/\/tvbrazilusa.com\/pt\/wp-json\/wp\/v2\/tags?post=104366"}],"curies":[{"name":"wp","href":"https:\/\/api.w.org\/{rel}","templated":true}]}}