{"id":104377,"date":"2025-02-19T03:28:45","date_gmt":"2025-02-19T03:28:45","guid":{"rendered":"https:\/\/tvbrazilusa.com\/2025\/02\/19\/na-segunda-fase-do-acordo-o-hamas-se-oferece-para-libertar-todos-os-refens\/"},"modified":"2025-02-19T03:28:46","modified_gmt":"2025-02-19T03:28:46","slug":"na-segunda-fase-do-acordo-o-hamas-se-oferece-para-libertar-todos-os-refens","status":"publish","type":"post","link":"https:\/\/tvbrazilusa.com\/pt\/2025\/02\/19\/na-segunda-fase-do-acordo-o-hamas-se-oferece-para-libertar-todos-os-refens\/","title":{"rendered":"Na segunda fase do acordo, o Hamas se oferece para libertar todos os ref\u00e9ns"},"content":{"rendered":"<p> <script async src=\"https:\/\/pagead2.googlesyndication.com\/pagead\/js\/adsbygoogle.js?client=ca-pub-8864793242727901\"\r\n     crossorigin=\"anonymous\"><\/script><br \/>\n<\/p>\n<div id=\"taboola-read-more\" style=\"display:block; width:100%\">\n<p>O grupo terrorista Hamas disse nesta ter\u00e7a-feira (18) que, ap\u00f3s a primeira fase do acordo de cessar-fogo com Israel na Faixa de Gaza, est\u00e1 pronto para libertar os demais ref\u00e9ns em seu poder em uma segunda etapa.\n<\/p>\n<p>O grupo palestino, que anunciou nesta ter\u00e7a que libertar\u00e1 no s\u00e1bado (22) os \u00faltimos seis ref\u00e9ns vivos inclu\u00eddos na primeira fase, declarou em comunicado que a entrega de sequestrados na segunda fase ocorreria em troca da retirada total das for\u00e7as israelenses de Gaza e do fim definitivo da guerra.<\/p>\n<p>O Hamas classificou a liberta\u00e7\u00e3o planejada para s\u00e1bado dos prisioneiros palestinos que cumprem pris\u00e3o perp\u00e9tua e longas senten\u00e7as nas pris\u00f5es israelenses como uma \u201cconquista do povo palestino\u201d.\n<\/p>\n<p>O grupo disse que as alega\u00e7\u00f5es de Israel de que sua expuls\u00e3o da Faixa de Gaza era \u201cinaceit\u00e1vel\u201d e chamou a ideia de \u201cguerra psicol\u00f3gica rid\u00edcula\u201d.\n<\/p>\n<p>Os ref\u00e9ns a serem libertados no s\u00e1bado incluem tr\u00eas que foram capturados em 7 de outubro de 2023 em um festival de m\u00fasica (Eliya Cohen, Omer Shem Tov, Omer Wenkrat) e outro sequestrado em um kibutz (Tal Shoham), enquanto outros foram levados pelo Hamas em 2015 (Hisham al Sayed) e 2014 (Avera Mengistu).\n<\/p>\n<p>Cada um deles ser\u00e1 trocado por 77 prisioneiros palestinos, conforme estipulado no acordo, incluindo 47 dos 1.000 que foram libertados no chamado acordo Shalit de 2011 e presos novamente algum tempo depois.\n<\/p>\n<p>Al\u00e9m disso, o Hamas entregar\u00e1 a Israel na quinta-feira (20) quatro corpos de ref\u00e9ns, incluindo os da israelense Shiri Bibas, de origem argentina, e seus dois filhos, Ariel e Kfir, de dois e cinco anos, respectivamente. Os quatro corpos que ainda faltam da primeira fase ser\u00e3o devolvidos na pr\u00f3xima semana.\n<\/p>\n<p>O grupo isl\u00e2mico alega que os ref\u00e9ns foram mortos em um ataque das For\u00e7as de Defesa de Israel (FDI) em Gaza. O pai das crian\u00e7as, o israelense Yarden Bibas, foi libertado com vida em 1\u00ba de fevereiro, ap\u00f3s 16 meses de cativeiro.\n<\/p>\n<p>Se a primeira fase da tr\u00e9gua for conclu\u00edda com sucesso, 33 ref\u00e9ns ter\u00e3o sido libertados, incluindo 19 que j\u00e1 sa\u00edram, em troca de cerca de 1.900 prisioneiros palestinos.\n<\/p>\n<p>Na segunda fase, seriam devolvidos 59 ref\u00e9ns que continuam no territ\u00f3rio palestino, dos quais pelo menos 35 est\u00e3o mortos, de acordo com as FDI.\n<\/p>\n<p>O Hamas, que \u00e9 apoiado por outros grupos armados palestinos, assinou um acordo de cessar-fogo com Israel, que entrou em vigor em 19 de janeiro e inclui a troca de ref\u00e9ns por prisioneiros palestinos.\n<\/p>\n<p>Fonte: Pleno News              <\/p>\n<\/div>\n<p><br \/>\n<br \/><a href=\"https:\/\/diariodobrasilnoticias.com.br\/noticia\/na-segunda-fase-do-acordo-o-hamas-se-oferece-para-libertar-todos-os-refens-67b51bf11b0e2\">Source link <\/a><\/p>","protected":false},"excerpt":{"rendered":"<p>O grupo terrorista Hamas disse nesta ter\u00e7a-feira (18) que, ap\u00f3s a primeira fase do acordo de cessar-fogo com Israel na Faixa de Gaza, est\u00e1 pronto para libertar os demais ref\u00e9ns&hellip;<\/p>","protected":false},"author":1,"featured_media":104378,"comment_status":"closed","ping_status":"open","sticky":false,"template":"","format":"standard","meta":{"content-type":"","footnotes":""},"categories":[16],"tags":[123,2448,5313,1267],"class_list":["post-104377","post","type-post","status-publish","format-standard","has-post-thumbnail","hentry","category-noticias","tag-brasil","tag-diario","tag-noticia","tag-noticias"],"_links":{"self":[{"href":"https:\/\/tvbrazilusa.com\/pt\/wp-json\/wp\/v2\/posts\/104377","targetHints":{"allow":["GET"]}}],"collection":[{"href":"https:\/\/tvbrazilusa.com\/pt\/wp-json\/wp\/v2\/posts"}],"about":[{"href":"https:\/\/tvbrazilusa.com\/pt\/wp-json\/wp\/v2\/types\/post"}],"author":[{"embeddable":true,"href":"https:\/\/tvbrazilusa.com\/pt\/wp-json\/wp\/v2\/users\/1"}],"replies":[{"embeddable":true,"href":"https:\/\/tvbrazilusa.com\/pt\/wp-json\/wp\/v2\/comments?post=104377"}],"version-history":[{"count":1,"href":"https:\/\/tvbrazilusa.com\/pt\/wp-json\/wp\/v2\/posts\/104377\/revisions"}],"predecessor-version":[{"id":104379,"href":"https:\/\/tvbrazilusa.com\/pt\/wp-json\/wp\/v2\/posts\/104377\/revisions\/104379"}],"wp:featuredmedia":[{"embeddable":true,"href":"https:\/\/tvbrazilusa.com\/pt\/wp-json\/wp\/v2\/media\/104378"}],"wp:attachment":[{"href":"https:\/\/tvbrazilusa.com\/pt\/wp-json\/wp\/v2\/media?parent=104377"}],"wp:term":[{"taxonomy":"category","embeddable":true,"href":"https:\/\/tvbrazilusa.com\/pt\/wp-json\/wp\/v2\/categories?post=104377"},{"taxonomy":"post_tag","embeddable":true,"href":"https:\/\/tvbrazilusa.com\/pt\/wp-json\/wp\/v2\/tags?post=104377"}],"curies":[{"name":"wp","href":"https:\/\/api.w.org\/{rel}","templated":true}]}}