{"id":104427,"date":"2025-02-19T11:34:21","date_gmt":"2025-02-19T11:34:21","guid":{"rendered":"https:\/\/tvbrazilusa.com\/2025\/02\/19\/defesa-de-jair-bolsonaro-classifica-denuncia-da-pgr-como-inepta-e-precaria\/"},"modified":"2025-02-19T11:34:23","modified_gmt":"2025-02-19T11:34:23","slug":"defesa-de-jair-bolsonaro-classifica-denuncia-da-pgr-como-inepta-e-precaria","status":"publish","type":"post","link":"https:\/\/tvbrazilusa.com\/pt\/2025\/02\/19\/defesa-de-jair-bolsonaro-classifica-denuncia-da-pgr-como-inepta-e-precaria\/","title":{"rendered":"Defesa de Jair Bolsonaro classifica den\u00fancia da PGR como &#8216;inepta&#8217; e &#8216;prec\u00e1ria&#8217;"},"content":{"rendered":"<p> <script async src=\"https:\/\/pagead2.googlesyndication.com\/pagead\/js\/adsbygoogle.js?client=ca-pub-8864793242727901\"\r\n     crossorigin=\"anonymous\"><\/script><br \/>\n<\/p>\n<div id=\"taboola-read-more\" style=\"display:block; width:100%\">\n<p>A defesa de Jair Bolsonaro classificou como \u2018inepta\u2019 a den\u00fancia feita pelo procurador-geral da Rep\u00fablica, Paulo Gonet, sobre a trama golpista de 2022. Como mostramos, a PGR pede ao Supremo Tribunal Federal que o ex-presidente seja condenado por crimes como golpe de Estado, tentativa de aboli\u00e7\u00e3o violenta do Estado Democr\u00e1tico de Direito e organiza\u00e7\u00e3o criminosa.\n<\/p>\n<p>O material foi remetido ao ministro do STF Alexandre de Moraes.<\/p>\n<p>&#8220;A defesa do Presidente Jair Bolsonaro recebe com estarrecimento e indigna\u00e7\u00e3o a den\u00fancia da Procuradoria-Geral da Rep\u00fablica, divulgada hoje pela m\u00eddia, por uma suposta participa\u00e7\u00e3o num alegado golpe de Estado. O Presidente jamais compactuou com qualquer movimento que visasse a desconstru\u00e7\u00e3o do Estado Democr\u00e1tico de Direito ou as institui\u00e7\u00f5es que o pavimentam\u201d, afirmaram os advogados de Bolsonaro.\n<\/p>\n<p>\u201cA inepta den\u00fancia chega ao c\u00famulo de lhe atribuir participa\u00e7\u00e3o em planos contradit\u00f3rios entre si e baseada numa \u00fanica dela\u00e7\u00e3o premiada, diversas vezes alteradas, por um delator que questiona a sua pr\u00f3pria voluntariedade. N\u00e3o por acaso ele mudou sua vers\u00e3o por in\u00fameras vezes para construir uma narrativa fantasiosa\u201d, prosseguem os defensores do ex-presidente.\n<\/p>\n<p>\u201cJamais [Bolsonaro] compactuou com qualquer movimento que visasse a desconstru\u00e7\u00e3o do Estado Democr\u00e1tico de Direito ou as institui\u00e7\u00f5es que o pavimentam\u201d, avaliam os advogados, que v\u00e3o al\u00e9m: \u201cA den\u00fancia n\u00e3o prevalecer\u00e1 por sua precariedade, incoer\u00eancia e aus\u00eancia de fatos ver\u00eddicos que a sustentem perante o Judici\u00e1rio\u201d\n<\/p>\n<p>Bolsonaro disse que n\u00e3o estava preocupado com den\u00fancia<br \/>Na tarde desta ter\u00e7a-feira, ap\u00f3s almo\u00e7o no Senado com parlamentares de oposi\u00e7\u00e3o ao governo Lula, o ex-presidente Jair Bolsonaro disse que tinha \u2018zero preocupa\u00e7\u00e3o\u2019 em rela\u00e7\u00e3o \u00e0 den\u00fancia de Gonet.\n<\/p>\n<p>\u201cN\u00e3o tenho nenhuma preocupa\u00e7\u00e3o quanto \u00e0s acusa\u00e7\u00f5es, zero\u201d, disse Bolsonaro ao ser questionado por jornalistas sobre a pe\u00e7a da PGR.\n<\/p>\n<p>\u201cEstou aguardando chegar [a den\u00fancia]. Espero que agora eu possa ter acesso aos autos. Voc\u00ea j\u00e1 viu a minuta de golpe, por acaso? N\u00e3o viu. Eu tamb\u00e9m n\u00e3o vi. J\u00e1 viu a dela\u00e7\u00e3o do [Mauro] Cid? Voc\u00ea n\u00e3o viu. Estou aguardando\u201d, disse ele.\n<\/p>\n<p>Na den\u00fancia, o procurador-geral da Rep\u00fablica reiterou a vis\u00e3o da Pol\u00edcia Federal sobre os epis\u00f3dios p\u00f3s-elei\u00e7\u00f5es de 2022. Assim, Gonet apontou Bolsonaro como o mentor intelectual do plano para permanecer no poder.\n<\/p>\n<p>Na den\u00fancia apresentada pela PF, o \u00f3rg\u00e3o afirmou que o ex-presidente \u201cplanejou, atuou e teve o dom\u00ednio de forma direta e efetiva dos atos execut\u00f3rios realizados pela organiza\u00e7\u00e3o criminosa que objetivava a concretiza\u00e7\u00e3o de um Golpe de Estado\u201d.\n<\/p>\n<p>\u201cOs elementos de prova obtidos ao longo da investiga\u00e7\u00e3o demonstram de forma inequ\u00edvoca que o ent\u00e3o presidente da Rep\u00fablica, JAIR MESSIAS BOLSONARO, planejou, atuou e teve o dom\u00ednio de forma direta e efetiva dos atos execut\u00f3rios realizados pela organiza\u00e7\u00e3o criminosa que objetivava a concretiza\u00e7\u00e3o de um Golpe de Estado e da Aboli\u00e7\u00e3o do Estado Democr\u00e1tico de Direito, fato que n\u00e3o se consumou em raz\u00e3o de circunst\u00e2ncias alheias \u00e0 sua vontade\u201d, disse a PF no parecer sobre o indiciamento de Bolsonaro.<\/p>\n<p>Fonte: O antagonista              <\/p>\n<\/div>\n<p><br \/>\n<br \/><a href=\"https:\/\/diariodobrasilnoticias.com.br\/noticia\/defesa-de-jair-bolsonaro-classifica-denuncia-da-pgr-como-inepta-e-precaria-67b5b2719f3e5\">Source link <\/a><\/p>","protected":false},"excerpt":{"rendered":"<p>A defesa de Jair Bolsonaro classificou como \u2018inepta\u2019 a den\u00fancia feita pelo procurador-geral da Rep\u00fablica, Paulo Gonet, sobre a trama golpista de 2022. Como mostramos, a PGR pede ao Supremo&hellip;<\/p>","protected":false},"author":1,"featured_media":104428,"comment_status":"closed","ping_status":"open","sticky":false,"template":"","format":"standard","meta":{"content-type":"","footnotes":""},"categories":[16],"tags":[123,2448,5313,1267],"class_list":["post-104427","post","type-post","status-publish","format-standard","has-post-thumbnail","hentry","category-noticias","tag-brasil","tag-diario","tag-noticia","tag-noticias"],"_links":{"self":[{"href":"https:\/\/tvbrazilusa.com\/pt\/wp-json\/wp\/v2\/posts\/104427","targetHints":{"allow":["GET"]}}],"collection":[{"href":"https:\/\/tvbrazilusa.com\/pt\/wp-json\/wp\/v2\/posts"}],"about":[{"href":"https:\/\/tvbrazilusa.com\/pt\/wp-json\/wp\/v2\/types\/post"}],"author":[{"embeddable":true,"href":"https:\/\/tvbrazilusa.com\/pt\/wp-json\/wp\/v2\/users\/1"}],"replies":[{"embeddable":true,"href":"https:\/\/tvbrazilusa.com\/pt\/wp-json\/wp\/v2\/comments?post=104427"}],"version-history":[{"count":1,"href":"https:\/\/tvbrazilusa.com\/pt\/wp-json\/wp\/v2\/posts\/104427\/revisions"}],"predecessor-version":[{"id":104429,"href":"https:\/\/tvbrazilusa.com\/pt\/wp-json\/wp\/v2\/posts\/104427\/revisions\/104429"}],"wp:featuredmedia":[{"embeddable":true,"href":"https:\/\/tvbrazilusa.com\/pt\/wp-json\/wp\/v2\/media\/104428"}],"wp:attachment":[{"href":"https:\/\/tvbrazilusa.com\/pt\/wp-json\/wp\/v2\/media?parent=104427"}],"wp:term":[{"taxonomy":"category","embeddable":true,"href":"https:\/\/tvbrazilusa.com\/pt\/wp-json\/wp\/v2\/categories?post=104427"},{"taxonomy":"post_tag","embeddable":true,"href":"https:\/\/tvbrazilusa.com\/pt\/wp-json\/wp\/v2\/tags?post=104427"}],"curies":[{"name":"wp","href":"https:\/\/api.w.org\/{rel}","templated":true}]}}