{"id":104430,"date":"2025-02-19T11:47:21","date_gmt":"2025-02-19T11:47:21","guid":{"rendered":"https:\/\/tvbrazilusa.com\/2025\/02\/19\/pgr-apresenta-denuncia-contra-24-militares-entre-eles-generais-e-um-almirante\/"},"modified":"2025-02-19T11:47:23","modified_gmt":"2025-02-19T11:47:23","slug":"pgr-apresenta-denuncia-contra-24-militares-entre-eles-generais-e-um-almirante","status":"publish","type":"post","link":"https:\/\/tvbrazilusa.com\/pt\/2025\/02\/19\/pgr-apresenta-denuncia-contra-24-militares-entre-eles-generais-e-um-almirante\/","title":{"rendered":"PGR apresenta den\u00fancia contra 24 militares, entre eles generais e um almirante"},"content":{"rendered":"<p> <script async src=\"https:\/\/pagead2.googlesyndication.com\/pagead\/js\/adsbygoogle.js?client=ca-pub-8864793242727901\"\r\n     crossorigin=\"anonymous\"><\/script><br \/>\n<\/p>\n<div id=\"taboola-read-more\" style=\"display:block; width:100%\">\n<p>Dos 34 denunciados pela Procuradoria-Geral da Rep\u00fablica (PGR), nesta ter\u00e7a-feira (18), por suposta tentativa de golpe de Estado, 24 s\u00e3o militares das For\u00e7as Armadas.\n<\/p>\n<div id=\"mid2\" class=\"custom__ad__element\" data-google-query-id=\"CIDSooTFz4sDFWlK3QIde_AikA\">\n<p>Entre eles est\u00e3o seis generais e um almirante. A For\u00e7a A\u00e9rea Brasileira (FAB) \u00e9 a \u00fanica que n\u00e3o teve nomes mencionados no documento.<\/p>\n<h2>Veja a lista de militares denunciados:<\/h2>\n<ul>\n<li><strong>Ailton Gon\u00e7alves Moraes Barros:<\/strong>\u00a0ex-candidato a deputado estadual pelo PL no Rio de Janeiro em 2022 e major reformado do Ex\u00e9rcito. Durante a campanha eleitoral de 2022, Barros se intitulava como o \u201c01 de Jair Messias Bolsonaro\u201d. Foi preso na opera\u00e7\u00e3o que apurava as fraudes no cart\u00e3o de vacina\u00e7\u00e3o do ex-presidente.<\/li>\n<li><strong>Almir Garnier:<\/strong>\u00a0almirante de esquadra que comandou a Marinha no governo de Bolsonaro. Foi um dos signat\u00e1rios da nota em defesa dos acampamentos em frente a quarteis do Ex\u00e9rcito depois da derrota de Bolsonaro nas elei\u00e7\u00f5es. Foi citado na dela\u00e7\u00e3o premiada de Mauro Cid como tendo disposi\u00e7\u00e3o para participar de um golpe de Estado.<\/li>\n<li><strong>Angelo Martins Denicoli:<\/strong>\u00a0major da reserva do Ex\u00e9rcito. Durante o governo Bolsonaro, foi nomeado diretor de monitoramento e avalia\u00e7\u00e3o do Sistema \u00danico de Sa\u00fade (SUS), quando publicou informa\u00e7\u00f5es falsas sobre o uso do medicamento hidroxicloroquina para o tratamento de Covid-19. Foi alvo da opera\u00e7\u00e3o Tempus Veritatis, que apurava uma suposta tentativa de golpe por parte de Bolsonaro e de seus aliados.<\/li>\n<li><strong>Augusto Heleno:<\/strong>\u00a0o general foi ministro do Gabinete de Seguran\u00e7a Institucional (GSI) de Jair Bolsonaro. Foi capit\u00e3o do Ex\u00e9rcito brasileiro durante a ditadura militar e j\u00e1 defendeu o golpe de 1964 publicamente. O grupo que organizava uma trama golpista pretendia criar um \u201cgabinete de gest\u00e3o de crise\u201d comandado por Heleno.<\/li>\n<li><strong>Corr\u00eaa Netto:<\/strong>\u00a0coronel preso na opera\u00e7\u00e3o Tempus Veritatis, da PF. \u00c9 acusado de integrar um grupo que incitava militares a aderirem a um plano de interven\u00e7\u00e3o militar para impedir a posse de Luiz In\u00e1cio Lula da Silva. Obteve liberdade provis\u00f3ria depois de depor sobre um suposto plano de golpe de Estado e colaborar com a investiga\u00e7\u00e3o.<\/li>\n<li><strong>Cleverson Ney:<\/strong>\u00a0coronel da reserva e ex-oficial do Comando de Opera\u00e7\u00f5es Terrestres. Tamb\u00e9m foi alvo da opera\u00e7\u00e3o Tempus Veritatis.<\/li>\n<li><strong>Estevam Theophilo:<\/strong>\u00a0general e ex-chefe do Comando de Opera\u00e7\u00f5es Terrestres. Tamb\u00e9m cabia a ele o comando do Comando de Opera\u00e7\u00f5es Especiais, conhecidos como \u201ckids pretos\u201d. O grupo foi alvo de uma nova opera\u00e7\u00e3o da PF por um plano golpista que pretendia matar o presidente Lula, o vice-presidente Geraldo Alckmin (PSB) e o ministro Alexandre de Moraes, do Supremo Tribunal Federal (STF). O general foi alvo da opera\u00e7\u00e3o Tempus Veritatis. \u00c9 suspeito de oferecer tropas a Bolsonaro em apoio a um golpe de Estado.<\/li>\n<li><strong>Fabr\u00edcio Moreira de Bastos:<\/strong>\u00a0bacharel em Ci\u00eancias Militares pela Academia Militar das Agulhas Negras. \u00c9 coronel e foi adido do Ex\u00e9rcito em Tel Aviv, capital de Israel.<\/li>\n<li><strong>Giancarlo Gomes Rodrigues:<\/strong>\u00a0subtenente do Ex\u00e9rcito. Foi alvo da opera\u00e7\u00e3o da PF que investigou o caso da \u201cAbin paralela\u201d. \u00c9 suspeito de ter monitorado o advogado Roberto Bertholdo sem autoriza\u00e7\u00e3o judicial. Bertholdo seria pr\u00f3ximo de Rodrigo Maia e Joice Hasselmann, advers\u00e1rios de Bolsonaro.<\/li>\n<li><strong>Guilherme Marques de Almeida:<\/strong>\u00a0o tenente-coronel comandou o comando do 1\u00ba Batalh\u00e3o de Opera\u00e7\u00f5es Psicol\u00f3gicas em Goi\u00e2nia (GO). Foi alvo da opera\u00e7\u00e3o Tempus Veritatis. Ficou conhecido depois de desmaiar e ter que ser socorrido depois de os agentes da Pol\u00edcia Federal baterem \u00e0 sua porta.<\/li>\n<li><strong>H\u00e9lio Ferreira Lima:<\/strong>\u00a0tenente-coronel da ativa do Ex\u00e9rcito. Ele foi exonerado do cargo de comandante da 3\u00aa Companhia de For\u00e7as Especiais, em Manaus, em fevereiro de 2024, ap\u00f3s ter sido alvo de uma opera\u00e7\u00e3o da PF que apurou reuni\u00f5es de teor golpista entre militares ap\u00f3s a derrota de Bolsonaro na elei\u00e7\u00e3o.<\/li>\n<li><strong>Jair Messias Bolsonaro:<\/strong>\u00a0ex-presidente da Rep\u00fablica e militar da reserva do Ex\u00e9rcito, segundo inqu\u00e9rito da Pol\u00edcia Federal, o ex-chefe do Executivo tinha \u201cpleno conhecimento\u201d do plano golpista de matar o presidente Lula, o vice-presidente Alckmin e o ministro Alexandre de Moraes.<\/li>\n<li><strong>Marcelo Costa C\u00e2mara:<\/strong>\u00a0coronel do Ex\u00e9rcito. Exerceu o cargo de assessor especial da Presid\u00eancia da Rep\u00fablica, no gabinete pessoal de Jair Bolsonaro.<\/li>\n<li><strong>M\u00e1rcio Nunes de Resende Junior:<\/strong>\u00a0coronel do Ex\u00e9rcito.<\/li>\n<li><strong>M\u00e1rio Fernandes:<\/strong>\u00a0\u00e9 general da reserva do Ex\u00e9rcito. Foi chefe substituto da Secretaria Geral da Presid\u00eancia. Ele foi preso preventivamente, suspeito de arquitetar a morte do presidente Lula, do vice-presidente, Geraldo Alckmin (PSB), e do ministro Alexandre de Moraes, do Supremo Tribunal Federal. At\u00e9 mar\u00e7o do ano passado, Fernandes estava lotado como assessor do deputado federal Eduardo Pazuello (PL-RJ).<\/li>\n<li><strong>Mauro Cesar Barbosa Cid:<\/strong>\u00a0\u00e9 tenente-coronel do Ex\u00e9rcito. Foi ajudante de ordens do ex-presidente Jair Bolsonaro.<\/li>\n<li><strong>Nilton Diniz Rodrigues:<\/strong>\u00a0\u00e9 general do Ex\u00e9rcito. Na \u00e9poca da suposta tentativa de golpe, era o comandante do 1\u00ba Batalh\u00e3o de For\u00e7as Especiais e do Comando de Opera\u00e7\u00f5es Especiais, unidades militares localizadas em Goi\u00e2nia (GO).<\/li>\n<li><strong>Paulo S\u00e9rgio Nogueira de Oliveira:<\/strong>\u00a0\u00e9 general da reserva. Comandou o Ex\u00e9rcito e foi ministro da Defesa na gest\u00e3o de Jair Bolsonaro.<\/li>\n<li><strong>Rafael Martins de Oliveira:<\/strong>\u00a0tenente-coronel da ativa do Ex\u00e9rcito, ele era conhecido como \u201cJoe\u201d e tamb\u00e9m fazia parte do grupo de \u201ckids pretos\u201d, ap\u00f3s as elei\u00e7\u00f5es de 2022. Ele \u00e9 investigado por ter pedido orienta\u00e7\u00f5es quanto aos locais para realiza\u00e7\u00e3o das manifesta\u00e7\u00f5es ap\u00f3s a vit\u00f3ria de Lula.<\/li>\n<li><strong>Ronald Ferreira de Ara\u00fajo Junior:<\/strong>\u00a0tamb\u00e9m tenente-coronel do Ex\u00e9rcito \u00e9 acusado de participar de discuss\u00f5es sobre minuta golpista<\/li>\n<li><strong>S\u00e9rgio Ricardo Cavaliere de Medeiros:<\/strong>\u00a0\u00e9 tenente-coronel do Ex\u00e9rcito. Segundo a PF, ele integrava o \u2018n\u00facleo de desinforma\u00e7\u00e3o e ataques ao sistema eleitoral\u2019.<\/li>\n<li><strong>Reginaldo Vieira de Abreu:<\/strong>\u00a0coronel da reserva do Ex\u00e9rcito, ocupou o cargo de chefe de gabinete de Mario Fernandes, ent\u00e3o secret\u00e1rio-executivo da Secret\u00e1ria-geral da Presid\u00eancia da Rep\u00fablica. Para os investigadores, Reginaldo ajudou M\u00e1rio Fernandes a disseminar informa\u00e7\u00f5es falsas sobre o sistema eletr\u00f4nico de vota\u00e7\u00e3o do Brasil para \u201cimpedir a posse do governo legitimamente eleito\u201d. Al\u00e9m disso, ele foi acusado de ajudar Fernandes a \u201cmanipular\u201d um relat\u00f3rio de fiscaliza\u00e7\u00e3o das For\u00e7as Armadas sobre as elei\u00e7\u00f5es de 2022.<\/li>\n<li><strong>Rodrigo Bezerra Azevedo:<\/strong>\u00a0participou do monitoramento ilegal da rotina de Alexandre de Moraes. \u201cOs elementos de prova apresentados s\u00e3o convergentes para demonstrar a participa\u00e7\u00e3o de Rodrigo Bezerra Azevedo na a\u00e7\u00e3o clandestina do dia 15\/12\/2022, que tinha o objetivo de prender\/executar o ministro Alexandre de Moraes, integrando o n\u00facleo operacional para cumprimento de medidas coercitivas\u201d, concluiu a investiga\u00e7\u00e3o.<\/li>\n<li><strong>Walter Souza Braga Netto:<\/strong>\u00a0\u00e9 general da reserva do Ex\u00e9rcito. Foi ministro da Defesa e chefe da Casa Civil durante o governo de Jair Bolsonaro, de quem foi candidato a vice-presidente nas \u00faltimas elei\u00e7\u00f5es.<\/li>\n<\/ul>\n<p>Fonte: CNN Brasil\n<\/p>\n<\/div><\/div>\n<p><br \/>\n<br \/><a href=\"https:\/\/diariodobrasilnoticias.com.br\/noticia\/pgr-apresenta-denuncia-contra-24-militares-entre-eles-generais-e-um-almirante-67b5b41bae40a\">Source link <\/a><\/p>","protected":false},"excerpt":{"rendered":"<p>Dos 34 denunciados pela Procuradoria-Geral da Rep\u00fablica (PGR), nesta ter\u00e7a-feira (18), por suposta tentativa de golpe de Estado, 24 s\u00e3o militares das For\u00e7as Armadas. Entre eles est\u00e3o seis generais e&hellip;<\/p>","protected":false},"author":1,"featured_media":104431,"comment_status":"closed","ping_status":"open","sticky":false,"template":"","format":"standard","meta":{"content-type":"","footnotes":""},"categories":[16],"tags":[123,2448,5313,1267],"class_list":["post-104430","post","type-post","status-publish","format-standard","has-post-thumbnail","hentry","category-noticias","tag-brasil","tag-diario","tag-noticia","tag-noticias"],"_links":{"self":[{"href":"https:\/\/tvbrazilusa.com\/pt\/wp-json\/wp\/v2\/posts\/104430","targetHints":{"allow":["GET"]}}],"collection":[{"href":"https:\/\/tvbrazilusa.com\/pt\/wp-json\/wp\/v2\/posts"}],"about":[{"href":"https:\/\/tvbrazilusa.com\/pt\/wp-json\/wp\/v2\/types\/post"}],"author":[{"embeddable":true,"href":"https:\/\/tvbrazilusa.com\/pt\/wp-json\/wp\/v2\/users\/1"}],"replies":[{"embeddable":true,"href":"https:\/\/tvbrazilusa.com\/pt\/wp-json\/wp\/v2\/comments?post=104430"}],"version-history":[{"count":1,"href":"https:\/\/tvbrazilusa.com\/pt\/wp-json\/wp\/v2\/posts\/104430\/revisions"}],"predecessor-version":[{"id":104432,"href":"https:\/\/tvbrazilusa.com\/pt\/wp-json\/wp\/v2\/posts\/104430\/revisions\/104432"}],"wp:featuredmedia":[{"embeddable":true,"href":"https:\/\/tvbrazilusa.com\/pt\/wp-json\/wp\/v2\/media\/104431"}],"wp:attachment":[{"href":"https:\/\/tvbrazilusa.com\/pt\/wp-json\/wp\/v2\/media?parent=104430"}],"wp:term":[{"taxonomy":"category","embeddable":true,"href":"https:\/\/tvbrazilusa.com\/pt\/wp-json\/wp\/v2\/categories?post=104430"},{"taxonomy":"post_tag","embeddable":true,"href":"https:\/\/tvbrazilusa.com\/pt\/wp-json\/wp\/v2\/tags?post=104430"}],"curies":[{"name":"wp","href":"https:\/\/api.w.org\/{rel}","templated":true}]}}