{"id":104446,"date":"2025-02-19T15:06:30","date_gmt":"2025-02-19T15:06:30","guid":{"rendered":"https:\/\/tvbrazilusa.com\/2025\/02\/19\/impeachment-contra-lula-deixa-de-ser-foco-de-atos-de-16-de-marco\/"},"modified":"2025-02-19T15:06:35","modified_gmt":"2025-02-19T15:06:35","slug":"impeachment-contra-lula-deixa-de-ser-foco-de-atos-de-16-de-marco","status":"publish","type":"post","link":"https:\/\/tvbrazilusa.com\/pt\/2025\/02\/19\/impeachment-contra-lula-deixa-de-ser-foco-de-atos-de-16-de-marco\/","title":{"rendered":"Impeachment contra Lula deixa de ser foco de atos de 16 de mar\u00e7o"},"content":{"rendered":"<p> <script async src=\"https:\/\/pagead2.googlesyndication.com\/pagead\/js\/adsbygoogle.js?client=ca-pub-8864793242727901\"\r\n     crossorigin=\"anonymous\"><\/script><br \/>\n<\/p>\n<div id=\"taboola-read-more\" style=\"display:block; width:100%\">\n<p>O pedido de impeachment contra o presidente Luiz In\u00e1cio Lula da Silva (PT) deixou de ser o foco dos protestos marcados para 16 de mar\u00e7o, segundo apurou o Poder360 com deputados do PL. O novo tom dos atos foi apresentado pelo ex-presidente Jair Bolsonaro (PL) em v\u00eddeo divulgado nas redes sociais.\n<\/p>\n<p>Bolsonaro disse que a pauta dos atos ser\u00e1 o \u201cFora Lula 2026\u201d, a aprova\u00e7\u00e3o do PL da anistia na C\u00e2mara, defesa da liberdade de express\u00e3o, aumento da seguran\u00e7a e redu\u00e7\u00e3o do custo de vida. Os integrantes da Casa Baixa apoiam o ex-presidente.<\/p>\n<p>Antes, congressistas da direita convocaram seus apoiadores para irem \u00e0s ruas pedir o impeachment de Lula por conta das supostas pedaladas fiscais no Programa P\u00e9-de-Meia. O senador Fl\u00e1vio Bolsonaro (PL-RJ), filho do ex-presidente, foi um dos que estavam pedindo que as pessoas fossem aos protestos pedirem o impeachment de Lula.\n<\/p>\n<p>O l\u00edder da oposi\u00e7\u00e3o na C\u00e2mara, o deputado Zucco (PL-RS), afirmou ao Poder360 que a sa\u00edda de Lula da Presid\u00eancia sempre ser\u00e1 pauta de sua sigla na C\u00e2mara, mas, segundo ele, o PL da anistia est\u00e1 mais \u201cmaduro\u201d.\n<\/p>\n<p>Bolsonaro participar\u00e1 do ato de 16 de mar\u00e7o em Copacabana, no Rio de Janeiro, ao lado do pastor Silas Malafaia e outros l\u00edderes.\n<\/p>\n<p>O ex-mandat\u00e1rio tamb\u00e9m orientou os apoiadores que desejam participar das manifesta\u00e7\u00f5es em outras cidades a entrarem em contato com os organizadores locais para se informarem sobre as pautas espec\u00edficas de cada regi\u00e3o.\n<\/p>\n<p>Al\u00e9m de Bolsonaro, outros pol\u00edticos da oposi\u00e7\u00e3o, como o deputado federal Nikolas Ferreira (PL-MG), j\u00e1 se manifestaram nas redes sociais convocando a popula\u00e7\u00e3o para os atos. \u201c16\/03 \u2013 e se a gente na rua para tirar o Lula?\u201d, disse em 24 de janeiro.\n<\/p>\n<\/p>\n<p><strong>Poder 360<\/strong>              <\/p>\n<\/div>\n<p><br \/>\n<br \/><a href=\"https:\/\/diariodobrasilnoticias.com.br\/noticia\/impeachment-contra-lula-deixa-de-ser-foco-de-atos-de-16-de-marco-67b5d35ab676a\">Source link <\/a><\/p>","protected":false},"excerpt":{"rendered":"<p>O pedido de impeachment contra o presidente Luiz In\u00e1cio Lula da Silva (PT) deixou de ser o foco dos protestos marcados para 16 de mar\u00e7o, segundo apurou o Poder360 com&hellip;<\/p>","protected":false},"author":1,"featured_media":104447,"comment_status":"closed","ping_status":"open","sticky":false,"template":"","format":"standard","meta":{"content-type":"","footnotes":""},"categories":[16],"tags":[123,2448,5313,1267],"class_list":["post-104446","post","type-post","status-publish","format-standard","has-post-thumbnail","hentry","category-noticias","tag-brasil","tag-diario","tag-noticia","tag-noticias"],"_links":{"self":[{"href":"https:\/\/tvbrazilusa.com\/pt\/wp-json\/wp\/v2\/posts\/104446","targetHints":{"allow":["GET"]}}],"collection":[{"href":"https:\/\/tvbrazilusa.com\/pt\/wp-json\/wp\/v2\/posts"}],"about":[{"href":"https:\/\/tvbrazilusa.com\/pt\/wp-json\/wp\/v2\/types\/post"}],"author":[{"embeddable":true,"href":"https:\/\/tvbrazilusa.com\/pt\/wp-json\/wp\/v2\/users\/1"}],"replies":[{"embeddable":true,"href":"https:\/\/tvbrazilusa.com\/pt\/wp-json\/wp\/v2\/comments?post=104446"}],"version-history":[{"count":1,"href":"https:\/\/tvbrazilusa.com\/pt\/wp-json\/wp\/v2\/posts\/104446\/revisions"}],"predecessor-version":[{"id":104448,"href":"https:\/\/tvbrazilusa.com\/pt\/wp-json\/wp\/v2\/posts\/104446\/revisions\/104448"}],"wp:featuredmedia":[{"embeddable":true,"href":"https:\/\/tvbrazilusa.com\/pt\/wp-json\/wp\/v2\/media\/104447"}],"wp:attachment":[{"href":"https:\/\/tvbrazilusa.com\/pt\/wp-json\/wp\/v2\/media?parent=104446"}],"wp:term":[{"taxonomy":"category","embeddable":true,"href":"https:\/\/tvbrazilusa.com\/pt\/wp-json\/wp\/v2\/categories?post=104446"},{"taxonomy":"post_tag","embeddable":true,"href":"https:\/\/tvbrazilusa.com\/pt\/wp-json\/wp\/v2\/tags?post=104446"}],"curies":[{"name":"wp","href":"https:\/\/api.w.org\/{rel}","templated":true}]}}