{"id":104490,"date":"2025-02-19T16:45:03","date_gmt":"2025-02-19T16:45:03","guid":{"rendered":"https:\/\/tvbrazilusa.com\/2025\/02\/19\/familia-de-mulher-desaparecida-de-nj-nao-a-ve-desde-agosto-diz-a-policia\/"},"modified":"2025-02-19T16:50:19","modified_gmt":"2025-02-19T16:50:19","slug":"familia-de-mulher-desaparecida-de-nj-nao-a-ve-desde-agosto-diz-a-policia","status":"publish","type":"post","link":"https:\/\/tvbrazilusa.com\/pt\/2025\/02\/19\/familia-de-mulher-desaparecida-de-nj-nao-a-ve-desde-agosto-diz-a-policia\/","title":{"rendered":"Fam\u00edlia de mulher desaparecida de NJ n\u00e3o a v\u00ea desde agosto, diz a pol\u00edcia"},"content":{"rendered":"<script async src=\"https:\/\/pagead2.googlesyndication.com\/pagead\/js\/adsbygoogle.js?client=ca-pub-8864793242727901\"\r\n     crossorigin=\"anonymous\"><\/script>\n<div>\n<p class=\"article__paragraph article__paragraph--left\" id=\"KP5LIGOIRNGTXKULTFPUSFIQTY\">A pol\u00edcia do condado de Gloucester est\u00e1 pedindo a ajuda do p\u00fablico para localizar uma mulher relatando desaparecida por sua fam\u00edlia.<\/p>\n<p class=\"article__paragraph article__paragraph--left\" id=\"MFCY6FOYTFGZ7OAO473RTDKH4E\">A fam\u00edlia de Katherine O&#8217;Donnell disse que n\u00e3o a v\u00ea desde agosto, <a href=\"https:\/\/www.facebook.com\/profile.php?id=100064277276077\" target=\"_blank\" rel=\"\" title=\"https:\/\/www.facebook.com\/profile.php?id=100064277276077\">De acordo com a pol\u00edcia de Washington Township<\/a>.<\/p>\n<p class=\"article__paragraph article__paragraph--left\" id=\"TEBX5KOYBBBULABNSTQJYSEJGU\">A fam\u00edlia entrou em contato com a pol\u00edcia nesta semana para denunci\u00e1 -la.<\/p>\n<p class=\"article__paragraph article__paragraph--left\" id=\"SYZOF6UBTZAMTDDSJLHZXYSVVU\">O&#8217;Donnell, 36, foi visto pela \u00faltima vez em Stratford, no condado de Camden e \u00e9 conhecido por frequentar Lindenwold e Filad\u00e9lfia, segundo a pol\u00edcia.<\/p>\n<p class=\"article__paragraph article__paragraph--left\" id=\"DWWUCTHK2VERNAAKVIIBD6RXOA\">A mulher desaparecida tem uma hist\u00f3ria de uso de narc\u00f3ticos, disse a pol\u00edcia.<\/p>\n<p class=\"article__paragraph article__paragraph--left\" id=\"KY3R6F2CWVGLRBES6CUP3SZLGU\">O&#8217;Donnell tem 1,80m de altura e tem cabelos castanhos com uma &#8220;faixa cinza distinta perto da linha do cabelo frontal&#8221;, segundo a pol\u00edcia.<\/p>\n<p class=\"article__paragraph article__paragraph--left\" id=\"DZSRBWVUKJGJ5OXRRVE5VM3BLA\">Qualquer pessoa com informa\u00e7\u00f5es \u00e9 solicitada a entrar em contato com o detetive da pol\u00edcia de Washington, Jason Sims, no n\u00famero 856-589-0330, ext. 1133, por celular em 609-820-3192 ou por e-mail <a href=\"https:\/\/jasims@pd.twp.washington.nj.us\" target=\"_blank\" rel=\"\" title=\"https:\/\/jasims@pd.twp.washington.nj.us\">jasims@pd.twp.washington.nj.us<\/a>. <\/p>\n<section class=\"Stories-By-Author-module_wrapper__ezbcK Stories-By-Author-module_nj__Ap1-Y\"\/>\n<p class=\"article__paragraph article__paragraph--left\" id=\"DBUUGXV2YVHNNGG6NZFDQXDSV4\"><i>Nosso jornalismo precisa do seu apoio. Por favor, assine hoje o nj.com.<\/i><\/p>\n<p class=\"article__paragraph article__paragraph--left\" id=\"2BC6YEZRTVDOHL2DYJA3KGAZOM\"><i>Matt Gray pode ser contatado em mgray@njadvancemedia.com.<\/i><\/p>\n<\/div>\n<p><br \/>\n<br \/><a href=\"https:\/\/www.nj.com\/gloucester-county\/2025\/02\/family-of-missing-nj-woman-hasnt-seen-her-since-august-police-say.html\">Source link <\/a><\/p>","protected":false},"excerpt":{"rendered":"<p>A pol\u00edcia do condado de Gloucester est\u00e1 pedindo a ajuda do p\u00fablico para localizar uma mulher relatando desaparecida por sua fam\u00edlia. A fam\u00edlia de Katherine O&#8217;Donnell disse que n\u00e3o a&hellip;<\/p>","protected":false},"author":1,"featured_media":104491,"comment_status":"closed","ping_status":"open","sticky":false,"template":"","format":"standard","meta":{"content-type":"","footnotes":""},"categories":[1],"tags":[],"class_list":["post-104490","post","type-post","status-publish","format-standard","has-post-thumbnail","hentry","category-uncategorized"],"_links":{"self":[{"href":"https:\/\/tvbrazilusa.com\/pt\/wp-json\/wp\/v2\/posts\/104490","targetHints":{"allow":["GET"]}}],"collection":[{"href":"https:\/\/tvbrazilusa.com\/pt\/wp-json\/wp\/v2\/posts"}],"about":[{"href":"https:\/\/tvbrazilusa.com\/pt\/wp-json\/wp\/v2\/types\/post"}],"author":[{"embeddable":true,"href":"https:\/\/tvbrazilusa.com\/pt\/wp-json\/wp\/v2\/users\/1"}],"replies":[{"embeddable":true,"href":"https:\/\/tvbrazilusa.com\/pt\/wp-json\/wp\/v2\/comments?post=104490"}],"version-history":[{"count":1,"href":"https:\/\/tvbrazilusa.com\/pt\/wp-json\/wp\/v2\/posts\/104490\/revisions"}],"predecessor-version":[{"id":104492,"href":"https:\/\/tvbrazilusa.com\/pt\/wp-json\/wp\/v2\/posts\/104490\/revisions\/104492"}],"wp:featuredmedia":[{"embeddable":true,"href":"https:\/\/tvbrazilusa.com\/pt\/wp-json\/wp\/v2\/media\/104491"}],"wp:attachment":[{"href":"https:\/\/tvbrazilusa.com\/pt\/wp-json\/wp\/v2\/media?parent=104490"}],"wp:term":[{"taxonomy":"category","embeddable":true,"href":"https:\/\/tvbrazilusa.com\/pt\/wp-json\/wp\/v2\/categories?post=104490"},{"taxonomy":"post_tag","embeddable":true,"href":"https:\/\/tvbrazilusa.com\/pt\/wp-json\/wp\/v2\/tags?post=104490"}],"curies":[{"name":"wp","href":"https:\/\/api.w.org\/{rel}","templated":true}]}}